{"id":10866,"date":"2020-06-20T16:25:44","date_gmt":"2020-06-20T16:25:44","guid":{"rendered":"https:\/\/ypjrojava.net\/?p=10866"},"modified":"2022-06-17T07:20:12","modified_gmt":"2022-06-17T07:20:12","slug":"ji-raya-gisti-ra-5","status":"publish","type":"post","link":"https:\/\/ypjrojava.net\/?p=10866","title":{"rendered":"Ji Raya Gi\u015ft\u00ee Ra"},"content":{"rendered":"<p>\u015eore\u015fa me \u015fore\u015fek\u00ee b\u00ea hempaye, bi ked \u00fb fedekartiyek mezin bi saya \u015feh\u00eedan \u00fb lehngan hatiye avakirin . Ev di teysandina berhema \u015fore\u015fa Rojavay\u00ea kurdistan\u00ea de gihi\u015fte l\u00fbtkeya xwe.Bi sedan r\u00ea heval\u00ean me ji buna azadiya gel\u00ea xwe bi hemu hewildana li ser axa p\u00eeroz can\u00ea xwe diyar\u00ee gel\u00ea xwe kirin \u00fb li ser v\u00ea ax\u00ea bi t\u00eep\u00ean z\u00ear\u00een carek din nav\u00ea xwe neq\u015fandin ji mirovahiy\u00ea re.Her d\u00eerokek wateya xwe bi afirandina \u00e7\u00eerok\u00ean \u015fervana mezin \u00fb n\u00ee\u015fan dide. Lewra eg\u00eedb\u00fby\u00een ten\u00ea li mirov\u00ean azad\u00ee xwaz \u00fb serbilind t\u00ea. Ev berxwedan\u00ee bi keda gel\u00ea me y\u00ea welat par\u00eaz \u00fb \u015fervan\u00ean ku b\u00fbne \u00e7ir\u00fbsk\u00ean rast ji \u015fore\u015fa mere .li ser Rojava \u00fb Bakur- Rojhilat\u00ea s\u00fbriye gelek \u00ear\u00ee\u015f\u00ean hovane \u00fb xedar hatin kirin. Ev \u00eari\u015fane di ser\u00ee de DAI\u015e&#8217; \u00fb Dewleta Tirk xwestin hemu deskeftiy\u00ean gel\u00ea me ku bi dest xistine bin p\u00eak bikin. Lewra bi leystok \u00fb bi kiryar\u00ean xwe \u00ean hovane hewil dan carek din d\u00eerok\u00ea tar\u00ee \u00fb r\u00fb re\u015f bikin. L\u00ea ev di hesab\u00ea wan de p\u00eak ne hat bi saya ke\u00e7 \u00fb xort\u00ean leheng ala serkeftin\u00ea bi dest\u00ea wan hata hildan li her cih\u00ea ku \u015fopa wan l\u00ea ket .<\/p>\n<p>Di sala 2015\u2019an de \u015fer\u00ea me gih\u00ee\u015ftib\u00fb lutkeya her\u00ee jor \u00fb \u015fer\u00ea me y\u00ea berxwedan\u00ea li her\u00eam\u00ean wek\u00ee Til Temir, Hol, Til Hem\u00ees \u00fb Hesek\u00ea de ku dihat me\u015fandin destan dihatin niv\u00eesandin, bi leheng\u00ee \u00fb fedakariya 10 r\u00eaheval\u00ean me b\u00fbn wes\u00eeleya ku \u015fore\u015fa me mezin bibe. Di nava van deh hevalan de 5\u2019 r\u00ea heval\u00ean me y\u00ea Jin ku b\u00fbne afir\u00eener\u00ea heq\u00eeqeta \u015fore\u015fa azadiy\u00ea. \u00a0Li ser v\u00ea bingeh\u00ea em nasnamey\u00ean 5 r\u00ea heval\u00ean xwe ku di sala 2015\u2019an de \u015feh\u00eed b\u00fbne, ji gel\u00ea xwe \u00fb raya gi\u015ft\u00ee re radigih\u00eenin.<\/p>\n<p><strong>Nasnameya r\u00eaheval\u00ean me y\u00ea \u015feh\u00eed wiha ne;<\/strong><\/p>\n<p>Nasnav: Rojda O\u011fur Kaymaz<\/p>\n<p><strong>Nav \u00fb Pa\u015fnav:<\/strong> Rojan Ceng\u00eez<\/p>\n<p><strong>Nav\u00ea Dayik\u00ea:<\/strong> \u015eemse<\/p>\n<p><strong>Nav\u00ea Bav:<\/strong> \u015e\u00eaxmus<\/p>\n<p><strong>Cih \u00fb D\u00eeroka \u015eehadet\u00ea:<\/strong> Til Temir Gund\u00ea Til Hefyan | 31 Adar 2015<\/p>\n<p>&nbsp;<\/p>\n<p><strong>Nasnav:<\/strong> Roj\u00een Gewda<\/p>\n<p><strong>Nav \u00fb Pa\u015fnav:<\/strong> Vah\u00eede Yecan<\/p>\n<p><strong>Nav\u00ea Dayik\u00ea:<\/strong> Misr\u00ee Nesr\u00een<\/p>\n<p><strong>Nav\u00ea Bav:<\/strong> Sadun<\/p>\n<p><strong>Cih \u00fb D\u00eeroka \u015eehadet\u00ea:<\/strong> Hesek\u00ea | 17 \u00c7ile 2015<\/p>\n<p>&nbsp;<\/p>\n<p>&nbsp;<\/p>\n<p><strong>Nasnav: <\/strong>R\u00fbken Serhed<\/p>\n<p><strong>Nav \u00fb Pa\u015fnav:<\/strong> Az\u00eeze Baltan<\/p>\n<p><strong>Nav\u00ea Dayik\u00ea:<\/strong> Kadriye<\/p>\n<p><strong>Nav\u00ea Bav:<\/strong> Hem\u00eed<\/p>\n<p><strong>Cih \u00fb D\u00eeroka \u015eehadet\u00ea:<\/strong> Qami\u015flo-Til Hem\u00ees | 26 Sibat 2015<\/p>\n<p>&nbsp;<\/p>\n<p><strong>Nasnav:<\/strong> \u015e\u00eemal Newroz<\/p>\n<p><strong>Nav \u00fb Pa\u015fnav:<\/strong> Mizg\u00een Can<\/p>\n<p><strong>Nav\u00ea Dayik\u00ea: <\/strong>Hezna<\/p>\n<p><strong>Nav\u00ea Bav:<\/strong> Dawid<\/p>\n<p><strong>Cih \u00fb D\u00eeroka \u015eehadet\u00ea:<\/strong> Til Temir | 25 Adar 2015<\/p>\n<p>&nbsp;<\/p>\n<p><strong>Nasnav:<\/strong> Toprak Karayazi<\/p>\n<p><strong>Nav \u00fb Pa\u015fnav:<\/strong> Zana Karaki\u015f<\/p>\n<p><strong>Nav\u00ea Dayik\u00ea:<\/strong> Nebahat<\/p>\n<p><strong>Nav\u00ea Bav:<\/strong> Mehmed Sey\u00eet<\/p>\n<p><strong>Cih \u00fb D\u00eeroka \u015eehadet\u00ea:<\/strong> Til Temir | 9 Adar 2015<\/p>\n<p>Em di \u015fexs\u00ea 5 r\u00eaheval\u00ean xwe de hem\u00fb \u015feh\u00eed\u00ean \u015fore\u015f\u00ea bi r\u00eazdar\u00ee \u00fb minet bib\u00eer t\u00eenin, ji malbata wan \u00fb gel\u00ea xwe re sersaxiy\u00ea dizwazin.<\/p>\n<p><strong>Navenda Ragihandin \u00fb \u00c7apemeniyaYPJ |<\/strong> 20 P\u00fb\u015fper 2020<\/p>\n<p>&nbsp;<\/p>\n<p>&nbsp;<\/p>\n<p>&nbsp;<\/p>\n","protected":false},"excerpt":{"rendered":"<p>\u015eore\u015fa me \u015fore\u015fek\u00ee b\u00ea hempaye, bi ked \u00fb fedekartiyek mezin bi saya \u015feh\u00eedan \u00fb lehngan hatiye avakirin . Ev di teysandina berhema \u015fore\u015fa Rojavay\u00ea kurdistan\u00ea de gihi\u015fte l\u00fbtkeya xwe.Bi sedan r\u00ea heval\u00ean me ji buna azadiya gel\u00ea xwe bi hemu hewildana li ser axa p\u00eeroz can\u00ea xwe diyar\u00ee gel\u00ea xwe kirin \u00fb li ser v\u00ea [&hellip;]<\/p>\n","protected":false},"author":1,"featured_media":12960,"comment_status":"closed","ping_status":"closed","sticky":false,"template":"","format":"standard","meta":{"footnotes":""},"categories":[39],"tags":[],"class_list":{"0":"post-10866","1":"post","2":"type-post","3":"status-publish","4":"format-standard","5":"has-post-thumbnail","7":"category-daxuyani"},"_links":{"self":[{"href":"https:\/\/ypjrojava.net\/index.php?rest_route=\/wp\/v2\/posts\/10866","targetHints":{"allow":["GET"]}}],"collection":[{"href":"https:\/\/ypjrojava.net\/index.php?rest_route=\/wp\/v2\/posts"}],"about":[{"href":"https:\/\/ypjrojava.net\/index.php?rest_route=\/wp\/v2\/types\/post"}],"author":[{"embeddable":true,"href":"https:\/\/ypjrojava.net\/index.php?rest_route=\/wp\/v2\/users\/1"}],"replies":[{"embeddable":true,"href":"https:\/\/ypjrojava.net\/index.php?rest_route=%2Fwp%2Fv2%2Fcomments&post=10866"}],"version-history":[{"count":3,"href":"https:\/\/ypjrojava.net\/index.php?rest_route=\/wp\/v2\/posts\/10866\/revisions"}],"predecessor-version":[{"id":12961,"href":"https:\/\/ypjrojava.net\/index.php?rest_route=\/wp\/v2\/posts\/10866\/revisions\/12961"}],"wp:featuredmedia":[{"embeddable":true,"href":"https:\/\/ypjrojava.net\/index.php?rest_route=\/wp\/v2\/media\/12960"}],"wp:attachment":[{"href":"https:\/\/ypjrojava.net\/index.php?rest_route=%2Fwp%2Fv2%2Fmedia&parent=10866"}],"wp:term":[{"taxonomy":"category","embeddable":true,"href":"https:\/\/ypjrojava.net\/index.php?rest_route=%2Fwp%2Fv2%2Fcategories&post=10866"},{"taxonomy":"post_tag","embeddable":true,"href":"https:\/\/ypjrojava.net\/index.php?rest_route=%2Fwp%2Fv2%2Ftags&post=10866"}],"curies":[{"name":"wp","href":"https:\/\/api.w.org\/{rel}","templated":true}]}}