{"id":10869,"date":"2020-06-20T16:52:59","date_gmt":"2020-06-20T16:52:59","guid":{"rendered":"https:\/\/ypjrojava.net\/?p=10869"},"modified":"2022-06-15T16:14:32","modified_gmt":"2022-06-15T16:14:32","slug":"soresa-me-soreseke-exlaqi-u-wijdani-ye","status":"publish","type":"post","link":"https:\/\/ypjrojava.net\/?p=10869","title":{"rendered":"\u015eore\u015fa me \u015fore\u015feke exlaq\u00ee \u00fb wijdan\u00ee ye"},"content":{"rendered":"<p>&nbsp;<\/p>\n<p>\u015eervan Z\u00eelan \u015eam di sala 2018&#8217;an de tev li nava ref\u00ean Yek\u00eeney\u00ean Parastina Jin (YPJ) dibe. Z\u00eelan \u015eam destn\u00ee\u015fan dike ku di destp\u00eaka \u015fore\u015fa S\u00fbriy\u00ea de bi malbat\u00ee gelek azar ki\u015fandine \u00fb pi\u015ft\u00ee ku ko\u00e7ber\u00ee Heleb\u00ea b\u00fbne, biryar daye ku tev li YPJ\u2019\u00ea bibe.<\/p>\n<p>Z\u00eelan \u015eam wiha behsa serp\u00eahatiya xwe ya tevl\u00eab\u00fbn\u00ea dike: \u201cSedema tevl\u00eab\u00fbna min; dema \u015fore\u015fa S\u00fbriy\u00ea dest p\u00ea kir, ji ber aloziy\u00ea ez \u00fb malbata xwe, em ne\u00e7ar man ku ko\u00e7ber\u00ee bajar\u00ea Heleb\u00ea bibin.\u00a0 Pi\u015ft\u00ee demek\u00ea em derbas\u00ee Minbic\u00ea b\u00fbn \u00fb li wir ez tev li YPJ\u2019\u00ea b\u00fbm. Dema ku min \u015fervan\u00ean YPJ&#8217;\u00ea d\u00eetin, hesteke cuda kete hundir\u00ea min \u00fb min xwest tev l\u00ea bibim. Lewre min nedizan\u00ee mirovek\u00ee wek\u00ee r\u00eaber Apo heye \u00fb v\u00ea \u015fore\u015f\u00ea bi r\u00ea ve dibe.\u201d<\/p>\n<p>Z\u00eelan \u015eam destn\u00ee\u015fn dike ku hedef \u00fb armanca w\u00ea ya yekm\u00een ew e ku tola \u015feh\u00eedan rake \u00fb wiha p\u00ea de di\u00e7e: \u201cL\u00ea dema ku ez hatim tev l\u00ea b\u00fbm, min gelek ti\u015ft\u00ean cuda d\u00eetin \u00fb f\u00ear b\u00fbm, wek\u00ee rastiya \u015fore\u015f\u00ea ku bi serk\u00ea\u015fiya jinan t\u00ea h\u00fbnandin. V\u00ea z\u00eade bala min ki\u015fand. Xwesteka min j\u00ee ev b\u00fb ku ez hem\u00fb jinan ji tar\u00eetiy\u00ea xilas bikim \u00fb r\u00eaber Apo rizgar bikim, ev ji bo min esasek e ku ez bibim xwediya van xal\u00ean gir\u00eeng.\u201d<\/p>\n<p>Z\u00eelan di berdewama axaftina xwe de bal\u00ea diki\u015f\u00eene ser dilsoziya xwe ya t\u00eako\u015f\u00een\u00ea \u00fb wiha berdewam dike: \u201cHer\u00ee z\u00eade ti\u015fta ku min b\u00eahtir dide gir\u00eadan, hevaltiya hevalan \u00fb jiyana YPJ&#8217;\u00ea ye ku bi yek ruh\u00ee di nava t\u00eako\u015f\u00een\u00ea de xwed\u00ee roleke esas\u00ee ne. Ev ruh\u00ea serkeft\u00ee dih\u00eale ku ez b\u00eahtir tev l\u00ea bibim \u00fb t\u00eako\u015f\u00eena xwe xurttir bikim. Ya ku min nas nedikir \u00fb min pa\u015f\u00ea nas kir, felsefeya ku edalet\u00ea di nava mirovahiy\u00ea de ji bo parastin \u00fb l\u00eager\u00eena heq\u00eeqet\u00ea, raman\u00ean r\u00eaber Apo ne.\u201d<\/p>\n<p>Z\u00eelan \u015eam di dawiya axaftina xwe de bang li jinan dike \u00fb wiha l\u00ea z\u00eade dike: \u201cBanga min ji bo hem\u00fb jinan \u00fb bi taybet jin\u00ean Ereb; werin tev li nava ref\u00ean YPJ&#8217;\u00ea bibin. Ji ber ev \u015fore\u015f, \u015fore\u015feke exlaq\u00ee \u00fb wijdan\u00ee ye. Pi\u015ft\u00ee ku ez tev l\u00ea b\u00fbm, min gelek rast\u00ee di vir de d\u00eetin \u00fb bi rastiyan re ez giha\u015ftim heq\u00eeqeta r\u00eaxistin\u00ea. Lewma her kes dikare were cih\u00ea xwe di nav de bigire \u00fb rastiya xwe di cewher\u00ea w\u00ea de p\u00eanase bike.\u201d<\/p>\n<p>&nbsp;<\/p>\n<p><img loading=\"lazy\" decoding=\"async\" class=\"alignnone size-medium wp-image-12495\" src=\"https:\/\/ypjrojava.net\/wp-content\/uploads\/2020\/06\/zilan-sam-herem-firat-rop-23-05-2020-5--300x200.jpg\" alt=\"\" width=\"300\" height=\"200\" srcset=\"https:\/\/ypjrojava.net\/wp-content\/uploads\/2020\/06\/zilan-sam-herem-firat-rop-23-05-2020-5--300x200.jpg 300w, https:\/\/ypjrojava.net\/wp-content\/uploads\/2020\/06\/zilan-sam-herem-firat-rop-23-05-2020-5--1024x683.jpg 1024w, https:\/\/ypjrojava.net\/wp-content\/uploads\/2020\/06\/zilan-sam-herem-firat-rop-23-05-2020-5--768x512.jpg 768w, https:\/\/ypjrojava.net\/wp-content\/uploads\/2020\/06\/zilan-sam-herem-firat-rop-23-05-2020-5--1536x1024.jpg 1536w, https:\/\/ypjrojava.net\/wp-content\/uploads\/2020\/06\/zilan-sam-herem-firat-rop-23-05-2020-5--2048x1365.jpg 2048w\" sizes=\"auto, (max-width: 300px) 100vw, 300px\" \/>\u00a0 \u00a0 \u00a0 \u00a0 <img loading=\"lazy\" decoding=\"async\" class=\"alignnone size-medium wp-image-12496\" src=\"https:\/\/ypjrojava.net\/wp-content\/uploads\/2020\/06\/zilan-sam-herem-firat-rop-23-05-2020-7--300x200.jpg\" alt=\"\" width=\"300\" height=\"200\" srcset=\"https:\/\/ypjrojava.net\/wp-content\/uploads\/2020\/06\/zilan-sam-herem-firat-rop-23-05-2020-7--300x200.jpg 300w, https:\/\/ypjrojava.net\/wp-content\/uploads\/2020\/06\/zilan-sam-herem-firat-rop-23-05-2020-7--1024x683.jpg 1024w, https:\/\/ypjrojava.net\/wp-content\/uploads\/2020\/06\/zilan-sam-herem-firat-rop-23-05-2020-7--768x512.jpg 768w, https:\/\/ypjrojava.net\/wp-content\/uploads\/2020\/06\/zilan-sam-herem-firat-rop-23-05-2020-7--1536x1024.jpg 1536w, https:\/\/ypjrojava.net\/wp-content\/uploads\/2020\/06\/zilan-sam-herem-firat-rop-23-05-2020-7--2048x1365.jpg 2048w\" sizes=\"auto, (max-width: 300px) 100vw, 300px\" \/><\/p>\n<p>&nbsp;<\/p>\n","protected":false},"excerpt":{"rendered":"<p>&nbsp; \u015eervan Z\u00eelan \u015eam di sala 2018&#8217;an de tev li nava ref\u00ean Yek\u00eeney\u00ean Parastina Jin (YPJ) dibe. Z\u00eelan \u015eam destn\u00ee\u015fan dike ku di destp\u00eaka \u015fore\u015fa S\u00fbriy\u00ea de bi malbat\u00ee gelek azar ki\u015fandine \u00fb pi\u015ft\u00ee ku ko\u00e7ber\u00ee Heleb\u00ea b\u00fbne, biryar daye ku tev li YPJ\u2019\u00ea bibe. Z\u00eelan \u015eam wiha behsa serp\u00eahatiya xwe ya tevl\u00eab\u00fbn\u00ea dike: \u201cSedema [&hellip;]<\/p>\n","protected":false},"author":1,"featured_media":12494,"comment_status":"closed","ping_status":"closed","sticky":false,"template":"","format":"standard","meta":{"footnotes":""},"categories":[38],"tags":[],"class_list":{"0":"post-10869","1":"post","2":"type-post","3":"status-publish","4":"format-standard","5":"has-post-thumbnail","7":"category-nuce"},"_links":{"self":[{"href":"https:\/\/ypjrojava.net\/index.php?rest_route=\/wp\/v2\/posts\/10869","targetHints":{"allow":["GET"]}}],"collection":[{"href":"https:\/\/ypjrojava.net\/index.php?rest_route=\/wp\/v2\/posts"}],"about":[{"href":"https:\/\/ypjrojava.net\/index.php?rest_route=\/wp\/v2\/types\/post"}],"author":[{"embeddable":true,"href":"https:\/\/ypjrojava.net\/index.php?rest_route=\/wp\/v2\/users\/1"}],"replies":[{"embeddable":true,"href":"https:\/\/ypjrojava.net\/index.php?rest_route=%2Fwp%2Fv2%2Fcomments&post=10869"}],"version-history":[{"count":5,"href":"https:\/\/ypjrojava.net\/index.php?rest_route=\/wp\/v2\/posts\/10869\/revisions"}],"predecessor-version":[{"id":12499,"href":"https:\/\/ypjrojava.net\/index.php?rest_route=\/wp\/v2\/posts\/10869\/revisions\/12499"}],"wp:featuredmedia":[{"embeddable":true,"href":"https:\/\/ypjrojava.net\/index.php?rest_route=\/wp\/v2\/media\/12494"}],"wp:attachment":[{"href":"https:\/\/ypjrojava.net\/index.php?rest_route=%2Fwp%2Fv2%2Fmedia&parent=10869"}],"wp:term":[{"taxonomy":"category","embeddable":true,"href":"https:\/\/ypjrojava.net\/index.php?rest_route=%2Fwp%2Fv2%2Fcategories&post=10869"},{"taxonomy":"post_tag","embeddable":true,"href":"https:\/\/ypjrojava.net\/index.php?rest_route=%2Fwp%2Fv2%2Ftags&post=10869"}],"curies":[{"name":"wp","href":"https:\/\/api.w.org\/{rel}","templated":true}]}}