{"id":10897,"date":"2020-06-25T07:04:55","date_gmt":"2020-06-25T07:04:55","guid":{"rendered":"https:\/\/ypjrojava.net\/?p=10897"},"modified":"2022-06-17T07:16:30","modified_gmt":"2022-06-17T07:16:30","slug":"dem-dema-tolhildane-ye","status":"publish","type":"post","link":"https:\/\/ypjrojava.net\/?p=10897","title":{"rendered":"Dem Dema Tolhildan\u00ea ye"},"content":{"rendered":"<p>Em \u015feh\u00eed\u00ean komkujiya Koban\u00ea \u00fb \u015fervan\u00ean xwe y\u00ean YPJ-YPG y\u00ean ku ji gel\u00ea xwe re b\u00fbn mertal \u00fb tevl\u00ea karwan\u00ean \u015feh\u00eedan b\u00fbn bi minet \u00fb r\u00eazdar\u00ee bi b\u00eert\u00eenin. Di \u015fexs\u00ea \u015feh\u00eed\u00ean komkujiya Koban\u00ea de soza xwe li hember\u00ee tevah\u00ee \u015feh\u00eed\u00ean \u015fore\u015f\u00ea n\u00fb dikin ku em\u00ea xwed\u00ee li b\u00eeran\u00eena wan derkevin \u00fb \u015fore\u015fa Rojava ya di p\u00ea\u015fengiya jin\u00ea de p\u00ea\u015fketiye ji her away\u00ee \u00ear\u00ee\u015fan bipar\u00eazin.<\/p>\n<p>Dewleta Tirk a dagirker destkeftiy\u00ean \u015fore\u015fa Rojava y\u00ean ku bi p\u00ea\u015fengiya jin\u00ea p\u00ea\u015fketine ti car\u00ee hezim nekiriye \u00fb di her \u00ear\u00ee\u015fa xwe de bi taybet\u00ee jin kiriye hedef. Bi v\u00ea mebest\u00ea b\u00ea ku b\u00eaje ev \u015fervane, ev siv\u00eele li Rojava \u00fb bakur-rojhilat\u00ea S\u00fbr\u00ee gelek komkuj\u00ee p\u00eak an\u00een. Komkujiya Koban\u00ea ya 25 Hez\u00eerana 2015\u2019an j\u00ee yek ji van komkujiy\u00ean her\u00ee b\u00eabexte. Di v\u00ea roja re\u015f de bi dehan \u00e7etey\u00ean dewleta Tirk a dagirker cil\u00ean YPJ-YPG\u2019\u00ea li xwe kirin, ketin nava dil\u00ea Koban\u00ea de \u00fb komkujiyeke wiha xedar p\u00eak an\u00een. Li hember\u00ee v\u00ea komkujiya giran r\u00eaheval\u00ean me M\u00eetra, Rojava \u00fb Sorxw\u00een heya guleya xwe ya daw\u00ee \u015fer kirin \u00fb bi qehreman\u00ee tevl\u00ea nava karwan\u00ean \u015feh\u00eedan b\u00fbn. Ev \u00ear\u00ee\u015fa dewleta Tirk n\u00ee\u015faneya v\u00ea rastiy\u00ea b\u00fb; \u00e7i dibe bila bibe em\u00ea v\u00eena we bi\u015fk\u00eenin, zarok\u00ean we qetil bikin \u00fb bajar\u00ea we dagir bikin. L\u00ea em j\u00ee v\u00ea dib\u00eajin; \u00eero em xwed\u00ee m\u00eerateyeke wisa zind\u00ee ne ku di \u015fexs\u00ea Ar\u00een M\u00eerkan \u00fb R\u00eavan\u2019an de bi hezaran jin\u00ean Rojava \u00fb bakur-rojhilat\u00ea S\u00fbr\u00ee xwe bi r\u00eaxistin kirine \u00fb h\u00eaza her\u00ee teror\u00eest ya c\u00eehan\u00ee DA\u0130\u015e\u2019a ku ji aliy\u00ea dewleta Tirk ve dihate r\u00eavebirin, t\u00eak birine. Dijmin ji v\u00ea xeta me ya feda\u00ee, ji h\u00eaza jin\u00ea ditirse \u00fb hov\u00eetiya xwe ya her\u00ee mezin j\u00ee li dij\u00ee jina azadb\u00fby\u00ee p\u00eakt\u00eene.<\/p>\n<p>\u00cero li her \u00e7ar par\u00e7ey\u00ean Kurdistan\u00ea \u00ear\u00ee\u015feke qirkirin\u00ea ya pir giran heye. \u00c7awa ku di 24 T\u00eermeha 1923\u2019an de hevpeymana Lozan\u00ea hate \u00eemze kirin \u00fb di ser\u00ee qirkirina f\u00eez\u00eek\u00ee bi her away\u00ee \u015f\u00eawey\u00ean qirkirin\u00ea li ser gel\u00ea Kurd hate ferz kirin. Di encama v\u00ea hevpeyman\u00ea de Kurdistan b\u00fb \u00e7ar par\u00e7e, gel\u00ea Kurd \u00fb tevah\u00ee nirx\u00ean w\u00ee ji ned\u00eet\u00ee ve hate hesibandin. \u00cero j\u00ee ti\u015fta ku bi ser\u00ea gel\u00ea Kurd de t\u00ea, ne d\u00fbr\u00ee v\u00ea plansaziy\u00ea ye. Di dema ku r\u00fbpel\u00ean d\u00eerok\u00ea sedsala 21. \u00fb sala 2020\u2019an n\u00ee\u015fan dide, di ser\u00ee de gel\u00ea Kurd tevah\u00ee gel\u00ea her\u00eam\u00ea bi heman komkujiyan re r\u00fb bi r\u00fb t\u00ea. Ji qetilkirina bi hezaran jin\u00ean \u015eengal\u00ee heta qetilkirina S\u00eav\u00ea, Pak\u00eeze, Fatma \u00fb day\u00eeka taybet, heta Hevr\u00een Xelef \u00fb yad\u00ea Eq\u00eede \u00fb \u015fervana me Amara hem\u00fb j\u00ee di encama heman hi\u015fmendiya qirker p\u00eak hatin. Di k\u00ealiya ku 2 roj ji salvegera komkujiya Koban\u00ea ya 25 Hez\u00eerana 2015\u2019an re mab\u00fb, di 23 Hez\u00eerana v\u00ea sal\u00ea de careke din di bajar\u00ea Koban\u00ea de bi taybet jin\u00ean p\u00ea\u015feng bi awayek xedar hatin hedef girtin. Art\u00ea\u015fa Tirk a dagirker ya ku li her \u00e7ar par\u00e7ey\u00ean Kurdistan\u00ea \u00ear\u00ee\u015feke berfireh daye destp\u00ea kirin, rast\u00ee bersiveke tund t\u00ea. Ji ber w\u00ea bi armanca ve\u015fartina v\u00ea binkeftina xwe ya li hember\u00ee tevgera azadiy\u00ea careke din \u00ear\u00ee\u015f\u00ea Rojava kir. Di v\u00ea \u00ear\u00ee\u015f\u00ea de Kord\u00eenasyona Kongra Star a her\u00eama Firat\u00ea Zehra Berkel, Heb\u00fbn Mele Xel\u00eel \u00fb yad\u00ea Em\u00eene b\u00fbn hedef. Di \u015fexs\u00ea van hers\u00ea jin\u00ean teko\u015f\u00eenvan de careke din xwestin v\u00eena gel\u00ea azadb\u00fby\u00ee bi\u015fk\u00eenin. L\u00ea div\u00ea herkes v\u00ea zanibe ku ruh\u00ea jin\u00ea bi teko\u015f\u00een\u00ea re hatiye strandin, ji ber w\u00ea j\u00ee ti \u00ear\u00ee\u015f w\u00ea nikaribe v\u00ee ruh\u00ee bi\u015fk\u00eene. Dijber\u00ee w\u00ea, ew\u00ea hest\u00ean tolhildan \u00fb berxwedan\u00ea bi h\u00eaztir bike. Hedefa sereke ya damezrandina YPJ\u2019\u00ea j\u00ee ev heq\u00eeqet bi xwe ye. Ji ber YPJ h\u00eaza tolhildan \u00fb parastina hem\u00fb jinane. \u00cero j\u00ee bi v\u00ea b\u00eer \u00fb baweriy\u00ea di eniy\u00ean her\u00ee p\u00ea\u015f de teko\u015f\u00eeneke mezin raber dike.<\/p>\n<p>Dewleta Tirk a dagirker ji destkeftiy\u00ean giranbiha y\u00ean ku bi xw\u00eena hezar\u00ea \u015feh\u00eedan hatiye avakirin ditirse, ji ber ew j\u00ee ba\u015f dizane ku \u015fore\u015fa Rojava dibe bingeh\u00ea \u015fore\u015fa tevah\u00ee Kurdistan\u00ea \u00fb dibe bingeh\u00ea \u015fore\u015fa mirovahiy\u00ea. Ji w\u00ea ye ku bi awayek hovane, bi tekn\u00eeka xwe ya her\u00ee giran \u00ear\u00ee\u015f bire ser Efr\u00een, Ser\u00eakaniy\u00ea \u00fb Til Ebyad. Ev j\u00ee n\u00ee\u015faneya lewazb\u00fbna dewleta Tirk bi xwe ye. Bi may\u00eende kirina heb\u00fbna xwe ya di Kurdistan\u00ea de xeyal\u00ea firehkirina s\u00eenor\u00ean xwe ava dike. L\u00ea ew j\u00ee ba\u015f dizane ku heya teko\u015f\u00eena azadiy\u00ea hebe, heya jin\u00ean \u015fore\u015fger y\u00ean t\u00eako\u015f\u00eenvan hebin w\u00ea ev xeyal\u00ean wan ti car\u00ee p\u00eak ney\u00ean. Weke fermandar\u00ee \u00fb \u015fervan\u00ean YPJ\u2019\u00ea em careke din soz didin hem\u00fb jinan \u00fb gel\u00ea xwe ku em\u00ea di \u015fopa \u015feh\u00eed\u00ean xwe de ti \u00ear\u00ee\u015f\u00ea b\u00ea bersiv neh\u00ealin. \u00db em ji tevah\u00ee gel\u00ea xwe re dib\u00eajin dem dema tolhildan\u00ea ye. Careke din em tevah\u00ee \u015feh\u00eed\u00ean xwe y\u00ean \u015fore\u015f\u00ea bi minet \u00fb r\u00eazdar\u00ee bib\u00eert\u00eenin \u00fb soza may\u00eende kirina \u015fore\u015f\u00ea didin tevah\u00ee mirovahiy\u00ea.<\/p>\n<p><strong>Fermandariya Gi\u015ft\u00ee ya YPJ\u2019\u00ea<\/strong><\/p>\n<p><strong>25 Hez\u00eeran 2020<\/strong><\/p>\n","protected":false},"excerpt":{"rendered":"<p>Em \u015feh\u00eed\u00ean komkujiya Koban\u00ea \u00fb \u015fervan\u00ean xwe y\u00ean YPJ-YPG y\u00ean ku ji gel\u00ea xwe re b\u00fbn mertal \u00fb tevl\u00ea karwan\u00ean \u015feh\u00eedan b\u00fbn bi minet \u00fb r\u00eazdar\u00ee bi b\u00eert\u00eenin. Di \u015fexs\u00ea \u015feh\u00eed\u00ean komkujiya Koban\u00ea de soza xwe li hember\u00ee tevah\u00ee \u015feh\u00eed\u00ean \u015fore\u015f\u00ea n\u00fb dikin ku em\u00ea xwed\u00ee li b\u00eeran\u00eena wan derkevin \u00fb \u015fore\u015fa Rojava ya di [&hellip;]<\/p>\n","protected":false},"author":1,"featured_media":12959,"comment_status":"closed","ping_status":"closed","sticky":false,"template":"","format":"standard","meta":{"footnotes":""},"categories":[39],"tags":[],"class_list":{"0":"post-10897","1":"post","2":"type-post","3":"status-publish","4":"format-standard","5":"has-post-thumbnail","7":"category-daxuyani"},"_links":{"self":[{"href":"https:\/\/ypjrojava.net\/index.php?rest_route=\/wp\/v2\/posts\/10897","targetHints":{"allow":["GET"]}}],"collection":[{"href":"https:\/\/ypjrojava.net\/index.php?rest_route=\/wp\/v2\/posts"}],"about":[{"href":"https:\/\/ypjrojava.net\/index.php?rest_route=\/wp\/v2\/types\/post"}],"author":[{"embeddable":true,"href":"https:\/\/ypjrojava.net\/index.php?rest_route=\/wp\/v2\/users\/1"}],"replies":[{"embeddable":true,"href":"https:\/\/ypjrojava.net\/index.php?rest_route=%2Fwp%2Fv2%2Fcomments&post=10897"}],"version-history":[{"count":1,"href":"https:\/\/ypjrojava.net\/index.php?rest_route=\/wp\/v2\/posts\/10897\/revisions"}],"predecessor-version":[{"id":10899,"href":"https:\/\/ypjrojava.net\/index.php?rest_route=\/wp\/v2\/posts\/10897\/revisions\/10899"}],"wp:featuredmedia":[{"embeddable":true,"href":"https:\/\/ypjrojava.net\/index.php?rest_route=\/wp\/v2\/media\/12959"}],"wp:attachment":[{"href":"https:\/\/ypjrojava.net\/index.php?rest_route=%2Fwp%2Fv2%2Fmedia&parent=10897"}],"wp:term":[{"taxonomy":"category","embeddable":true,"href":"https:\/\/ypjrojava.net\/index.php?rest_route=%2Fwp%2Fv2%2Fcategories&post=10897"},{"taxonomy":"post_tag","embeddable":true,"href":"https:\/\/ypjrojava.net\/index.php?rest_route=%2Fwp%2Fv2%2Ftags&post=10897"}],"curies":[{"name":"wp","href":"https:\/\/api.w.org\/{rel}","templated":true}]}}