{"id":10900,"date":"2020-06-25T12:41:17","date_gmt":"2020-06-25T12:41:17","guid":{"rendered":"https:\/\/ypjrojava.net\/?p=10900"},"modified":"2022-06-15T16:07:27","modified_gmt":"2022-06-15T16:07:27","slug":"bi-fikir-u-felsefeya-heqiqete-min-soresa-jine-nas-kir","status":"publish","type":"post","link":"https:\/\/ypjrojava.net\/?p=10900","title":{"rendered":"Bi fikir \u00fb felsefeya heq\u00eeqet\u00ea min \u015fore\u015fa jin\u00ea nas kir"},"content":{"rendered":"<p>&nbsp;<\/p>\n<p>\u015eervana YPJ&#8217;\u00ea Hed\u00eel Ser\u00eakaniy\u00ea ku sala 2020&#8217;an tevl\u00ee YPJ&#8217;\u00ea b\u00fb dib\u00eaje, &#8220;Ji bo min tevl\u00eeb\u00fbna li nava YPJ&#8217;\u00ea zay\u00eeneke n\u00fb ye. Hed\u00eel di desp\u00eaka axaftina xwe de bal ki\u015fande ser sedema tevl\u00eebuna xwe ya li nava ref\u00ean YPJ&#8217;\u00ea \u00fb got, &#8220;Min di nava civak\u00ea de d\u00eet ku jin \u00e7iqas\u00ee kedeke behempa dide, l\u00ea kes xwed\u00ee li keda w\u00ea dernakeve. Her tim di bin s\u00eestema zilam \u00fb desthildariy\u00ea de b\u00eagotin \u00fb fikir mab\u00fb. Ev gelek\u00ee bala min ki\u015fand ku ez werim tevl\u00ee nava ref\u00ean parastina jin\u00ea bibim.&#8221;<\/p>\n<p>Hed\u00eel wiha behsa serhatiya xwe ya nava ref\u00ean YPJ&#8217;\u00ea dike: &#8220;Bi fikir \u00fb felsefeya R\u00eaber Apo jin b\u00fb xwed\u00ee nasname \u00fb li cewher\u00ea xwe carek din vegeriya \u00fb nas kir. Dema ku ez tevl\u00ee b\u00fbm bi xeyal\u00ean mezin min xwest v\u00ea \u015fore\u015f\u00ea hezim bikim \u00fb di rastiya w\u00ea de li xwe k\u00fbr bibim.&#8221;<\/p>\n<p>Hed\u00eel bi berdewam\u00ee got, &#8220;Ji ber ku gelek ti\u015ft\u00ea ku me nedikar\u00ee di nava civak\u00ea de f\u00ear bibim ez niha f\u00ear dibim. Min di nava s\u00eestem\u00ea de ten\u00ea zan\u00eeb\u00fb jin a mal\u00ea \u00fb zarok an\u00een\u00ea ye, l\u00ea dema ku min rastiya jin\u00ea nas kir v\u00ea gelek bandor li ser min kir \u00fb heman dem\u00ea j\u00ee ez k\u00eafxwe\u015f b\u00fbm ku jin xwed\u00ee rolek\u00ee sereke ya civak\u00ea \u00fb \u015fore\u015f\u00ea ye.&#8221;<\/p>\n<p>Hed\u00eel destn\u00ee\u015fan kir ku di r\u00eaw\u00eetiya xwe de, ya di nava \u015fore\u015f\u00ea de hem wek\u00ee \u015fervanek\u00ea ji bo parastina axa xwe \u00fb nirx\u00ean p\u00eeroz ku di hem\u00fb dem \u00fb cihan de w\u00ea amede be, hem j\u00ee, ji bo ku \u00ea\u015fa gel \u00fb civaka xwe ji c\u00eehan\u00ea re bib\u00eaje hin w\u00eane x\u00eaz kiriye.<\/p>\n<p>Di her w\u00eaneyek\u00ee xwe de bi wateday\u00een\u00ea \u015fore\u015f mayinde kiriye. Di ser\u00ee de jina ku destp\u00eak\u00ea di nava civak\u00ea de t\u00ea kolekirin \u00fb fetisandin.<\/p>\n<p>Hem jina ku di nava \u015fore\u015f\u00ea de cih\u00ea xwe di hem\u00fb be\u015fan de girtiye \u00fb bi taybet di war\u00ea le\u015fker\u00ee de berpirsyartiyek mezin hilgirtiye ser mil\u00ea xwe ji bo parastina welat \u00fb civaka xwe. Bi van w\u00eaneyan Hed\u00eel rastiya civak\u00ea \u015f\u00eerove kiriye.<\/p>\n","protected":false},"excerpt":{"rendered":"<p>&nbsp; \u015eervana YPJ&#8217;\u00ea Hed\u00eel Ser\u00eakaniy\u00ea ku sala 2020&#8217;an tevl\u00ee YPJ&#8217;\u00ea b\u00fb dib\u00eaje, &#8220;Ji bo min tevl\u00eeb\u00fbna li nava YPJ&#8217;\u00ea zay\u00eeneke n\u00fb ye. Hed\u00eel di desp\u00eaka axaftina xwe de bal ki\u015fande ser sedema tevl\u00eebuna xwe ya li nava ref\u00ean YPJ&#8217;\u00ea \u00fb got, &#8220;Min di nava civak\u00ea de d\u00eet ku jin \u00e7iqas\u00ee kedeke behempa dide, l\u00ea kes [&hellip;]<\/p>\n","protected":false},"author":1,"featured_media":12491,"comment_status":"closed","ping_status":"closed","sticky":false,"template":"","format":"standard","meta":{"footnotes":""},"categories":[38],"tags":[],"class_list":{"0":"post-10900","1":"post","2":"type-post","3":"status-publish","4":"format-standard","5":"has-post-thumbnail","7":"category-nuce"},"_links":{"self":[{"href":"https:\/\/ypjrojava.net\/index.php?rest_route=\/wp\/v2\/posts\/10900","targetHints":{"allow":["GET"]}}],"collection":[{"href":"https:\/\/ypjrojava.net\/index.php?rest_route=\/wp\/v2\/posts"}],"about":[{"href":"https:\/\/ypjrojava.net\/index.php?rest_route=\/wp\/v2\/types\/post"}],"author":[{"embeddable":true,"href":"https:\/\/ypjrojava.net\/index.php?rest_route=\/wp\/v2\/users\/1"}],"replies":[{"embeddable":true,"href":"https:\/\/ypjrojava.net\/index.php?rest_route=%2Fwp%2Fv2%2Fcomments&post=10900"}],"version-history":[{"count":1,"href":"https:\/\/ypjrojava.net\/index.php?rest_route=\/wp\/v2\/posts\/10900\/revisions"}],"predecessor-version":[{"id":10902,"href":"https:\/\/ypjrojava.net\/index.php?rest_route=\/wp\/v2\/posts\/10900\/revisions\/10902"}],"wp:featuredmedia":[{"embeddable":true,"href":"https:\/\/ypjrojava.net\/index.php?rest_route=\/wp\/v2\/media\/12491"}],"wp:attachment":[{"href":"https:\/\/ypjrojava.net\/index.php?rest_route=%2Fwp%2Fv2%2Fmedia&parent=10900"}],"wp:term":[{"taxonomy":"category","embeddable":true,"href":"https:\/\/ypjrojava.net\/index.php?rest_route=%2Fwp%2Fv2%2Fcategories&post=10900"},{"taxonomy":"post_tag","embeddable":true,"href":"https:\/\/ypjrojava.net\/index.php?rest_route=%2Fwp%2Fv2%2Ftags&post=10900"}],"curies":[{"name":"wp","href":"https:\/\/api.w.org\/{rel}","templated":true}]}}