{"id":10903,"date":"2020-06-30T12:11:15","date_gmt":"2020-06-30T12:11:15","guid":{"rendered":"https:\/\/ypjrojava.net\/?p=10903"},"modified":"2022-06-17T07:05:10","modified_gmt":"2022-06-17T07:05:10","slug":"ragihandin-dikare-soresan-ava-bike","status":"publish","type":"post","link":"https:\/\/ypjrojava.net\/?p=10903","title":{"rendered":"Ragihandin Dikare \u015eore\u015fan Ava Bike"},"content":{"rendered":"<p>Ragihandina jin a bakur-rojhilat\u00ea S\u00fbriy\u00ea konferansa xwe ya s\u00eayem\u00een li darxist. Ji D\u00earik\u00ea ta D\u00earazor ji Reqa, Minbic \u00fb Koban\u00ea heta \u015eehba \u00fb Heleb\u00ea bi dehan rojnemevan\u00ean jin bi armanca lidarxistina konferansa xwe ya s\u00eayem\u00een li hev civiyan.<\/p>\n<p><strong style=\"text-transform: initial;\">3. konferansa ragihandina jin a bakur-rojhilat\u00ea S\u00fbriy\u00ea di d\u00eeroka 28 Hez\u00eeran\u00ea de hate li darxistin. Yek ji xal\u00ean ku di konferans\u00ea de b\u00fb rojev \u00fb weke m\u00eerateya roja \u00eero t\u00ea bi navkirin, \u00e7alakvan\u00ee \u00fb lehengiya n\u00fb\u00e7egihan\u00ean Navenda Ragihandina YPJ&#8217;\u00ea b\u00fb. Ji Agir\u00ee, heta \u00celon, Ar\u00een, \u015e\u00eelan, Rohenda \u00fb Dilovan&#8217;an hema hema di her p\u00eangav \u00fb \u015fer\u00ea giran y\u00ea dagirkeriy\u00ea de endam\u00ean ragihandina YPJ&#8217;\u00ea di oxira tey\u00eesandina heq\u00eeqet\u00ea de ked \u00fb bedel\u00ean giranbiha dane. Di 3. konferansa ragihandina jin de j\u00ee endam\u00ean ragihandina YPJ&#8217;\u00ea xwed\u00ee tevl\u00eab\u00fbneke akt\u00eef b\u00fbn.<\/strong><\/p>\n<p>Berdevka Ragihandina YPJ&#8217;\u00ea Soz\u00ea Qami\u015flo rastiya v\u00ea m\u00eerateya giranbiha ji ajansa me re nirxand. Soz\u00ea Qami\u015flo bal ki\u015fande ser gir\u00eengiya n\u00fb\u00e7egihaniya jin\u00ea di tey\u00eeandina heq\u00eeqet\u00ea de \u00fb komb\u00fbna ewqas rojnemevan\u00ean jin weke asta p\u00ea\u015fektina jin\u00ea nirxand. Soz\u00ea wiha dewam kir;<\/p>\n<p><strong>&#8216;Hedefgirtina jin\u00ea n\u00ee\u015faneya bi h\u00eazb\u00fbna w\u00ea ye&#8217;<\/strong><\/p>\n<p>&#8220;Em 3. konferansa xwe ya ragihandina jina azad ya bakur rojhilat\u00ea S\u00fbriy\u00ea li hem\u00fb \u015feh\u00eed\u00ean ragihandin\u00ea, li R\u00eaber APO \u00fb li hem\u00fb gel\u00ean azad\u00eexwaz \u00ean ku v\u00ea xebat\u00ea di\u015fop\u00eenin p\u00eeroz dikin. \u00cero em weke endam\u00ean ragihandina YPJ&#8217;\u00ea di konferasa s\u00eayem\u00een a ragihandina jina azad de cih\u00ea xwe digrin. Ev ji bo me cih\u00ea \u015fanaziy\u00ea ye. Komb\u00fbna ewqas jin li gel hev careke din n\u00ee\u015fan da ka em \u00eero gihane asteke \u00e7awa. Gihandina v\u00ea ast\u00ea bi h\u00easan\u00ee \u00e7\u00eaneb\u00fb. Di oxira v\u00ea teko\u015f\u00een\u00ea de me gelek bedel\u00ean giranbiha da. Ji ber w\u00ea \u00eero erk \u00fb berpirsyariya me girantir b\u00fbye. Ragihandin rastiye, ragihandin heq\u00eeqete, ragihandin r\u00eabert\u00ee ye. Ragihandin dikare \u015fore\u015fan ava bike. Weke n\u00fb\u00e7egihan\u00ean jin \u00ean ku her k\u00eal\u00ee, her seat \u00fb her roj leheng\u00ee, berxwedan\u00ee, destkeft\u00ee \u00fb \u00ea\u015f\u00ean gel\u00ea xwe radigih\u00eene, \u00eero bar\u00ea me girantir b\u00fbye. Ger \u00eero her\u00ee z\u00eade jin t\u00ea hedef girtin, ev n\u00ee\u015faneya bi h\u00eazb\u00fbna me jin\u00ean rojavay\u00ea Kurdistan\u00ea \u00fb bakur-rojhilat\u00ea S\u00fbriye. Em j\u00ee weke ragihandina YPJ&#8217;\u00ea ji bo ku heq\u00eeqeta jina t\u00eako\u015f\u00eenvan a w\u00earekb\u00fby\u00ee n\u00ee\u015fan bidin, ji bo ku em van \u00ear\u00ee\u015f\u00ean ku jin\u00ea dixin hedef bi objekt\u00eef \u00fb p\u00ean\u00fbsa xwe vala derx\u00eenin, ger p\u00eaw\u00eest bike em\u00ea di v\u00ea oxir\u00ea de can\u00ea xwe j\u00ee bidin. Weke \u015fopdar\u00ean r\u00eaheval Dilovan ya ku li Gir\u00ea Sip\u00ee destaneke n\u00fb ya lehengiy\u00ea niv\u00eesand, em li vir careke din soza xwe n\u00fb dikin ku em\u00ea v\u00ea xebat\u00ea bi cewher \u00fb heq\u00eeqeta w\u00ea ve, bi rengek her\u00ee resen \u00fb xwe\u015fik ji tevah\u00ee c\u00eehan\u00ea re ragih\u00eenin.&#8221;<\/p>\n<p><strong>&#8216;Ragihandin tey\u00eesandina cewher\u00ea \u015fore\u015f\u00ea ye&#8217;<\/strong><\/p>\n<p>Yek ji endam\u00ean Navenda Ragihandina YPJ&#8217;\u00ea Aras Mas\u00fbm j\u00ee erk \u00fb berpirsyariy\u00ean 3. Konferansa ragihandina jin\u00ea ji me re nirxand. Aras Mas\u00fbm ya ku di berxwedana serdem\u00ea de, di k\u00ealiy\u00ean ku rastiya dagirker\u00ee \u00fb hov\u00eetiya dewleta Tirk a dagirker di\u015fopand de bir\u00eendar b\u00fbb\u00fb, bal ki\u015fande ser bedel\u00ean ku heya roja \u00eero di qada ragihandin\u00ea de hatine day\u00een \u00fb wiha got;<\/p>\n<p>&#8220;Ez cara yek\u00ea cih\u00ea xwe di konferanseke wisa de digrim. Co\u015f \u00fb kelecana v\u00ea tevl\u00eab\u00fbn\u00ea ji bo min pir cuda ye. \u00cero ez li ser nav\u00ea \u015feh\u00eed Rohenda \u00fb Dilovan tevl\u00ea v\u00ea konferans\u00ea dibim. Ji ber w\u00ea di ser\u00ee de v\u00ea konferans\u00ea li wan \u00fb li tevah\u00ee \u015feh\u00eed\u00ean \u015fore\u015f\u00ea p\u00eeroz dikim. Em bawerin ku perspekt\u00eef\u00ean di v\u00ea konferans\u00ea de derketine w\u00ea ji bo me bibe bingeh\u00ea kar \u00fb xebateke xurt. Ji ber bi rast\u00ee j\u00ee ger ragihandin bi erk \u00fb berpirsyariy\u00ean xwe dikare cewher \u00fb heq\u00eeqeta v\u00ea \u015fore\u015f\u00ea ba\u015f ragih\u00een. Di pergal\u00ean kap\u00eetal\u00eest \u00ean desthiladar de ragihandin d\u00fbr\u00ee civak\u00ea dim\u00eene \u00fb ten\u00ea rastiya w\u00ea pergala desthiladar dinixum\u00eene. L\u00ea di ragihandina azad de deng\u00ea civak\u00ea, deng\u00ea jin\u00ea esase. Ji ber ew bingeh\u00ea jiyan\u00ea ne. Ragihandina azad bal dik\u015f\u00eene ser rol\u00ea diyarker y\u00ea jin\u00ea di avakirina jiyaneke azad \u00fb bi ewle de. M\u00eenak niha di \u015fore\u015fa Rojava de jin v\u00ea \u015fore\u015f\u00ea bi r\u00eave dibe. Ev \u015fore\u015f li tevah\u00ee c\u00eehan\u00ea bi nav\u00ea jin\u00ea t\u00ea nas\u00een. Tey\u00eesandina v\u00ea heq\u00eeqet\u00ea bi riya ragihandina azad hate kirin. Ji ber w\u00ea \u00eero erka ji me t\u00ea xwestin ewe ku em bi riya ragihandin\u00ea pergala netewa demokrat\u00eek a ku bi p\u00ea\u015fengiya jin\u00ea t\u00ea avakirin \u00fb \u00eero em di oxira avakirina v\u00ea pergal\u00ea de xw\u00een dirj\u00eenin, bedel didin em dikarin v\u00ea pergala xwe ya alternat\u00eef bi tevah\u00ee c\u00eehan\u00ea bidin nas\u00een. Ji bo ragihandina v\u00ea heq\u00eeqet\u00ea j\u00ee em\u00ea heya daw\u00ee \u015fopdar\u00ean \u015feh\u00eed\u00ean xwe bin. Em\u00ea \u015fopdar\u00ea Agir\u00ee, Dil\u00ee\u015fan, Rohenda \u00fb Dilovan&#8217;an bin.&#8221;<\/p>\n<p>&nbsp;<\/p>\n","protected":false},"excerpt":{"rendered":"<p>Ragihandina jin a bakur-rojhilat\u00ea S\u00fbriy\u00ea konferansa xwe ya s\u00eayem\u00een li darxist. Ji D\u00earik\u00ea ta D\u00earazor ji Reqa, Minbic \u00fb Koban\u00ea heta \u015eehba \u00fb Heleb\u00ea bi dehan rojnemevan\u00ean jin bi armanca lidarxistina konferansa xwe ya s\u00eayem\u00een li hev civiyan. 3. konferansa ragihandina jin a bakur-rojhilat\u00ea S\u00fbriy\u00ea di d\u00eeroka 28 Hez\u00eeran\u00ea de hate li darxistin. Yek ji [&hellip;]<\/p>\n","protected":false},"author":1,"featured_media":12951,"comment_status":"closed","ping_status":"closed","sticky":false,"template":"","format":"standard","meta":{"footnotes":""},"categories":[38],"tags":[],"class_list":{"0":"post-10903","1":"post","2":"type-post","3":"status-publish","4":"format-standard","5":"has-post-thumbnail","7":"category-nuce"},"_links":{"self":[{"href":"https:\/\/ypjrojava.net\/index.php?rest_route=\/wp\/v2\/posts\/10903","targetHints":{"allow":["GET"]}}],"collection":[{"href":"https:\/\/ypjrojava.net\/index.php?rest_route=\/wp\/v2\/posts"}],"about":[{"href":"https:\/\/ypjrojava.net\/index.php?rest_route=\/wp\/v2\/types\/post"}],"author":[{"embeddable":true,"href":"https:\/\/ypjrojava.net\/index.php?rest_route=\/wp\/v2\/users\/1"}],"replies":[{"embeddable":true,"href":"https:\/\/ypjrojava.net\/index.php?rest_route=%2Fwp%2Fv2%2Fcomments&post=10903"}],"version-history":[{"count":1,"href":"https:\/\/ypjrojava.net\/index.php?rest_route=\/wp\/v2\/posts\/10903\/revisions"}],"predecessor-version":[{"id":10905,"href":"https:\/\/ypjrojava.net\/index.php?rest_route=\/wp\/v2\/posts\/10903\/revisions\/10905"}],"wp:featuredmedia":[{"embeddable":true,"href":"https:\/\/ypjrojava.net\/index.php?rest_route=\/wp\/v2\/media\/12951"}],"wp:attachment":[{"href":"https:\/\/ypjrojava.net\/index.php?rest_route=%2Fwp%2Fv2%2Fmedia&parent=10903"}],"wp:term":[{"taxonomy":"category","embeddable":true,"href":"https:\/\/ypjrojava.net\/index.php?rest_route=%2Fwp%2Fv2%2Fcategories&post=10903"},{"taxonomy":"post_tag","embeddable":true,"href":"https:\/\/ypjrojava.net\/index.php?rest_route=%2Fwp%2Fv2%2Ftags&post=10903"}],"curies":[{"name":"wp","href":"https:\/\/api.w.org\/{rel}","templated":true}]}}