{"id":10907,"date":"2020-07-08T16:00:58","date_gmt":"2020-07-08T16:00:58","guid":{"rendered":"https:\/\/ypjrojava.net\/?p=10907"},"modified":"2022-06-17T07:02:09","modified_gmt":"2022-06-17T07:02:09","slug":"akademiya-sehid-berivan-dewreyeke-din-a-servane-nu-vekir-2","status":"publish","type":"post","link":"https:\/\/ypjrojava.net\/?p=10907","title":{"rendered":"Akademiya \u015eeh\u00eed B\u00ear\u00eevan Dewreyeke Din A \u015eervan\u00ea N\u00fb Vekir"},"content":{"rendered":"<p>Yek\u00eeney\u00ean Parastina Jin YPJ&#8217;\u00ea dewreyeke din a akademiya \u015feh\u00eed B\u00ear\u00eevan vekir. Dewreya ku bi nav\u00ea \u015feh\u00eed N\u00fbcan D\u00earik veb\u00fb, w\u00ea 45 rojan dewam bike. Dewre bi meras\u00eemeke le\u015fker\u00ee hate vekirin \u00fb \u015fervanan soza tevl\u00eab\u00fbna xurt a ji perwerd\u00ea re dan.<\/p>\n<p>Li kantona Hesek\u00ea, li akademiya \u015feh\u00eed B\u00ear\u00eevan a \u015fervan\u00ean n\u00fb dewreya \u015feh\u00eed N\u00fbcan D\u00earik ya ji p\u00eakhatey\u00ean Erep \u00fb Kurd\u00a0 bi meras\u00eemeke le\u015fker\u00ee hat vekirin. Di meras\u00eem\u00ea de fermandara YPJ&#8217;\u00ea ya her\u00eama Ciz\u00eer\u00ea Rojda \u015eiyar vekirina dewr\u00ea li \u015fervanan p\u00eeroz kir. Rojda \u015eiyar wiha dest bi gotina xwe kir; &#8216;\u00cero heval bi ruh\u00ea feda\u00ee y\u00ea Z\u00eelan, Ar\u00een \u00fb Avesta\u2019yan dest bi perwerdeya xwe dikin. P\u00eaw\u00eeste em di v\u00ea perwerdey\u00ea de ruh\u00ea van r\u00eaheval\u00ean xwe y\u00ean \u015feh\u00eed di xwe de avabikin \u00fb bibin xwed\u00ee sekn \u00fb helwesteke rast. Li ser esas\u00ea perwerdeya siyas\u00ee, le\u015fker\u00ee \u00fb \u00eedeoloj\u00eek div\u00ea hun k\u00eal\u00ee bi k\u00eal\u00ee bi rih\u00ea Silava, B\u00ear\u00eevan \u00fb Z\u00eelanan jiyan bikin. Jiyaneke bi wate, jiyaneke azad ancax dikare bi v\u00ee ruh\u00ee p\u00eeroz were avakirin. \u00cero h\u00eaz\u00ean dagirker \u00fb desthiladar ji r\u00eaxistinb\u00fbna jina azad ditirsin. Jina zana \u00fb perwerde kir\u00ee, ji bo wan tehl\u00fbkeya her\u00ee mezine. Ji ber w\u00ea j\u00ee hertim jin di hedefa \u00ear\u00ee\u015f\u00ean wan de ye. W\u00ea dem\u00ea p\u00eaw\u00eeste em bi riya v\u00ea perwerdey\u00ea, xwe rast avabikin, bibin xwed\u00ee zanistiyeke xurt ku em karibin tola hers\u00ea jin\u00ean li koban\u00ea \u015feh\u00eed ketine rakin. Div\u00ea em ruh\u00ea Zehra, Heb\u00fbn \u00fb dayka Em\u00eene hertim zind\u00ee bih\u00ealin. Li ser v\u00ea bingeh\u00ea em ji hem\u00fb hevalan re carek din dib\u00eajin, p\u00eeroz vekirina dewreya we \u00fb em serkeftin\u00ea ji we re dixwazin.<\/p>\n<p>Pi\u015ft\u00ee meras\u00eem bi daw\u00ee b\u00fb \u015fervanan soza xwe dan \u00fb govenda azadiy\u00ea gerandin<\/p>\n","protected":false},"excerpt":{"rendered":"<p>Yek\u00eeney\u00ean Parastina Jin YPJ&#8217;\u00ea dewreyeke din a akademiya \u015feh\u00eed B\u00ear\u00eevan vekir. Dewreya ku bi nav\u00ea \u015feh\u00eed N\u00fbcan D\u00earik veb\u00fb, w\u00ea 45 rojan dewam bike. Dewre bi meras\u00eemeke le\u015fker\u00ee hate vekirin \u00fb \u015fervanan soza tevl\u00eab\u00fbna xurt a ji perwerd\u00ea re dan. Li kantona Hesek\u00ea, li akademiya \u015feh\u00eed B\u00ear\u00eevan a \u015fervan\u00ean n\u00fb dewreya \u015feh\u00eed N\u00fbcan D\u00earik ya [&hellip;]<\/p>\n","protected":false},"author":1,"featured_media":12950,"comment_status":"closed","ping_status":"closed","sticky":false,"template":"","format":"standard","meta":{"footnotes":""},"categories":[41],"tags":[],"class_list":{"0":"post-10907","1":"post","2":"type-post","3":"status-publish","4":"format-standard","5":"has-post-thumbnail","7":"category-dimen"},"_links":{"self":[{"href":"https:\/\/ypjrojava.net\/index.php?rest_route=\/wp\/v2\/posts\/10907","targetHints":{"allow":["GET"]}}],"collection":[{"href":"https:\/\/ypjrojava.net\/index.php?rest_route=\/wp\/v2\/posts"}],"about":[{"href":"https:\/\/ypjrojava.net\/index.php?rest_route=\/wp\/v2\/types\/post"}],"author":[{"embeddable":true,"href":"https:\/\/ypjrojava.net\/index.php?rest_route=\/wp\/v2\/users\/1"}],"replies":[{"embeddable":true,"href":"https:\/\/ypjrojava.net\/index.php?rest_route=%2Fwp%2Fv2%2Fcomments&post=10907"}],"version-history":[{"count":1,"href":"https:\/\/ypjrojava.net\/index.php?rest_route=\/wp\/v2\/posts\/10907\/revisions"}],"predecessor-version":[{"id":10909,"href":"https:\/\/ypjrojava.net\/index.php?rest_route=\/wp\/v2\/posts\/10907\/revisions\/10909"}],"wp:featuredmedia":[{"embeddable":true,"href":"https:\/\/ypjrojava.net\/index.php?rest_route=\/wp\/v2\/media\/12950"}],"wp:attachment":[{"href":"https:\/\/ypjrojava.net\/index.php?rest_route=%2Fwp%2Fv2%2Fmedia&parent=10907"}],"wp:term":[{"taxonomy":"category","embeddable":true,"href":"https:\/\/ypjrojava.net\/index.php?rest_route=%2Fwp%2Fv2%2Fcategories&post=10907"},{"taxonomy":"post_tag","embeddable":true,"href":"https:\/\/ypjrojava.net\/index.php?rest_route=%2Fwp%2Fv2%2Ftags&post=10907"}],"curies":[{"name":"wp","href":"https:\/\/api.w.org\/{rel}","templated":true}]}}