{"id":10910,"date":"2020-07-14T17:56:15","date_gmt":"2020-07-14T17:56:15","guid":{"rendered":"https:\/\/ypjrojava.net\/?p=10910"},"modified":"2022-06-15T15:56:11","modified_gmt":"2022-06-15T15:56:11","slug":"di-caven-servanan-de-asti-u-azadi-hatibu-neqisandin","status":"publish","type":"post","link":"https:\/\/ypjrojava.net\/?p=10910","title":{"rendered":"\u2018Di \u00e7av\u00ean \u015fervanan de a\u015ft\u00ee \u00fb azad\u00ee hatib\u00fb neqi\u015fandin\u2019"},"content":{"rendered":"<p>\u015eervana YPJ&#8217;\u00ea H\u00eal\u00een B\u00eerhat a sala 2019\u2019an ji D\u00eare Zor\u00ea tevl\u00ee nava ref\u00ean YPJ&#8217; \u00ea dibe got: \u201cKi bo min naskirina v\u00ea m\u00eeratey\u00ea jiyanek n\u00fb \u00fb bi wate b\u00fb.\u201d<\/p>\n<p>\u015eervana YPJ\u2019\u00ea ya bi esl\u00ea xwe ji D\u00eara Zor\u00ea tevl\u00ee nava ref\u00ean YPJ\u2019\u00ea b\u00fbye bal ki\u015fand ser hov\u00eetiya \u00e7etey\u00ean DA\u00ce\u015e\u2019\u00ea ya li her\u00eam\u00ea \u00fb tevl\u00eeb\u00fbna xwe ya nava ref\u00ean YPJ\u2019\u00ea.<\/p>\n<p>\u2018JI SEKIN \u00db HEYBETA JIN\u00ca YA NAVA \u015eORE\u015e\u00ca DITIRSIYAN\u2019<\/p>\n<p>B\u00eerhat wiha qala hov\u00eetiya DA\u00ce\u015e\u2019\u00ea ya li D\u00eara Zor\u00ea kir: \u201cDi c\u00eehan\u00ea de DA\u00ce\u015e h\u00eaza her\u00ee xeter \u00fb xedar di hata nas kirin. DA\u00ce\u015e gelek r\u00eabaz\u00ean hovane n\u00ee\u015fan\u00ee me kir. Bi taybet her\u00ee z\u00eade di hedef \u00fb armanca \u00ear\u00ee\u015f\u00ea wan de jin b\u00fb. Ji ber ku ew ji teko\u015f\u00eena jin \u00fb berxwedaniya w\u00ea ditirsiya bi gelek r\u00ea \u00fb r\u00eabaz\u00ean ne mirov\u00ee dane n\u00ee\u015fandan. Di \u015fexs\u00ea jin de civak b\u00ea h\u00eav\u00ee \u00fb \u00eerade hi\u015ft \u00fb tine hata hesbandin. Dema ku wan \u00ear\u00ee\u015f\u00ee xaka Rojava kir gelek car rast\u00ee teko\u015f\u00een \u00fb eg\u00eediya \u015fervan\u00ean YPJ&#8217;\u00ea hat. Ji bo w\u00ea ji sekn \u00fb heybata w\u00ea ya di nava \u015fore\u015f\u00ea de metirsiyek cid\u00ee dab\u00fb avakirin di dil\u00ea wan de. DA\u00ce\u015e ti\u015fta ku dib\u00fb asteng ji hedefa w\u00ea re ku bi dest\u00ea jin\u00ea ney\u00ea ku\u015ftin ev j\u00eare wek\u00ee mirinek ne helal dihata \u015f\u00eerovekirin. Ji bona bi dest\u00ea jin\u00ea ney\u00ea ku\u015ftin \u015ferek\u00ee b\u00ea eman dida kirin.\u201d<\/p>\n<p>\u2018TI GIR\u00caDANA WAN \u00db \u00ceSLAM\u00ca TINE B\u00db\u2019<\/p>\n<p>\u015eervana YPJ\u2019\u00ea B\u00eerhat diyar kir ku DA\u00ce\u015e\u2019\u00ea bi nav\u00ea \u00ceslam\u00ea \u015fer dikir \u00fb got: \u201cTi ti\u015ftek\u00ee DA\u00ce\u015e\u2019\u00ea \u00fb d\u00een\u00ea \u00eeslam\u00ea bi hev re tunb\u00fb, ew bi r\u00eabaz\u00ean ku li dij\u00ee gel didan \u015fuxilandin di ti welatan de nay\u00e7 qebulkirin \u00fb ne hatiye jiy\u00een. Di rew\u015fa daw\u00ee de pi\u015ft\u00ee ku d\u00eetin h\u00eaz\u00ea QSD&#8217;\u00ea n\u00eaz dibe, \u00ead\u00ee gelek ciwan birin xistin girt\u00eegehan. Wan bi xwe j\u00ee \u00ead\u00ee zan\u00eeb\u00fbn ku dema h\u00eaz\u00ean QSD&#8217;\u00ea were ew \u00ea tine bibin \u00fb daw\u00ee li x\u00eelafeta wan were kirin.\u201d<\/p>\n<p>\u2018YPJ \u00db QSD W\u00ca ME RIZGAR BIKE\u2019<\/p>\n<p>H\u00eal\u00een destn\u00ee\u015fan kir ku dema h\u00eaz\u00ean QSD&#8217;\u00ea n\u00eaz\u00ee D\u00eare Zor b\u00fb k\u00eafxwe\u015fiyek kete dil\u00ea wan \u00ead\u00ee wan j\u00ee zan\u00ee ku roj\u00ean azad kirina wan n\u00eaz dibe, w\u00ea jiyanek n\u00fb ji wan re vej\u00een bibe \u00fb w\u00ea ji tar\u00eetiy\u00ea xilas bibin.<\/p>\n<p>\u015eervana YPJ\u2019\u00ea H\u00eal\u00een B\u00eerhat bal ki\u015fand ser tevl\u00eeb\u00fbna xwe ya di nava ref\u00ean YPJ&#8217;\u00ea de \u00fb wiha domand: \u201cDema ku QSD&#8217;\u00ea derbas\u00ee D\u00eare Zor b\u00fbn min cara yek d\u00eet ku li mil\u00ea jin\u00ea \u00e7ek heye \u00fb \u015fer dike. Ez gelek bi ji v\u00ee w\u00ean\u00ea bandor b\u00fbm. Pi\u015ft\u00ee rizgarkirina D\u00eare Zor min biryarda ez tevl\u00ee bibim. Ez b\u00ea nakok\u00ee ketim ferqek mezin w\u00ea ev h\u00eaz me biap\u00earze \u00fb ji tar\u00eetiye me rizgar bike. Em wek gel\u00ea Her\u00eam\u00ea rast\u00ee \u00ea\u015fan \u00fb mirinek ne diyar hatin, l\u00ea d\u00eesa \u00ea ku bawer\u00ee da me ew \u015fervan\u00ean ku \u00e7ek li mil\u00ea wan b\u00fb. Di \u00e7av\u00ean wan de ten\u00ea azad\u00ee \u00fb a\u015f\u00eet\u00ee di hata honandin. Dema ku min YPJ&#8217;\u00ea d\u00eet min pir ji xeml \u00fb berxwedaniya wan hes kir. Bi taybet xwe parastina li hmber\u00ee \u00ear\u00ee\u015fek ewqas mezin \u00fb \u00e7awa xwed\u00ee li civaka xwe derdikevin ez gelek bi van r\u00eagezan re b\u00fbme yek.<\/p>\n<p>Biryara ku min da ne biryarek\u00ee tesad\u00fbf b\u00fb. R\u00eaw\u00eet\u00ee ku hi\u015ft ez di nava civaka xwe ya Ereb de h\u00een b\u00eahtir baldar bim, sedema tevl\u00ee b\u00fbna min a nava ref\u00ean YPJ&#8217;\u00ea b\u00fb. Pi\u015ft\u00ee ku rast\u00ee di wir de hata \u015f\u00eerovekirin, tevl\u00eeb\u00fbna min \u00fb xwi\u015fka min bu sedem ku malbata min bibe xwed\u00ee nirxek ku di nava civak\u00ea de ser bilind \u00fb bi wate werin nas kirin.\u201d<\/p>\n<p>B\u00eerhat wiha behsa tevl\u00eeb\u00fbn \u00fb roja gir\u00eeng a ku ji b\u00eera w\u00ea qet na\u00e7e, roja 14 Sibat\u00ea ku tevl\u00ee nava ref\u00ean YPJ\u2019\u00ea dibe. Pi\u015ft\u00ee w\u00ea bi rojek\u00ee roja girtina R\u00eaber\u00ea Gel\u00ea Kurd Abdullah Ocalan e ku ew j\u00ee m\u00eena hevr\u00eay\u00ean xwe w\u00ea roj\u00ea roj\u00ee digir\u00ea, l\u00ea ew qet pirsnake ku \u00e7ima bi rojiye. Dema ku pirs dike gelek bandor \u00fb hestiyar dibe ku \u00e7ima mirovek\u00ee m\u00eena R\u00eaber\u00ea Gel\u00ea Kurd Abdullah Ocalan girtiye. Bi v\u00ea helwest\u00ea gelek pirt\u00fbk\u00ean Ocalan dixw\u00eene.<\/p>\n<p>\u015eervana YPJ\u2019\u00ea her\u00ee daw\u00ee v\u00ea dib\u00eaje: \u201cEm j\u00ee wek\u00ee \u015fervan\u00ean YPJ&#8217;\u00ea hetan\u00ee daw\u00ee em \u00ea li ber xwe bidin \u00fb xwe bigh\u00eenin hem\u00fb jin\u00ean ku li benda h\u00eaviy\u00ea ne.\u201d<\/p>\n<p>&nbsp;<\/p>\n","protected":false},"excerpt":{"rendered":"<p>\u015eervana YPJ&#8217;\u00ea H\u00eal\u00een B\u00eerhat a sala 2019\u2019an ji D\u00eare Zor\u00ea tevl\u00ee nava ref\u00ean YPJ&#8217; \u00ea dibe got: \u201cKi bo min naskirina v\u00ea m\u00eeratey\u00ea jiyanek n\u00fb \u00fb bi wate b\u00fb.\u201d \u015eervana YPJ\u2019\u00ea ya bi esl\u00ea xwe ji D\u00eara Zor\u00ea tevl\u00ee nava ref\u00ean YPJ\u2019\u00ea b\u00fbye bal ki\u015fand ser hov\u00eetiya \u00e7etey\u00ean DA\u00ce\u015e\u2019\u00ea ya li her\u00eam\u00ea \u00fb tevl\u00eeb\u00fbna xwe [&hellip;]<\/p>\n","protected":false},"author":1,"featured_media":12488,"comment_status":"closed","ping_status":"closed","sticky":false,"template":"","format":"standard","meta":{"footnotes":""},"categories":[38],"tags":[],"class_list":{"0":"post-10910","1":"post","2":"type-post","3":"status-publish","4":"format-standard","5":"has-post-thumbnail","7":"category-nuce"},"_links":{"self":[{"href":"https:\/\/ypjrojava.net\/index.php?rest_route=\/wp\/v2\/posts\/10910","targetHints":{"allow":["GET"]}}],"collection":[{"href":"https:\/\/ypjrojava.net\/index.php?rest_route=\/wp\/v2\/posts"}],"about":[{"href":"https:\/\/ypjrojava.net\/index.php?rest_route=\/wp\/v2\/types\/post"}],"author":[{"embeddable":true,"href":"https:\/\/ypjrojava.net\/index.php?rest_route=\/wp\/v2\/users\/1"}],"replies":[{"embeddable":true,"href":"https:\/\/ypjrojava.net\/index.php?rest_route=%2Fwp%2Fv2%2Fcomments&post=10910"}],"version-history":[{"count":1,"href":"https:\/\/ypjrojava.net\/index.php?rest_route=\/wp\/v2\/posts\/10910\/revisions"}],"predecessor-version":[{"id":10912,"href":"https:\/\/ypjrojava.net\/index.php?rest_route=\/wp\/v2\/posts\/10910\/revisions\/10912"}],"wp:featuredmedia":[{"embeddable":true,"href":"https:\/\/ypjrojava.net\/index.php?rest_route=\/wp\/v2\/media\/12488"}],"wp:attachment":[{"href":"https:\/\/ypjrojava.net\/index.php?rest_route=%2Fwp%2Fv2%2Fmedia&parent=10910"}],"wp:term":[{"taxonomy":"category","embeddable":true,"href":"https:\/\/ypjrojava.net\/index.php?rest_route=%2Fwp%2Fv2%2Fcategories&post=10910"},{"taxonomy":"post_tag","embeddable":true,"href":"https:\/\/ypjrojava.net\/index.php?rest_route=%2Fwp%2Fv2%2Ftags&post=10910"}],"curies":[{"name":"wp","href":"https:\/\/api.w.org\/{rel}","templated":true}]}}