{"id":10914,"date":"2020-07-19T07:15:22","date_gmt":"2020-07-19T07:15:22","guid":{"rendered":"https:\/\/ypjrojava.net\/?p=10914"},"modified":"2022-06-17T06:56:17","modified_gmt":"2022-06-17T06:56:17","slug":"eme-soresa-xwe-bi-ruhe-arin-mirkan-u-amarayan-biparezin","status":"publish","type":"post","link":"https:\/\/ypjrojava.net\/?p=10914","title":{"rendered":"Em\u00ea \u015fore\u015fa xwe bi ruh\u00ea Ar\u00een M\u00eerkan \u00fb Amara&#8217;yan bipar\u00eazin"},"content":{"rendered":"<p>Ji gel\u00ea me \u00fb raya gi\u015ft\u00ee re!<\/p>\n<p>Em salvegera 8. Ya \u015fore\u015fa 19&#8217;T\u00eermeh\u00ea , di ser\u00ee de ji mamoste \u00fb feylesof\u00ea jiyan azad, ji R\u00eaber APO re, ji hem\u00fb \u015feh\u00eed\u00ean ku can\u00ea xwe bex\u015faney\u00ee axa welat kirine, li tevah\u00ee gel\u00ea Rojhilata nav\u00een \u00fb gel\u00ea Bak\u00fbr- Rojhilat\u00ea S\u00fbriy\u00ea p\u00eeroz dikin. Di \u015fexs\u00ea avakar\u00ean v\u00ea \u015fore\u015f\u00ea Xebet, Herekol, Silava, R\u00fbksen, J\u00eenda, Z\u00een \u00fb War\u015f\u00een em hem\u00fb \u015feh\u00eed\u00ean \u015fore\u015f\u00ea bib\u00eert\u00eenin \u00fb careke din soza xwe ya serkeftin\u00ea li hember\u00ee teko\u015f\u00een \u00fb eg\u00eedb\u00fbna wan n\u00fb dikin.<\/p>\n<p>Rastiya gel \u00fb civaka ku R\u00eaber APO 20 salan ji bo w\u00ee kar, xebat \u00fb teko\u015f\u00een me\u015fandiye, di 19&#8217;\u00ea T\u00eermeha 2012&#8217;an de li Rojavay\u00ea Kurdistan\u00ea bi \u015fore\u015f\u00ea re n\u00fbjen b\u00fb. \u015eore\u015fa Rojava, bi pergala xwe ya netewa demokrat\u00eek ya ku di p\u00ea\u015fengiya jin\u00ea de hem\u00fb gelan di nava xwe de hemb\u00eaz dike, li seranser\u00ee c\u00eehan\u00ea b\u00fb modeleke alternat\u00eef. Di sala 2010&#8217;an de li welat\u00ean Ereban p\u00eala serhildan\u00ea li T\u00fbnis\u00ea destp\u00eakir, gav bi gav herik\u00ee nava her bajar \u00fb welat\u00ee da ku nav\u00ea v\u00ea serhildan\u00ea b\u00fb, bihara gelan. Ev bihar di sala 2011&#8217;an de desrbas\u00ee S\u00fbriy\u00ea b\u00fb. Gel\u00ea S\u00fbriy\u00ea bi hem\u00fb p\u00eakhatey\u00ean xwe y\u00ean ku bi salan b\u00fb di bin zilma rej\u00eema Baas de jiyan dikir, rab\u00fb ser piyan. Ev rab\u00fbn heq\u00eeqeta xwe ya her\u00ee \u015f\u00eanber \u00fb p\u00eeroz di p\u00eangava 19&#8217;\u00ea T\u00eermeh\u00ea de p\u00eanase kir. Ji ber \u015fore\u015fa 19&#8217;\u00ea T\u00eermeh\u00ea ku weke \u015fore\u015fa gel\u00ea Rojavay\u00ea Kurdistan\u00ea hate nas\u00een, di nava demeke kin de veguher\u00ee \u015fore\u015fa hem\u00fb gel\u00ean S\u00fbr\u00ee. Gel\u00ea Ereb, S\u00fbryan, \u00c7erkez, Ermen, Tirkmen bi baweriy\u00ean xwe y\u00ean cih\u00eareng ve p\u00eanaseya xwe ya \u015f\u00eanber di nava \u015fore\u015fa 19&#8217;\u00ea T\u00eermeh\u00ea de d\u00eetin.<\/p>\n<p>8 sal\u00ean bihor\u00ee ji bona gel\u00ea S\u00fbr\u00ee \u00fb bi taybet weke gel\u00ea Kurd sal\u00ean bi teko\u015f\u00een \u00fb berxwedan\u00ea dagirt\u00eeb\u00fbn. Bi qas\u00ee serkeftin \u00fb destkeftiy\u00ean ku hatin bi dest xistin ewqas\u00ee \u00ea\u015f \u00fb jan\u00ea w\u00ea j\u00ee xwe dane der. Di ser\u00ee de jin, tevah\u00ee civaka me ji dest\u00ea \u00e7etey\u00ean hov rast\u00ee destdir\u00eajiyeke b\u00ea s\u00eenor hatin. Ji bo parastina ax\u00ea \u00fb xilasiya v\u00ee gel\u00ee, bi hezaran hevr\u00eay\u00ean me y\u00ean ku di r\u00eaw\u00eetiya azadiy\u00ea de can\u00ea xwe feda kirin, b\u00eay ku li pey jiyaneke erzan bigerin, b\u00fbn avaker \u00fb xwediy\u00ean heq\u00eeqeta \u015fore\u015f\u00ea. Gel\u00ea me y\u00ea leheng ku heya roja \u00eero li rex \u015fervan\u00ean xwe disekine \u00fb li berxwe dide, ji hem\u00fb c\u00eehan\u00ea re ev rast\u00ee n\u00ee\u015fanda ku \u015fore\u015f bi berd\u00eal\u00ean giran b\u00fbha ve ava dibe.<\/p>\n<p>\u00car\u00ee\u015f\u00ean ku li ser v\u00ea xak\u00ea hatin kirin \u00ear\u00ee\u015f\u00ean ne ji r\u00eaz\u00eab\u00fbn. Di ser\u00ee de dewleta Tirk, bi hevkariya h\u00eaz\u00ean hegemon \u00ean navdewlet\u00ee \u015ferek\u00ee t\u00eakbirina v\u00ea \u015fore\u015f\u00ea hate destp\u00eakirin. Ev \u015fer heya roja \u00eero bi awayek\u00ee dijwar didome. Li hember v\u00ea dagirkeriya giran bi hezaran r\u00eaheval\u00ean me can\u00ea xwe kirin mertal \u00fb heya henaseya xwe ya daw\u00ee destan\u00ean lehengiy\u00ea niv\u00eesandin.<\/p>\n<p>Ev h\u00eaz\u00ean dagirker di her \u00ear\u00ee\u015feke xwe de her\u00ee z\u00eade dest dir\u00eaj\u00ee jin\u00ea kirin. Xwestin rab\u00fbna jina Rojavay\u00ee \u00fb tevah\u00ee jin\u00ean bakur-rojhilat\u00ea S\u00fbr\u00ee ku di \u015fexs\u00ea YPJ&#8217;\u00ea de \u015f\u00eanber b\u00fbye bifetis\u00eenin. Ji ber w\u00ea j\u00ee r\u00eabaz\u00ean xwe y\u00ean her\u00ee hovane li dij\u00ee jin\u00ea bikar an\u00een. L\u00ea bersiva jinan ji hov\u00eetiya wan meztir b\u00fb. Pi\u015ft\u00ee ku rastiya Jina Kurd di Koban\u00ea de di \u015fexs\u00ea Ar\u00een M\u00eerkan \u00fb R\u00eavan&#8217;an ji hem\u00fb jin\u00ean c\u00eehan\u00ea b\u00fb \u00e7avkaniya h\u00eaz \u00fb serhildan\u00ea, v\u00ea car\u00ea li Efr\u00een\u00ea li dij\u00ee hov\u00eet\u00ee \u00fb dagirkeriya dewleta Tirk Avesta \u00fb Bar\u00een\u00ea can\u00ean xwe y\u00ean ciwan kirin feda ji bo xaka welat\u00ea xwe. Ruh\u00ea van r\u00eaheval\u00ean me y\u00ean leheng b\u00fb domdariya m\u00eerate \u00fb \u00e7anda berxwedana jina ser\u00eehild\u00ear. Her wiha b\u00fb r\u00fbmeta gel\u00ean her\u00eam\u00ea. Ji ber v\u00ea ye ku her di\u00e7e \u00ear\u00ee\u015f\u00ean dagirkeran li ser v\u00ea xak\u00ea mezintir dibe. Dewleta Tirk a dagirker tev\u00ee bi hezaran \u00e7etey\u00ean xwe \u00ear\u00ee\u015f\u00ea xaka Ser\u00eakaniy\u00ea \u00fb Til Ebyad\u00ea kir. Di van herd\u00fb bajaran de careke din xwestin v\u00eena gel\u00ea her\u00eam\u00ea bi\u015fk\u00eenin \u00fb b\u00ea \u00eerade bih\u00ealin. L\u00ea vaye \u00eero ji bil\u00ee 2 bajar\u00ean b\u00ea mirov ti ti\u015ft bi dest nexistine. Gel\u00ea me \u00eero di bin \u015fert \u00fb merc\u00ean her\u00ee zor de jiyan dike, l\u00ea v\u00eena xwe, r\u00fbmeta xwe radest\u00ee \u00e7etey\u00ean dewleta Tirk nekirin. Hesab\u00ean ku wan dikir li gor wan p\u00eak nehat, berovaj\u00ee w\u00ea bi hevgirtina giranbiha ya gel\u00ea Kurd, Ereb \u00fb p\u00eakhatey\u00ean din \u00ean her\u00eam\u00ea \u00eero p\u00eangava berxwedana r\u00fbmet\u00ea li hember her away\u00ee \u00ear\u00ee\u015f\u00ean dagirkeriy\u00ea didome. Gel\u00ea her\u00eam\u00ea bi israre ku pergala netewa demokrat\u00eek ava bike \u00fb bi hev re li ser xaka xwe ya ku b\u00fbye m\u00eenaka moza\u00eeka gelan, jiyan bike.<\/p>\n<p>Em weke fermandar \u00fb \u015fervan\u00ean YPJ&#8217;\u00ea di ferq\u00ea de ku \u00eero bar\u00ea me girantir b\u00fbye, \u00eero gef \u00fb xeteriyeke mezin li ser \u015fore\u015fa me heye. Ji bo parastina \u015fore\u015fa 19&#8217;\u00ea T\u00eermeh\u00ea ku b\u00fbye \u015fore\u015fa tevah\u00ee gel\u00ea S\u00fbr\u00ee, em bi hev re bibin xelekeke ji agir da ku em dest\u00fbr nedin ti h\u00eaz dest\u00ea xwe dir\u00eaj\u00ee ser axa me \u00fb \u015fore\u015fa gelan bike. Parastina \u015fore\u015f\u00ea erka me tevane \u00fb di serd\u00ee de j\u00ee weke YPJ erka me ye. Em\u00ea bi v\u00ea giraniy\u00ea li hember\u00ee her away\u00ee \u00ear\u00ee\u015fan bibin bombeya di dest\u00ea Ar\u00een M\u00eerkan&#8217;an de \u00fb hem\u00fb hesab\u00ean dagirkeran vala derxin \u00fb \u00ear\u00ee\u015f\u00ean wan t\u00eak bibin. Careke din em salvegera \u015fore\u015fa 19&#8217;\u00ea T\u00eermeh\u00ea li R\u00eaber APO, li \u015feh\u00eed\u00ean \u015fore\u015f\u00ea, li hem\u00fb jin\u00ean azad\u00eexwaz \u00fb li gel\u00ea xwe y\u00ea berxwed\u00ear p\u00eeroz dikin.<\/p>\n<p>Fermandariya Gi\u015ft\u00ee ya YPJ<\/p>\n<p>19 T\u00eermeh 2020<\/p>\n","protected":false},"excerpt":{"rendered":"<p>Ji gel\u00ea me \u00fb raya gi\u015ft\u00ee re! Em salvegera 8. Ya \u015fore\u015fa 19&#8217;T\u00eermeh\u00ea , di ser\u00ee de ji mamoste \u00fb feylesof\u00ea jiyan azad, ji R\u00eaber APO re, ji hem\u00fb \u015feh\u00eed\u00ean ku can\u00ea xwe bex\u015faney\u00ee axa welat kirine, li tevah\u00ee gel\u00ea Rojhilata nav\u00een \u00fb gel\u00ea Bak\u00fbr- Rojhilat\u00ea S\u00fbriy\u00ea p\u00eeroz dikin. Di \u015fexs\u00ea avakar\u00ean v\u00ea \u015fore\u015f\u00ea Xebet, [&hellip;]<\/p>\n","protected":false},"author":1,"featured_media":12948,"comment_status":"closed","ping_status":"closed","sticky":false,"template":"","format":"standard","meta":{"footnotes":""},"categories":[39],"tags":[],"class_list":{"0":"post-10914","1":"post","2":"type-post","3":"status-publish","4":"format-standard","5":"has-post-thumbnail","7":"category-daxuyani"},"_links":{"self":[{"href":"https:\/\/ypjrojava.net\/index.php?rest_route=\/wp\/v2\/posts\/10914","targetHints":{"allow":["GET"]}}],"collection":[{"href":"https:\/\/ypjrojava.net\/index.php?rest_route=\/wp\/v2\/posts"}],"about":[{"href":"https:\/\/ypjrojava.net\/index.php?rest_route=\/wp\/v2\/types\/post"}],"author":[{"embeddable":true,"href":"https:\/\/ypjrojava.net\/index.php?rest_route=\/wp\/v2\/users\/1"}],"replies":[{"embeddable":true,"href":"https:\/\/ypjrojava.net\/index.php?rest_route=%2Fwp%2Fv2%2Fcomments&post=10914"}],"version-history":[{"count":1,"href":"https:\/\/ypjrojava.net\/index.php?rest_route=\/wp\/v2\/posts\/10914\/revisions"}],"predecessor-version":[{"id":10916,"href":"https:\/\/ypjrojava.net\/index.php?rest_route=\/wp\/v2\/posts\/10914\/revisions\/10916"}],"wp:featuredmedia":[{"embeddable":true,"href":"https:\/\/ypjrojava.net\/index.php?rest_route=\/wp\/v2\/media\/12948"}],"wp:attachment":[{"href":"https:\/\/ypjrojava.net\/index.php?rest_route=%2Fwp%2Fv2%2Fmedia&parent=10914"}],"wp:term":[{"taxonomy":"category","embeddable":true,"href":"https:\/\/ypjrojava.net\/index.php?rest_route=%2Fwp%2Fv2%2Fcategories&post=10914"},{"taxonomy":"post_tag","embeddable":true,"href":"https:\/\/ypjrojava.net\/index.php?rest_route=%2Fwp%2Fv2%2Ftags&post=10914"}],"curies":[{"name":"wp","href":"https:\/\/api.w.org\/{rel}","templated":true}]}}