{"id":10921,"date":"2020-07-19T08:14:04","date_gmt":"2020-07-19T08:14:04","guid":{"rendered":"https:\/\/ypjrojava.net\/?p=10921"},"modified":"2022-06-16T11:39:36","modified_gmt":"2022-06-16T11:39:36","slug":"19-tirmehe-buye-ruhe-vejin-u-serkeftina-rojhilata-navin","status":"publish","type":"post","link":"https:\/\/ypjrojava.net\/?p=10921","title":{"rendered":"19&#8242; T\u00eermeh\u00ea B\u00fbye Ruh\u00ea Vej\u00een \u00fb Serkeftina Rojhilata Nav\u00een"},"content":{"rendered":"<p>Hest\u00ean day\u00eek\u00ean ku \u015fah\u00eediya k\u00ealiy\u00ean \u015fore\u015f\u00ea kirine<\/p>\n<p>Day\u00eek\u00ea bi nav\u00ea \u015eazya;<\/p>\n<p>Ez ji Her\u00eama Efr\u00een\u00ea me, em bi salane bi v\u00ea tevger\u00ea re b\u00fbne yek min ser r\u00eaya biraye xwe ev tevger naskir wek \u015eeh\u00eed \u00a0\u00c7\u00eelo, \u015eeh\u00eed Seydo \u00fb \u015eeh\u00eed Rifat min wan naskir heval\u00ea hevd\u00fb b\u00fbn l\u00ea hema em di wir de nesekin\u00een, d\u00fb biray\u00ea min \u00fb d\u00fb kur\u00ea min \u015feh\u00eedin ji ber w\u00ea j\u00ee em bejna xwe hember\u00ee hem\u00fb \u015feh\u00eedan ditew\u00eenin silav\u00ea min j\u00ee ji dil ji R\u00eaber APO re heye me sozek dab\u00fb R\u00eaber APO \u00fb \u015feh\u00eeda em li ser soza xwe ne ji kevin de me xebat\u00ea cebhew\u00ee dida me\u015fandin destp\u00eak\u00ea di gunda de pi\u015ftre di xeta de me kar dikir \u00fb sal derbas b\u00fbn di Efr\u00een\u00ea de me kar kir. Li gor \u00e7ar\u00e7ovey\u00ea xebat\u00ea me ve zarok\u00ea v\u00ea gel\u00ee ber\u00ea xwe dan v\u00ea tevger\u00ea. Ev tevger pejirandin \u00fb li ser v\u00ea r\u00eay\u00ea me\u015f\u00een \u00fb b\u00fbn Heval. Ber\u00ea xwe dan \u00e7iyay\u00ea azad me got em wek malbat me bi \u015eeh\u00eed \u00c7\u00eeloya destp\u00eakir em\u00ea bi \u015eeh\u00eed B\u00eerhata bi daw\u00ee bikin ji ber v\u00ea j\u00ee heya 19\u00a0 t\u00eermeh\u00ea em me\u015fiyan hinek kesan digotin &#8216;h\u00fbn \u00e7i dikin&#8217; min j\u00ee got &#8217;em serbilindin bi welatpar\u00eaz\u00ee, b\u00ee \u015feh\u00eed\u00ean \u00fb sekna xwe.&#8217;<\/p>\n<p>Gel gi\u015ft\u00ee ne ten\u00ea bi ya xwe dema xweseriy\u00ea de j\u00ee bi h\u00eaz \u00fb v\u00eena xwe, xwe bi r\u00eave dibir. Ten\u00ea ku h\u00eaza xweseriya em k\u00eafxwa\u015f nekirin hesreta me ya her\u00ee mezin ew b\u00fb ku em rojek\u00ea hevalan bi \u00e7ek, rext \u00fb bi cil\u00ean wan \u00ean le\u015fker\u00ee bib\u00eenin. Dema me heval\u00ea YPJ&#8217;\u00ea, YPG&#8217;\u00ea, \u00a0h\u00eaza hindir\u00een, asay\u00ee\u015f \u00a0\u00fb erka xwe parastin d\u00eetin w\u00ea dem\u00ea em pir serbilindb\u00fbn bi zarok\u00ean xwe. Me bi serbilind\u00ee digot &#8216;keda me vala na\u00e7e \u00fb w\u00ea ne\u00e7e&#8217;. Dema ku ew heval dihatin day\u00eek \u00a0di\u00e7\u00fbn p\u00ea\u015fiya wan \u00a0me dida til\u00eeliya, em j\u00ee wek day\u00eek bi wan serbilindin.<\/p>\n<p>Di Efr\u00een\u00ea de pir caran \u015fer hat qewimandin, ne ten\u00ea carek pir caran \u015fer\u00ea her\u00ee giran j\u00ee ya Dewleta Tirk ku bi tang, top \u00fb balafiran ve \u00ear\u00ee\u015f kir. Me hezaran \u015feh\u00eed dan tucar\u00ee me negot bes an j\u00ee em nikarin. \u015eervan\u00ean v\u00ea ax\u00ea heya daw\u00ee v\u00ea \u015fer\u00eede cih\u00ea xwe girtin ne ten\u00ea ji Rojava b\u00fbn ji her dever\u00ea Kurdistan\u00ea lehengan di \u00e7eperan de cih girtin. Wan \u015fervanan ango zarok\u00ean me heyan\u00ee ku \u00e7\u00fbn \u00a0ser dilovaniya xwe silogana Bij\u00ee Serok APO dav\u00eatin \u00a0negotin bese \u00fb ya j\u00ee em westiyan.<\/p>\n<p>Di Efr\u00een\u00ea de gel du mehan di \u015fer de berxwedan bila tucar\u00ee Dewleta Tirk nebeje me Efr\u00een me bidest xistiye wek\u00ea jinek Efr\u00een\u00ea ez dib\u00eajim &#8216;me Efr\u00een bernedaye \u00fb em\u00ea berdin j\u00ee&#8217;. May\u00eena me ya van kampan j\u00ee ji ber biryardariya me a zivirandina Efr\u00een\u00ea ye \u00fb em bi v\u00ea t\u00eako\u015f\u00eena xwe j\u00ee serbilindin. C\u00eeh\u00ea r\u00eaz girtin\u00eaye \u00fb c\u00eeh\u00ea ser bilindahiy\u00ea ye em\u00ea li ber xwe bidin.<\/p>\n<p>Me tucar\u00ee ser\u00ea xwe ji dijmin re netewandiye \u00fb tu h\u00eaz y\u00ea nikaribe v\u00eena me bi\u015fk\u00eene. Wek jin \u00fb gel\u00ea Bak\u00fbr Rojhilat\u00ea S\u00fbr\u00ee em\u00ea dest\u00ea xwe bikin yek, bi w\u00ee away\u00ee li hember dagirkeran \u015fer bikin. Em\u00ea bi tevgera xwe re, bi \u015fervan\u00ea xwe re di \u015fer\u00ea gel\u00ea \u015fore\u015fger\u00ee de cih bigrin \u00fb ji bo axa xwe rizgar bikin em\u00ea berxwe bidin. Heya ku day\u00eek\u00ean \u015feh\u00eedan hebin em\u00ea pi\u015ftgiriya SEROK\u00ca xwe \u00fb \u015eEH\u00ceD\u00ca xwe bikin.<\/p>\n","protected":false},"excerpt":{"rendered":"<p>Hest\u00ean day\u00eek\u00ean ku \u015fah\u00eediya k\u00ealiy\u00ean \u015fore\u015f\u00ea kirine Day\u00eek\u00ea bi nav\u00ea \u015eazya; Ez ji Her\u00eama Efr\u00een\u00ea me, em bi salane bi v\u00ea tevger\u00ea re b\u00fbne yek min ser r\u00eaya biraye xwe ev tevger naskir wek \u015eeh\u00eed \u00a0\u00c7\u00eelo, \u015eeh\u00eed Seydo \u00fb \u015eeh\u00eed Rifat min wan naskir heval\u00ea hevd\u00fb b\u00fbn l\u00ea hema em di wir de nesekin\u00een, d\u00fb [&hellip;]<\/p>\n","protected":false},"author":1,"featured_media":12622,"comment_status":"closed","ping_status":"closed","sticky":false,"template":"","format":"standard","meta":{"footnotes":""},"categories":[59],"tags":[],"class_list":{"0":"post-10921","1":"post","2":"type-post","3":"status-publish","4":"format-standard","5":"has-post-thumbnail","7":"category-biranin"},"_links":{"self":[{"href":"https:\/\/ypjrojava.net\/index.php?rest_route=\/wp\/v2\/posts\/10921","targetHints":{"allow":["GET"]}}],"collection":[{"href":"https:\/\/ypjrojava.net\/index.php?rest_route=\/wp\/v2\/posts"}],"about":[{"href":"https:\/\/ypjrojava.net\/index.php?rest_route=\/wp\/v2\/types\/post"}],"author":[{"embeddable":true,"href":"https:\/\/ypjrojava.net\/index.php?rest_route=\/wp\/v2\/users\/1"}],"replies":[{"embeddable":true,"href":"https:\/\/ypjrojava.net\/index.php?rest_route=%2Fwp%2Fv2%2Fcomments&post=10921"}],"version-history":[{"count":2,"href":"https:\/\/ypjrojava.net\/index.php?rest_route=\/wp\/v2\/posts\/10921\/revisions"}],"predecessor-version":[{"id":12623,"href":"https:\/\/ypjrojava.net\/index.php?rest_route=\/wp\/v2\/posts\/10921\/revisions\/12623"}],"wp:featuredmedia":[{"embeddable":true,"href":"https:\/\/ypjrojava.net\/index.php?rest_route=\/wp\/v2\/media\/12622"}],"wp:attachment":[{"href":"https:\/\/ypjrojava.net\/index.php?rest_route=%2Fwp%2Fv2%2Fmedia&parent=10921"}],"wp:term":[{"taxonomy":"category","embeddable":true,"href":"https:\/\/ypjrojava.net\/index.php?rest_route=%2Fwp%2Fv2%2Fcategories&post=10921"},{"taxonomy":"post_tag","embeddable":true,"href":"https:\/\/ypjrojava.net\/index.php?rest_route=%2Fwp%2Fv2%2Ftags&post=10921"}],"curies":[{"name":"wp","href":"https:\/\/api.w.org\/{rel}","templated":true}]}}