{"id":10924,"date":"2020-07-19T11:41:36","date_gmt":"2020-07-19T11:41:36","guid":{"rendered":"https:\/\/ypjrojava.net\/?p=10924"},"modified":"2022-06-15T16:02:12","modified_gmt":"2022-06-15T16:02:12","slug":"servanen-ypje-u-ypge-salvegara-19e-tirmehe-li-goristana-sehidan-piroz-kirin","status":"publish","type":"post","link":"https:\/\/ypjrojava.net\/?p=10924","title":{"rendered":"\u015eervan\u00ean YPJ\u2019\u00ea \u00fb YPG\u2019\u00ea salvegara 19\u2019\u00ea T\u00eermeh\u00ea li Goristana \u015feh\u00eedan p\u00eeroz kirin"},"content":{"rendered":"<p>Salvegera 19\u2019\u00ea T\u00eermeh\u00ea ya dikeva sala xwe ya 9. de \u015fervanan di ser\u00ee de ber\u00ea xwe dan cih \u00fb war\u00ean p\u00eeroz Goristan\u00ean r\u00eaheval\u00ean xwe y\u00ean \u015feh\u00eed\u00ean \u015fore\u015fa Rojav\u00ea Kurdistan\u00ea. \u015eervan\u00ean YPJ\u2019\u00ea bi wes\u00eeleya salaveger\u00ea li goristana \u015feh\u00eed\u00ean taxa \u015e\u00eax Meqsud a bajar\u00ea Heleb\u00ea m\u00fbm li ser goristanan p\u00eaxistin \u00fb hest \u00fb n\u00ear\u00een\u00ean xwe y\u00ean di derbar\u00ea \u015fore\u015f\u00ea de an\u00een ser ziman.<\/p>\n<p>\u015eervana bi nav\u00ea Amara Koban\u00ea an\u00ee ziman ku hatina li ser gor\u00ean \u015feh\u00eedan mum p\u00eaxistin, ev yek h\u00eaz \u00fb kelecaneke pir mezin dide me. \u015eore\u015fa Rojava yekb\u00fby\u00eenek da avakirin \u00fb hem\u00fb jinan cih\u00ea xwe t\u00eada girtin, ne ten\u00ea jina Kurd \u00e7i Ereb, \u00e7i j\u00ee jin\u00ean enternasyonal bi rihek\u00ee feday\u00ee tevl\u00ee \u015fore\u015f\u00ea b\u00fbn. Di ser\u00ee de li R\u00eaber Apo, \u015feh\u00eed\u00ean \u015fore\u015f\u00ea \u00fb li hem\u00fb gelan \u015fore\u015fa 19\u2019\u00ea T\u00eermeh\u00ea p\u00eeroz be. Em\u00ea bi e\u015fqa r\u00eaheval\u00ean xwe y\u00ean \u015feh\u00eed ji bo azad\u00ee teko\u015f\u00een bikin ku em xewn \u00fb xeyal\u00ean wan bi cih b\u00eenin.<\/p>\n<p>\u015eervana bi nav\u00ea Beng\u00ee M\u00fb\u015f: \u015eore\u015fa Rojava di ser\u00ee de li R\u00eaber Apo, \u015feh\u00eed\u00ean \u015fore\u015f\u00ea \u00fb jin\u00ean t\u00eako\u015fer p\u00eeroz dikim. \u015eore\u015fa 19\u2019\u00ea T\u00eermeh\u00ea b\u00fb wes\u00eeleya ku em bigh\u00eajin v\u00ea roj\u00ea \u00fb wek jin cih\u00ea xwe di \u015fore\u015f\u00ea de bigrin. Bi h\u00eaz \u00fb baweriyeke mezin em\u00ea \u015fore\u015f\u00ea bipar\u00eazin \u00fb may\u00eende bikin. Di her rojeke wiha gir\u00eeng de em heval\u00ean xwe y\u00ean \u015feh\u00eed bi b\u00eert\u00eenin \u00fb cardin biryardariya xwe xurt dikin ku em hertim li ser riya wan bime\u015fin. Riya azadiy\u00ea \u00fb berxwedan\u00ea wek jin em\u00ea li ser riya ku heval\u00ean me y\u00ean \u015feh\u00eed bi feday\u00eeb\u00fbna xwe n\u00ee\u015fan\u00ee me dane\u00a0 bi serkeftin\u00ea tac\u00eedar bikin.<\/p>\n<p>\u015eervan\u00ean YPJ\u2019\u00ea &#8211; YPG\u2019\u00ea bi dir\u00fb\u015fmeya B\u00ea Serok Jiyan Nabe, \u015eeh\u00eed namirin \u00fb 19\u2019\u00ea T\u00eermeh\u00ea p\u00eeroz be, xatir ji r\u00eaheval\u00ean xwe y\u00ean \u015feh\u00eed xwestin \u00fb ber\u00ea xwe dan eniy\u00ean xwe y\u00ean ceng\u00ea.<\/p>\n","protected":false},"excerpt":{"rendered":"<p>Salvegera 19\u2019\u00ea T\u00eermeh\u00ea ya dikeva sala xwe ya 9. de \u015fervanan di ser\u00ee de ber\u00ea xwe dan cih \u00fb war\u00ean p\u00eeroz Goristan\u00ean r\u00eaheval\u00ean xwe y\u00ean \u015feh\u00eed\u00ean \u015fore\u015fa Rojav\u00ea Kurdistan\u00ea. \u015eervan\u00ean YPJ\u2019\u00ea bi wes\u00eeleya salaveger\u00ea li goristana \u015feh\u00eed\u00ean taxa \u015e\u00eax Meqsud a bajar\u00ea Heleb\u00ea m\u00fbm li ser goristanan p\u00eaxistin \u00fb hest \u00fb n\u00ear\u00een\u00ean xwe y\u00ean di [&hellip;]<\/p>\n","protected":false},"author":1,"featured_media":12490,"comment_status":"closed","ping_status":"closed","sticky":false,"template":"","format":"standard","meta":{"footnotes":""},"categories":[38],"tags":[],"class_list":{"0":"post-10924","1":"post","2":"type-post","3":"status-publish","4":"format-standard","5":"has-post-thumbnail","7":"category-nuce"},"_links":{"self":[{"href":"https:\/\/ypjrojava.net\/index.php?rest_route=\/wp\/v2\/posts\/10924","targetHints":{"allow":["GET"]}}],"collection":[{"href":"https:\/\/ypjrojava.net\/index.php?rest_route=\/wp\/v2\/posts"}],"about":[{"href":"https:\/\/ypjrojava.net\/index.php?rest_route=\/wp\/v2\/types\/post"}],"author":[{"embeddable":true,"href":"https:\/\/ypjrojava.net\/index.php?rest_route=\/wp\/v2\/users\/1"}],"replies":[{"embeddable":true,"href":"https:\/\/ypjrojava.net\/index.php?rest_route=%2Fwp%2Fv2%2Fcomments&post=10924"}],"version-history":[{"count":1,"href":"https:\/\/ypjrojava.net\/index.php?rest_route=\/wp\/v2\/posts\/10924\/revisions"}],"predecessor-version":[{"id":10926,"href":"https:\/\/ypjrojava.net\/index.php?rest_route=\/wp\/v2\/posts\/10924\/revisions\/10926"}],"wp:featuredmedia":[{"embeddable":true,"href":"https:\/\/ypjrojava.net\/index.php?rest_route=\/wp\/v2\/media\/12490"}],"wp:attachment":[{"href":"https:\/\/ypjrojava.net\/index.php?rest_route=%2Fwp%2Fv2%2Fmedia&parent=10924"}],"wp:term":[{"taxonomy":"category","embeddable":true,"href":"https:\/\/ypjrojava.net\/index.php?rest_route=%2Fwp%2Fv2%2Fcategories&post=10924"},{"taxonomy":"post_tag","embeddable":true,"href":"https:\/\/ypjrojava.net\/index.php?rest_route=%2Fwp%2Fv2%2Ftags&post=10924"}],"curies":[{"name":"wp","href":"https:\/\/api.w.org\/{rel}","templated":true}]}}