{"id":10932,"date":"2020-08-07T09:14:54","date_gmt":"2020-08-07T09:14:54","guid":{"rendered":"https:\/\/ypjrojava.net\/?p=10932"},"modified":"2022-06-16T11:19:58","modified_gmt":"2022-06-16T11:19:58","slug":"hevi-bu-nisaneya-yekparebuna-tekosina-ji-bo-azadiye","status":"publish","type":"post","link":"https:\/\/ypjrojava.net\/?p=10932","title":{"rendered":"H\u00eav\u00ee B\u00fb N\u00ee\u015faneya Yekpareb\u00fbna Teko\u015f\u00eena Ji Bo Azadiy\u00ea"},"content":{"rendered":"<p>Em \u015fore\u015fger \u00fb r\u00eahevala xwe H\u00eav\u00ee (Gul\u00eestan Aksoy) a ku di encama nexwe\u015fiyeke giran de di roja 26\u2019\u00ea T\u00eermeh\u00ea de tevl\u00ea karwan\u00ean nemiran b\u00fb, bi hezkirin \u00fb r\u00eazdariyeke mezin bib\u00eert\u00eenin. Em sersax\u00ee ji malbata w\u00ea ya h\u00eaja re dixwazin \u00fb dib\u00eajin bila ser\u00ea gel\u00ea me her serbilind \u00fb saxbe.<\/p>\n<p>R\u00eaheval H\u00eav\u00ee ya ku tevah\u00ee giyana xwe m\u00eena m\u00fbmek\u00ea di ber teko\u015f\u00eena azadiya gel\u00ea xwe de helandiye, di her henaseyeke jiyana xwe de b\u00fb \u00e7avkaniya co\u015f, moral \u00fb h\u00eaviy\u00ea. Ji ber me r\u00eaheval \u00fb \u015fore\u015fgerek wiha dilw\u00earek \u00fb mezin wenda kir, em xemg\u00eeniya xwe bi malbata w\u00ea ya h\u00eaja \u00fb gel\u00ea xwe y\u00ea welatpar\u00eaz re parve dikin. L\u00ea em bi dilw\u00earek\u00ee \u00fb berxwedaniya w\u00ea ya b\u00eahempa j\u00ee serbilindin. M\u00eena her hevalek \u015feh\u00eed, r\u00eaheval H\u00eav\u00ee j\u00ee erka xwe ya li hember \u015fore\u015f\u00ea, li hember hem\u00fb jinan \u00fb gel\u00ea xwe bi serkeft\u00ee p\u00eak an\u00ee \u00fb ev teko\u015f\u00eena xwe dewr\u00ee me kir.<\/p>\n<p>\u00c7awa ku heval H\u00eav\u00ee di xebat\u00ean ciwanan de, di kar \u00fb xebat\u00ean \u00e7apemeniya azad de \u00fb di teko\u015f\u00eena azadiya jin\u00ea de b\u00fb xwed\u00ee roleke diyarker \u00fb akt\u00eef, li Rojavay\u00ea Kurdistan\u00ea j\u00ee b\u00fb xwed\u00ee heman rol\u00ea. Ango di k\u00ealiy\u00ean her\u00ee dijwar ku \u00e7etey\u00ean DA\u0130\u015e \u00fb El N\u00fbsra bi hov\u00eetiyeke mezin ber\u00ea xwe dab\u00fbn war\u00ea me Rojavay\u00ea Kurdistan\u00ea \u00fb her der talan dikir, \u015fore\u015fger H\u00eav\u00ee, m\u00eena bi sedan ciwan\u00ean Kurd got; \u201cDiv\u00ea ez li wir bim\u201d \u00fb bi rast\u00ee di k\u00ealiy\u00ean her\u00ee zor de li hember dijwariya dagirkeriy\u00ea ji gel\u00ea xwe re b\u00fb m\u00eena mertalek\u00ea.<\/p>\n<p>H\u00eav\u00ee ber\u00ea xwe da Rojava \u00fb ji wir j\u00ee ber\u00ea xwe da eniy\u00ean her\u00ee p\u00ea\u015f \u00fb bi w\u00earekiyeke mezin li rex \u015fervan\u00ean YPJ \u00fb YPG\u2019\u00ea li dij\u00ee dagirkeran \u015fer kir. Bi dilw\u00earekiyeke mezin cih\u00ea xwe di gelek p\u00eangav\u00ean Rojava de girt. Di p\u00eangava rizgarkirina Til Ko\u00e7er de ji ling\u00ea xwe de bir\u00eendar dibe. Her \u00e7end\u00ee bir\u00eendar j\u00ee dibe, l\u00ea dev ji r\u00eaheval\u00ean xwe bernade \u00fb careke din mil bi mil tev r\u00eaheval\u00ean xwe gelek \u00ear\u00ee\u015f\u00ean \u00e7eteyan di\u015fk\u00eenin, vala derdixin. Di sala 2015\u2019an de v\u00ea car\u00ea ber\u00ea xwe dide war\u00ea berxwedana R\u00fbmet\u00ea Ser\u00eakaniy\u00ea, l\u00ea mixabin ku may\u00eeneke xedar a \u00e7etey\u00ean DA\u0130\u015e\u2019\u00ea di w\u00ea de diteqe \u00fb bi rengek pir giran bir\u00eendar dibe.<\/p>\n<p>Pi\u015ft\u00ee w\u00ea bir\u00eendariya giran n\u00eaz\u00ee 2 salan li Rojav tedawiya xwe d\u00eet. Di nava van herd\u00fb salan de j\u00ee bi rast\u00ee li hember bir\u00eendariya xwe berxwedaniyeke mezin n\u00ee\u015fan da. B\u00fb yek ji gaziy\u00ean destp\u00eak\u00ea y\u00ean \u015fore\u015fa Rojava \u00fb wiha digot; \u201cEm wek kom\u00eeta Gaziyan ku kom\u00eeta R\u00eaber APO ye, p\u00eaw\u00eeste em heya daw\u00ee xeta \u015feh\u00eedan di jiyan \u00fb teko\u015f\u00eena xwe de zind\u00ee bih\u00ealin\u201d. Bi ruxm\u00ea ku nedikar\u00ee biaxive j\u00ee, l\u00ea ti car\u00ee r\u00fbkeniya w\u00ea ya tije h\u00eav\u00ee ji r\u00fby\u00ea w\u00ea k\u00eam nedib\u00fb. Ji ber ku di wan salan de derfet\u00ean dermankirin\u00ea pir s\u00eenordarb\u00fbn, ji bo tedawiy\u00ea derbas\u00ee Almanya b\u00fb \u00fb li wir ji ber bir\u00eendar\u00ee \u00fb nexwe\u015fiy\u00ean xwe y\u00ean giran \u00e7av\u00ea xwe li c\u00eehan\u00ea girt \u00fb tevl\u00ea karwan\u00ean \u015feh\u00eedan b\u00fb.<\/p>\n<p>R\u00eahevala me h\u00eav\u00ee, \u015fore\u015fgera ciwan bi l\u00eager\u00een, teko\u015f\u00een, berxwedan\u00ee \u00fb \u015fer\u00ea xwe di eniy\u00ean teko\u015f\u00een\u00ea y\u00ean cur be cur de b\u00fb m\u00eenaka sekna \u015fore\u015fger\u00ee ya ku xwed\u00ee li erk\u00ean dem\u00ea derdikeve. Bi kasayeta xwe ya p\u00ea\u015feng, bi co\u015f \u00fb morala xwe ya jiyan\u00ea \u00fb bi h\u00ears \u00fb k\u00eena xwe ya li hember\u00ee dijmin, tim\u00ee m\u00eenak b\u00fb. Ew b\u00fb n\u00ee\u015faneya yekpareb\u00fbna teko\u015f\u00een\u00ea. Dema p\u00eaw\u00eest\u00ee d\u00eet, b\u00fb rojnemevan \u00fb \u00ea\u015f\u00ean gel\u00ea xwe, teko\u015f\u00eena giranbiha ya jinan ji bo azadiy\u00ea bi riya objekt\u00eefa xwe ji c\u00eehan\u00ea re ragihand, dema p\u00eaw\u00eest b\u00fb di kar \u00fb xebat\u00ean ciwanan de cih\u00ea xwe girt \u00fb ji ciwan\u00ean welat\u00ea xwe re, ji ke\u00e7\u00ean ciwan re r\u00eaya rast a teko\u015f\u00een\u00ea n\u00ee\u015fanda. Dema p\u00eaw\u00eest\u00ee d\u00eet j\u00ee ber\u00ea xwe da eniy\u00ean her\u00ee p\u00ea\u015f \u00ean ceng\u00ea \u00fb li dij\u00ee hewldan\u00ean dagirkeriy\u00ea \u015ferkir, li berxwe da \u00fb ji bedel day\u00een\u00ea gav pa\u015fde ne av\u00eat.<\/p>\n<p>Kedkara \u015fore\u015f\u00ea, h\u00eaviya r\u00eaheval\u00ean xwe, bi ruxm\u00ea bir\u00een\u00ean w\u00ea y\u00ean giran heya henaseya xwe ya daw\u00ee bi co\u015feke mezin jiyan kir. Bi dehan caran meydan ji celad\u00ean m\u00eena DA\u0130\u015e\u2019\u00ea re xwend. Di kesayeta xwe de sekna jina azad \u015f\u00eanber kir, b\u00fb \u015fopdara rasteq\u00een a r\u00eaheval\u00ean xwe y\u00ean \u015feh\u00eed. \u00cero r\u00eaheval H\u00eav\u00ee m\u00eena bi hezaran \u015feh\u00eed\u00ean ku can\u00ea xwe di ber v\u00ea ax\u00ea de dane, bilindkirina teko\u015f\u00een\u00ea ji me emir dike. Em j\u00ee wek Yek\u00eeney\u00ean Parastina Jin YPJ dib\u00eajin ku w\u00ea sekna r\u00eaheval H\u00eav\u00ee, leheng\u00ee \u00fb berxwedaniya w\u00ea tim\u00ee bibe nex\u015fer\u00eaya jiyan \u00fb \u015fer\u00ea me. Ji bo avakirina p\u00ea\u015ferojeke azad, em\u00ea ala teko\u015f\u00een\u00ea ya ku wan dewr\u00ea me kir\u00ee, bilindtir bikin \u00fb bi biryardariyeke mezintir xwed\u00ee li erk\u00ean dem\u00ea derkevin. Em careke din di \u015fexs\u00ea r\u00eaheval H\u00eav\u00ee de hem\u00fb \u015feh\u00eed\u00ean \u015fore\u015f\u00ea bi r\u00eazdar\u00ee bib\u00eert\u00eenin \u00fb soza may\u00eende kirina jiyan \u00fb teko\u015f\u00eena wan a ji bo jiyaneke azad n\u00fb dikin.<\/p>\n<p><strong>Fermandariya Gi\u015ft\u00ee ya YPJ<\/strong><\/p>\n","protected":false},"excerpt":{"rendered":"<p>Em \u015fore\u015fger \u00fb r\u00eahevala xwe H\u00eav\u00ee (Gul\u00eestan Aksoy) a ku di encama nexwe\u015fiyeke giran de di roja 26\u2019\u00ea T\u00eermeh\u00ea de tevl\u00ea karwan\u00ean nemiran b\u00fb, bi hezkirin \u00fb r\u00eazdariyeke mezin bib\u00eert\u00eenin. Em sersax\u00ee ji malbata w\u00ea ya h\u00eaja re dixwazin \u00fb dib\u00eajin bila ser\u00ea gel\u00ea me her serbilind \u00fb saxbe. R\u00eaheval H\u00eav\u00ee ya ku tevah\u00ee giyana [&hellip;]<\/p>\n","protected":false},"author":1,"featured_media":12606,"comment_status":"closed","ping_status":"closed","sticky":false,"template":"","format":"standard","meta":{"footnotes":""},"categories":[39],"tags":[],"class_list":{"0":"post-10932","1":"post","2":"type-post","3":"status-publish","4":"format-standard","5":"has-post-thumbnail","7":"category-daxuyani"},"_links":{"self":[{"href":"https:\/\/ypjrojava.net\/index.php?rest_route=\/wp\/v2\/posts\/10932","targetHints":{"allow":["GET"]}}],"collection":[{"href":"https:\/\/ypjrojava.net\/index.php?rest_route=\/wp\/v2\/posts"}],"about":[{"href":"https:\/\/ypjrojava.net\/index.php?rest_route=\/wp\/v2\/types\/post"}],"author":[{"embeddable":true,"href":"https:\/\/ypjrojava.net\/index.php?rest_route=\/wp\/v2\/users\/1"}],"replies":[{"embeddable":true,"href":"https:\/\/ypjrojava.net\/index.php?rest_route=%2Fwp%2Fv2%2Fcomments&post=10932"}],"version-history":[{"count":2,"href":"https:\/\/ypjrojava.net\/index.php?rest_route=\/wp\/v2\/posts\/10932\/revisions"}],"predecessor-version":[{"id":12607,"href":"https:\/\/ypjrojava.net\/index.php?rest_route=\/wp\/v2\/posts\/10932\/revisions\/12607"}],"wp:featuredmedia":[{"embeddable":true,"href":"https:\/\/ypjrojava.net\/index.php?rest_route=\/wp\/v2\/media\/12606"}],"wp:attachment":[{"href":"https:\/\/ypjrojava.net\/index.php?rest_route=%2Fwp%2Fv2%2Fmedia&parent=10932"}],"wp:term":[{"taxonomy":"category","embeddable":true,"href":"https:\/\/ypjrojava.net\/index.php?rest_route=%2Fwp%2Fv2%2Fcategories&post=10932"},{"taxonomy":"post_tag","embeddable":true,"href":"https:\/\/ypjrojava.net\/index.php?rest_route=%2Fwp%2Fv2%2Ftags&post=10932"}],"curies":[{"name":"wp","href":"https:\/\/api.w.org\/{rel}","templated":true}]}}