{"id":10943,"date":"2020-08-14T08:44:14","date_gmt":"2020-08-14T08:44:14","guid":{"rendered":"https:\/\/ypjrojava.net\/?p=10943"},"modified":"2022-06-16T11:14:54","modified_gmt":"2022-06-16T11:14:54","slug":"yekbuna-gelan-teminata-peserojeke-azade","status":"publish","type":"post","link":"https:\/\/ypjrojava.net\/?p=10943","title":{"rendered":"Yekb\u00fbna Gelan, Tem\u00eenata P\u00ea\u015ferojeke Azade"},"content":{"rendered":"<p><strong>Ji gel\u00ea me \u00fb raya gi\u015ft\u00ee re!<\/strong><\/p>\n<p>Di roja 15 Tebaxa sala 2016\u2019an de d\u00eemen\u00ean serkeftin \u00fb rizgarkirina bajar\u00ea Minbic\u00ea bi dil\u015fadiya gel \u00fb jinan re tac\u00eedar b\u00fb. Pergala netewa demokrat\u00eek a ku t\u00ea wateya cejna gelan, bi bedel, ked \u00fb teko\u015f\u00eeneke b\u00ea hempa ve hate avakirin. Ji ber w\u00ea em di ser\u00ee de \u015feh\u00eed\u00ean p\u00eangava Minbic\u00ea y\u00ean ku bi b\u00eer \u00fb baweriyeke mezin n\u00fbneriya nirx\u00ean exlaq\u00ee \u00fb pol\u00eet\u00eek kirin \u00fb xaka gel\u00ean her\u00eam\u00ea ji dest\u00ea dagirkeran rizgarkirin, bi r\u00eazdar\u00ee bib\u00eert\u00eenin \u00fb soza parastina nirx\u00ean \u015fore\u015f\u00ea y\u00ean ku wan afrandiye n\u00fb dikin.<\/p>\n<p>P\u00ea\u015fengiya jin\u00ea ya ku ji \u015fore\u015fa Rojava berbi Minbic\u00ea ve dir\u00eaj dibe di qad\u00ean ku li bakur-rojhilat\u00ea S\u00fbriy\u00ea hatine rizgarkirin zanistiya r\u00eaxistinb\u00fbn \u00fb azadiya gelan p\u00ea\u015fxist. Bi v\u00ea zaneb\u00fbn \u00fb r\u00eaxistinb\u00fbn\u00ea p\u00eangava Minbic\u00ea, b\u00fb weke yekem\u00een deriy\u00ea \u015fore\u015fa gel\u00ean Rojhilata nav\u00een. Gel\u00ea Minbic\u00ea, \u015fervan\u00ean ku li wir t\u00eako\u015fiyan, li hember\u00ee DA\u0130\u015e\u2019\u00ea ser\u00ee hildan \u00fb bi rih\u00ea berxwedan\u00ea kolan bi kolan bajar rizgar kirin, bi dilgermiyeke mezin p\u00ea\u015fwaz\u00ee kirin. Weke bersiva ji \u00e7etey\u00ean DA\u0130\u015e\u2019\u00ea y\u00ean ku di c\u00eehana mirovahiy\u00ea de \u00eemparatoriya tirs\u00ea avakiriye, gel\u00ea Minbic\u00ea ew tar\u00eetiya ku li ser hatiye ferz kirin \u00e7irand \u00fb weke p\u00eanaseya azadiy\u00ea k\u00eafxwe\u015fiya xwe ya serkeftin\u00ea n\u00ee\u015fan da. \u00c7awa ku \u00e7etey\u00ean DA\u0130\u015e\u2019\u00ea b\u00fbn sembola hov\u00eetiya her\u00ee mezin, rizgariya ku li Minbic\u00ea j\u00ee di \u015fexs\u00ea jinan de p\u00ea\u015fketiye b\u00fb nav\u00ea henaseya azadiya gelan. Ruh\u00ea yek\u00eetiya ku v\u00ea serkeftin\u00ea bi xwe re an\u00ee di \u015fexs\u00ea gel\u00ea her\u00eam\u00ea de veguheriya zafera azadiy\u00ea.<\/p>\n<p>Gel\u00ea Minbic\u00ea y\u00ea ku xilasiya xwe \u00eelan kir, pi\u015ft\u00ee ku pergala xwe di \u00e7ar\u00e7oveya netewa demokrat\u00eek de avakir \u00fb derbas\u00ee jiyan\u00ea kir, bi baweriya ku ji bo gelan pergala her\u00ee rast ev pergale, parastina xwe ya rewa bi rengek xurt p\u00eak an\u00een. Bi rizgarkirina Minbic\u00ea re, p\u00eangava art\u00ea\u015fb\u00fbna ku bi p\u00ea\u015fengiya jin\u00ea p\u00ea\u015fketiye \u00fb mezin b\u00fbye giha asteke diyarker \u00fb bi sedan jin \u00fb ciwan\u00ean Ereb ji bo parastina xaka welat\u00ea xwe be\u015fdar\u00ee nava ref\u00ean QSD \u00fb YPJ\u2019\u00ea b\u00fbn. Bi avakirina mecl\u00eesa le\u015fker\u00ee ya Minbic\u00ea re j\u00ee art\u00ea\u015fb\u00fbneke piral\u00ee ya ku ji h\u00eaza xwe ya cewher\u00ee bawer dike, p\u00eakhat. \u00cad\u00ee ev ciwan\u00ean Minbic\u00ea bi h\u00eaza xwe ya cewher\u00ee, welat\u00ea xwe li hember\u00ee her away\u00ee \u00ear\u00ee\u015fan dipar\u00eaze.<\/p>\n<p>\u00cero careke din her\u00eama me bi provakasyon \u00fb komployan re r\u00fb bi r\u00fbye. \u00c7i rej\u00eema Baas a ji hev ketiye, \u00e7i j\u00ee dewleta Tirk a dagirker ji bo vala derxistina projeya netewa demokrat\u00eek \u00fb belavkirina h\u00eaza QSD\u2019\u00ea ya ku ji ciwan\u00ean her\u00eam\u00ea p\u00eakt\u00ea, her r\u00eabaz\u00ea bikar t\u00eene. Ji ber w\u00ea \u00eero ji herdem\u00ea z\u00eadetir hi\u015fyarb\u00fbn, zaneb\u00fbn \u00fb hevgirtina gel\u00ean her\u00eam\u00ea p\u00eaw\u00eeste. Her\u00ee z\u00eade j\u00ee gel\u00ea Ereb ji dest\u00ea van h\u00eaz\u00ean provakat\u00eef zilm \u00fb zoriyeke mezin d\u00eetiye. Ji ber w\u00ea ji bo vala derxistina van ley\u00eestok\u00ean qir\u00eaj hevgirtin \u00fb yekb\u00fbneke xurt lazime. Ev yekb\u00fbn w\u00ea bibe tem\u00eenata p\u00ea\u015ferojeke azad \u00fb aram.<\/p>\n<p>Hov\u00eetiya \u00e7eteyan \u00fb \u015fideta ku \u00eero pergala netew-dewlet di asta l\u00fbtkey\u00ea de li dij\u00ee jin\u00ea dime\u015f\u00eene bi heman hi\u015fmendiy\u00ea t\u00ea me\u015fandin. Di ser\u00ee de dewleta Tirk a dagirker \u00fb qirker, h\u00eaz\u00ean hegemon\u00eek \u00ean avaker\u00ean v\u00ea pergal\u00ea, \u00ear\u00ee\u015f\u00ea nirx\u00ean jin\u00ea dikin. Armanca van \u00ear\u00ee\u015fan di heman dem\u00ea de di \u015fexs\u00ea \u015fore\u015fa jin\u00ea de destkeftiy\u00ean \u015fore\u015fa gelan hedef girtine. L\u00ea biryardariya jinan a di azadiy\u00ea de \u00fb yekb\u00fbna gelan di war\u00ea ruh\u00ee, bawer\u00ee \u00fb d\u00eerok\u00ee de zind\u00eeb\u00fbna xwe her w\u00ea bipar\u00eaze.<\/p>\n<p>\u00cero xeteriya DA\u0130\u015e\u2019\u00ea li dij\u00ee xelk\u00ea her\u00eam\u00ea h\u00ea j\u00ee didome. Ji bo hem\u00fb gel\u00ea her\u00eam\u00ea weke erkek\u00ea ye ku bi hevgirtineke xurt li dij\u00ee h\u00eaz\u00ean \u00e7ete \u00fb \u015faney\u00ean w\u00ea y\u00ean razay\u00ee li rex \u015fervan\u00ean QSD\u2019\u00ea teko\u015f\u00eeneke xurt bime\u015f\u00eene. Em\u00ea bi p\u00eangav\u00ean t\u00eakbirina \u00e7etey\u00ean DA\u0130\u015e\u2019\u00ea re ji bo gelan destkeftiy\u00ean demokras\u00ee \u00fb azadiy\u00ea may\u00eende bikin. Ji bo parastina destkeftiy\u00ean teko\u015f\u00eena jin\u00ea \u00e7i bedel b\u00ea xwestin em\u00ea b\u00ea teredut amade bin. W\u00ea r\u00eaheval\u00ean me y\u00ean feda\u00ee y\u00ean weke \u015feh\u00eed Ko\u00e7er\u00een bibin me\u015feley\u00ean me y\u00ean jiyan\u00ea, em di \u015fexs\u00ea \u015feh\u00eed Beng\u00ee M\u00fb\u015f, D\u00eejle, Arj\u00een, Amara, Eylem, B\u00ear\u00eevan, D\u00earsim \u00fb Feysel Eb\u00fb Leyla de soz didin hem\u00fb r\u00eaheval\u00ean xwe y\u00ean \u015feh\u00eed ku em\u00ea h\u00eav\u00ee \u00fb xeyal\u00ean wan bi cih b\u00eenin \u00fb p\u00ea\u015ferojeke azad diyar\u00ee gel\u00ea her\u00eam\u00ea bikin.<\/p>\n<p><strong>Fermandariya Gi\u015ft\u00ee ya YPJ<\/strong><\/p>\n","protected":false},"excerpt":{"rendered":"<p>Ji gel\u00ea me \u00fb raya gi\u015ft\u00ee re! Di roja 15 Tebaxa sala 2016\u2019an de d\u00eemen\u00ean serkeftin \u00fb rizgarkirina bajar\u00ea Minbic\u00ea bi dil\u015fadiya gel \u00fb jinan re tac\u00eedar b\u00fb. Pergala netewa demokrat\u00eek a ku t\u00ea wateya cejna gelan, bi bedel, ked \u00fb teko\u015f\u00eeneke b\u00ea hempa ve hate avakirin. Ji ber w\u00ea em di ser\u00ee de \u015feh\u00eed\u00ean [&hellip;]<\/p>\n","protected":false},"author":1,"featured_media":12600,"comment_status":"closed","ping_status":"closed","sticky":false,"template":"","format":"standard","meta":{"footnotes":""},"categories":[39],"tags":[],"class_list":{"0":"post-10943","1":"post","2":"type-post","3":"status-publish","4":"format-standard","5":"has-post-thumbnail","7":"category-daxuyani"},"_links":{"self":[{"href":"https:\/\/ypjrojava.net\/index.php?rest_route=\/wp\/v2\/posts\/10943","targetHints":{"allow":["GET"]}}],"collection":[{"href":"https:\/\/ypjrojava.net\/index.php?rest_route=\/wp\/v2\/posts"}],"about":[{"href":"https:\/\/ypjrojava.net\/index.php?rest_route=\/wp\/v2\/types\/post"}],"author":[{"embeddable":true,"href":"https:\/\/ypjrojava.net\/index.php?rest_route=\/wp\/v2\/users\/1"}],"replies":[{"embeddable":true,"href":"https:\/\/ypjrojava.net\/index.php?rest_route=%2Fwp%2Fv2%2Fcomments&post=10943"}],"version-history":[{"count":1,"href":"https:\/\/ypjrojava.net\/index.php?rest_route=\/wp\/v2\/posts\/10943\/revisions"}],"predecessor-version":[{"id":10945,"href":"https:\/\/ypjrojava.net\/index.php?rest_route=\/wp\/v2\/posts\/10943\/revisions\/10945"}],"wp:featuredmedia":[{"embeddable":true,"href":"https:\/\/ypjrojava.net\/index.php?rest_route=\/wp\/v2\/media\/12600"}],"wp:attachment":[{"href":"https:\/\/ypjrojava.net\/index.php?rest_route=%2Fwp%2Fv2%2Fmedia&parent=10943"}],"wp:term":[{"taxonomy":"category","embeddable":true,"href":"https:\/\/ypjrojava.net\/index.php?rest_route=%2Fwp%2Fv2%2Fcategories&post=10943"},{"taxonomy":"post_tag","embeddable":true,"href":"https:\/\/ypjrojava.net\/index.php?rest_route=%2Fwp%2Fv2%2Ftags&post=10943"}],"curies":[{"name":"wp","href":"https:\/\/api.w.org\/{rel}","templated":true}]}}