{"id":10956,"date":"2020-10-05T09:41:35","date_gmt":"2020-10-05T09:41:35","guid":{"rendered":"https:\/\/ypjrojava.net\/?p=10956"},"modified":"2022-06-16T11:01:29","modified_gmt":"2022-06-16T11:01:29","slug":"eme-bi-rihe-arinan-ji-pengava-azadiye-re-bibin-bersiv","status":"publish","type":"post","link":"https:\/\/ypjrojava.net\/?p=10956","title":{"rendered":"Em\u00ea bi Rih\u00ea Ar\u00eenan ji P\u00eangava Azadiy\u00ea re Bibin Bersiv"},"content":{"rendered":"<p>Di salvegera 6. a \u00e7alakiya canbex\u015fane ya ku r\u00eaheval Ar\u00een M\u00eerkan li Koban\u00eaya berxwed\u00ear p\u00eak aniye, em \u015eeh\u00eed Ar\u00een M\u00eerkan bi jiyana w\u00ea ya \u015fore\u015fger\u00ee \u00fb \u00e7alakiya w\u00ea ya ku li c\u00eehan\u00ea deng veda bi r\u00eazdar\u00ee bib\u00eert\u00eenin. R\u00eaheval Ar\u00een bi r\u00eageza welatpar\u00eaziy\u00ea ya B\u00eerdoziya Rizgariya Jin\u00ea dil \u00fb m\u00eajiy\u00ea xwe ava kirib\u00fb \u00fb bi v\u00ee away\u00ee karib\u00fb di serdema her\u00ee giran a \u015fer\u00ea Koban\u00ea de bi \u00e7alakiya xwe li tevah\u00ee c\u00eehan\u00ea deng vede. Ar\u00een b\u00fb remza jin\u00ean Kurd y\u00ean leheng \u00fb h\u00eaza r\u00eaxistinkir\u00ee ya jin\u00ean Rojhilata Nav\u00een. R\u00eaheval Ar\u00een ji bo jinan \u00fb tevah\u00ee gelan b\u00fb nex\u015fer\u00eaya parastina ax \u00fb welat. Ji bo gel\u00ea Kurd ku bi salan b\u00fb di bin siya dagirkeriy\u00ea de jiyan dikir, b\u00fb hilmek ji azadiy\u00ea \u00fb ji bo neyar\u00ean gel\u00ea Kurd ku li benda mizg\u00eeniya ketina Koban\u00ea b\u00fbn, b\u00fb bersiveke mezin. Bi v\u00ee reng\u00ee R\u00eahevala me Ar\u00een M\u00eerkan tola her\u00ee mezin ji dijmin\u00ea Kurda y\u00ea ku bi salane her c\u00fbre \u00ear\u00ee\u015f, komkuj\u00ee, \u00eemha \u00fb \u00eenkarkirin\u00ea dime\u015f\u00eene ji Erdogan \u00fb \u00e7etey\u00ean DA\u0130\u015e\u2019\u00ea girt.<br \/>\nKesayeta heval Ar\u00een, tarz\u00ea jiyana w\u00ea \u00fb \u00e7alakiya ku wisa li darxist ji bo art\u00ea\u015fa me her dem dibe baweriya h\u00eaz \u00fb moraleke mezin ku em j\u00ee weke \u015fopdar\u00ean hevala xwe Ar\u00een bi biryar t\u00eako\u015f\u00eena xwe didom\u00eenin \u00fb mezin dikin. Avakirin \u00fb mezinb\u00fbna YPJ\u2019\u00ea \u00eelhama xwe ya her\u00ee mezin ji p\u00ea\u015feng\u00ean weke R\u00eavan Koban\u00ea, Zehra Penaber, Dest\u00eena Qend\u00eel, Jiyan Rojhilat, Gulan Batman \u00fb Ar\u00een M\u00eerkan\u2019an, girt. \u00c7alakiya R\u00eaheval Ar\u00een di gel\u00ean ku bi h\u00eaviya azadiy\u00ea dij\u00een de hesta welatpar\u00eaziy\u00ea xurtir kir \u00fb Kurd\u00ean ji her \u00e7ar par\u00e7ey\u00ean Kurdistan\u00ea ji bo ku xwe bigh\u00eenin w\u00ea cenga berxwedan\u00ea berbi Koban\u00ea ve ketin r\u00ea. Heval Ar\u00een bi \u00e7alakiya xwe w\u00eejdan\u00ea mirovahiy\u00ea \u015fiyar kir \u00fb ji her dever\u00ean c\u00eehan\u00ea bi sedan kes\u00ean azad\u00eexwaz cih\u00ea xwe di ref\u00ean YPJ \u00fb YPG\u2019\u00ea de girtin.<br \/>\nSer fa\u015f\u00eest\u00ea mezin Erdogan \u00fb \u00e7etey\u00ean xwe j\u00ee ger roja \u00eero ji bo serhildan\u00ean 6-8 Cotmeh\u00ea \u00ear\u00ee\u015f\u00ea HDP\u2019\u00ea dike, girtina, \u00ea\u015fkenceyan dike, ger Kurdistaniy\u00ean Bak\u00fbr\u00ee ji hel\u00eekopteran dav\u00eaje, tecawiz \u00fb tac\u00eezan li ser jin\u00ea rewa dike sedem, ne qeb\u00fblkirina binkeftina xwe ya ku di Koban\u00ea de jiyan kiriye. Erdogan ba\u015f dizane ku jin\u00ean Kurd bi her away\u00ee xwe bi r\u00eaxistin kirine, b\u00fbne xwed\u00ee h\u00eaz \u00fb ji dagirkeran re meydan dixw\u00eenin. Her wiha ba\u015f dizane w\u00ea roj were ku t\u00eako\u015f\u00eena Ar\u00eenan Kurdistan\u00ea azad bike. Ji ber v\u00ea j\u00ee bi rengek hovane, her cure \u00ear\u00ee\u015f\u00ea li ser gel\u00ea me dime\u015f\u00eene. Vaye \u00eero j\u00ee hewldan\u00ean dagirkeriy\u00ea b\u00ea navber didomin. \u00cero di bin nav\u00ea ewlekariya s\u00eenoran de xendek, \u00e7eper \u00fb baregeh\u00ean n\u00fb t\u00ean \u00e7\u00eakirin. Ev j\u00ee di bin serweriya PDK\u2019\u00ea de t\u00ea kirin \u00fb ev n\u00ee\u015faneya hevkariya w\u00ea ya bi dewleta Tirk a dagirker re ye. Ji ber w\u00ea em bang li tevah\u00ee jinan \u00fb gel\u00ea xwe dikin ku bi tund\u00ee li dij\u00ee van hewldan\u00ean dagirkeriy\u00ea derkevin.<br \/>\nEm weke Fermandariya Gi\u015ft\u00ee ya YPJ\u2019\u00ea p\u00eangava \u2018Dem Dema Azadiy\u00ea Ye\u2019 silav dikin. Em wek \u015fopdar\u00ean Ar\u00een M\u00eerkan\u2019an dib\u00eajin ku; em tecr\u00eed\u00ea, fa\u015f\u00eezm\u00ea \u00fb dagirkeriy\u00ea napejr\u00eenin \u00fb ji bo azadiya R\u00eaber Ocalan \u00fb welat\u00ea xwe li gor soza ku me daye Ar\u00eenan em\u00ea heya daw\u00ee t\u00eako\u015f\u00een bikin \u00fb xwed\u00ee li v\u00ea p\u00eangav\u00ea derkevin. Ji ber dilsoziya Ar\u00eenan t\u00eako\u015f\u00eeneke bi v\u00ee away\u00ee bilind ji me emir dike.<\/p>\n<p><strong>Fermandariya Gi\u015ft\u00ee ya YPJ<\/strong><br \/>\n<strong>5 Cotmeh 2020<\/strong><\/p>\n","protected":false},"excerpt":{"rendered":"<p>Di salvegera 6. a \u00e7alakiya canbex\u015fane ya ku r\u00eaheval Ar\u00een M\u00eerkan li Koban\u00eaya berxwed\u00ear p\u00eak aniye, em \u015eeh\u00eed Ar\u00een M\u00eerkan bi jiyana w\u00ea ya \u015fore\u015fger\u00ee \u00fb \u00e7alakiya w\u00ea ya ku li c\u00eehan\u00ea deng veda bi r\u00eazdar\u00ee bib\u00eert\u00eenin. R\u00eaheval Ar\u00een bi r\u00eageza welatpar\u00eaziy\u00ea ya B\u00eerdoziya Rizgariya Jin\u00ea dil \u00fb m\u00eajiy\u00ea xwe ava kirib\u00fb \u00fb bi v\u00ee [&hellip;]<\/p>\n","protected":false},"author":1,"featured_media":12585,"comment_status":"closed","ping_status":"closed","sticky":false,"template":"","format":"standard","meta":{"footnotes":""},"categories":[39],"tags":[],"class_list":{"0":"post-10956","1":"post","2":"type-post","3":"status-publish","4":"format-standard","5":"has-post-thumbnail","7":"category-daxuyani"},"_links":{"self":[{"href":"https:\/\/ypjrojava.net\/index.php?rest_route=\/wp\/v2\/posts\/10956","targetHints":{"allow":["GET"]}}],"collection":[{"href":"https:\/\/ypjrojava.net\/index.php?rest_route=\/wp\/v2\/posts"}],"about":[{"href":"https:\/\/ypjrojava.net\/index.php?rest_route=\/wp\/v2\/types\/post"}],"author":[{"embeddable":true,"href":"https:\/\/ypjrojava.net\/index.php?rest_route=\/wp\/v2\/users\/1"}],"replies":[{"embeddable":true,"href":"https:\/\/ypjrojava.net\/index.php?rest_route=%2Fwp%2Fv2%2Fcomments&post=10956"}],"version-history":[{"count":2,"href":"https:\/\/ypjrojava.net\/index.php?rest_route=\/wp\/v2\/posts\/10956\/revisions"}],"predecessor-version":[{"id":12586,"href":"https:\/\/ypjrojava.net\/index.php?rest_route=\/wp\/v2\/posts\/10956\/revisions\/12586"}],"wp:featuredmedia":[{"embeddable":true,"href":"https:\/\/ypjrojava.net\/index.php?rest_route=\/wp\/v2\/media\/12585"}],"wp:attachment":[{"href":"https:\/\/ypjrojava.net\/index.php?rest_route=%2Fwp%2Fv2%2Fmedia&parent=10956"}],"wp:term":[{"taxonomy":"category","embeddable":true,"href":"https:\/\/ypjrojava.net\/index.php?rest_route=%2Fwp%2Fv2%2Fcategories&post=10956"},{"taxonomy":"post_tag","embeddable":true,"href":"https:\/\/ypjrojava.net\/index.php?rest_route=%2Fwp%2Fv2%2Ftags&post=10956"}],"curies":[{"name":"wp","href":"https:\/\/api.w.org\/{rel}","templated":true}]}}