{"id":10960,"date":"2020-10-09T09:03:31","date_gmt":"2020-10-09T09:03:31","guid":{"rendered":"https:\/\/ypjrojava.net\/?p=10960"},"modified":"2022-06-16T10:51:04","modified_gmt":"2022-06-16T10:51:04","slug":"sere-gele-soresgeri-we-dawi-li-komplo-u-dagirkeriye-bine","status":"publish","type":"post","link":"https:\/\/ypjrojava.net\/?p=10960","title":{"rendered":"\u015eer\u00ea Gel\u00ea \u015eore\u015fger\u00ee W\u00ea Daw\u00ee li Komplo \u00fb Dagirkeriy\u00ea B\u00eene"},"content":{"rendered":"<p>&nbsp;<\/p>\n<p>P\u00eavajoya komploya navdewlet\u00ee ya 9\u2019\u00ea Cotmeh\u00ea sala xwe ya 22. temam dike. Ev 22 sale hem\u00fb hewldana h\u00eaz\u00ean komploger ewe ku teko\u015f\u00eena b\u00ea hempa ya azadiy\u00ea ya ku R\u00eaber APO dide, di girt\u00eegeha \u00cemral\u00ee de di hucreyeke yek kes\u00ee de \u00fb di nava \u015fert \u00fb merc\u00ean tecr\u00eeda girankir\u00ee de, asteng bike. Ji zarok\u00ean leheng \u00ean Kurdistan\u00ee heta tevah\u00ee gel\u00ea Kurd \u00fb h\u00eaz\u00ean demokrat\u00eek \u00fb azad\u00eexwaz ti car\u00ee ev komplo nepejirandin. Heta mirov b\u00fbn weke xelek\u00ean ji agir \u00fb bi dr\u00fb\u015fmeya \u201cHun nikarin Roja me tar\u00ee bikin\u201d ji bo R\u00eaber\u00ea gelan Abdullah Ocalan can\u00ea xwe feda kirin. Di heman dem\u00ea de li hember\u00ee v\u00ea p\u00eavajoya komploy\u00ea R\u00eaber APO bi v\u00een, teko\u015f\u00een \u00fb kedeke mezin bi parad\u00eegmaya xwe ya demokrat\u00eek, ekoloj\u00eek \u00fb azad\u00eexwaziya jin re, ji bo mirov\u00ean azad\u00eexwaz b\u00fb \u00e7avkaniya h\u00eazeke mezin. R\u00eaber APO ji bo herkes\u00ean ku ji bo azadiy\u00ea jiyan dikin, b\u00fb h\u00eaza teko\u015f\u00een \u00fb berxwedan\u00ea, ev rast\u00ee bi rengek \u015f\u00eanber di \u015fore\u015fa Rojava de di p\u00ea\u015fengiya YPJ\u2019\u00ea de derkete hol\u00ea.<\/p>\n<p>Di 9\u2019\u00ea Cotmeha 2019\u2019an de weke dewamiya komploy\u00ea di \u00e7ar\u00e7oveya \u00ear\u00ee\u015f\u00ean dagirgeriy\u00ea de li Ser\u00eakaniy\u00ea \u00fb Til ebyad\u00ea dewleta Tirk a dagirker ji exlaq\u00ean \u015fer d\u00fbr, bi awayek hovane di \u015fexs\u00ea gel\u00ea Kurdistan\u00ea de li dij\u00ee tevah\u00ee gel\u00ean bindest \u00fb ji bo azadiya xwe t\u00eadiko\u015fe, pol\u00eet\u00eekay\u00ean qirkirin, \u00eemha \u00fb \u00eenkar\u00ea bi aweyek kir\u00eat n\u00ee\u015fan da. Di roja 9\u2019\u00ea Cotmeh\u00ea de \u00ear\u00ee\u015feke bi v\u00ee away\u00ee destp\u00eakirin qet d\u00eerokeke ne ji xwe ber, di heman dem\u00ea de di Til Ebyad\u00ea \u00fb Ser\u00eakaniya ku weke moza\u00eeka gelan t\u00ea nas\u00een, gel\u00ean ku di \u00e7ar\u00e7oveya pergala netewa demokrat\u00eek de xwe bi r\u00eaxistin kirine, di wateya feraseta \u201cYek netew\u201d de \u00ear\u00ee\u015feke dagirkirina dil \u00fb mej\u00ee b\u00fb.<\/p>\n<p>Art\u00ea\u015fa YPJ\u2019\u00ea ya ku p\u00ea\u015feng\u00ee ji \u015fore\u015fa Rojava re kir, di heman dem\u00ea de di k\u00ealiya ku jin \u00fb gel\u00ea her\u00eam\u00ea rast\u00ee \u00ear\u00ee\u015fa giran a dagirkeriy\u00ea hatin, ji bo ku gel\u00ea Ser\u00eakaniy\u00ea \u00fb gir\u00ea sip\u00ee ji dagirkeriy\u00ea bipar\u00eazin, destan\u00ean efsanew\u00ee niv\u00eesandin. Li Til Ebyad\u2019\u00ea berxwedaniya ku Del\u00eela, Amara \u00fb Dilovan\u2019an bi leheng\u00ee raber kirin, her wiha di Ser\u00eakaniy\u00ea de r\u00eaheval\u00ean weke Sav\u00fb\u015fka, Ava\u015f\u00een, R\u00fbheyv, N\u00fbhal \u00fb Dilv\u00een\u2019an bi berxwedaniyeke b\u00ea hempa bi dehan \u00ear\u00ee\u015f\u00ean dagirkeriy\u00ea \u015fikandin. Ev destan\u00ean lehengiy\u00ea n\u00ee\u015fan dide ku yek kolan j\u00ee bi h\u00easan\u00ee nehatiye dagirkirin. Di heman dem\u00ea de ev berxwedan\u00ee ji bo me j\u00ee di war\u00ea parastina \u015fore\u015f\u00ea \u00fb sekna li hember\u00ee dagirkeriy\u00ea, \u015f\u00eawaz\u00ea teko\u015f\u00eenkirin \u00fb berxwedan\u00ea n\u00ee\u015fan da.<\/p>\n<p>Ev ruh\u00ea berxwedan\u00ea di heman dem\u00ea de b\u00fbye bersiva li hember\u00ee h\u00eaz\u00ean hegemon \u00ean ku komploya 9\u2019\u00ea Cotmeh\u00ea p\u00eak an\u00eene \u00fb da n\u00ee\u015fandan ku em\u00ea ji bo azadiy\u00ea b\u00ea navber teko\u015f\u00eena xwe bidom\u00eenin \u00fb ti car\u00ee komplo \u00fb dagirkeriy\u00ea qeb\u00fbl nekin. Gel\u00ea Ser\u00eakaniy\u00ea \u00fb Til Ebyad\u00ea j\u00ee ti car\u00ee dagirker\u00ee li ser xaka xwe nepejirandin. Em j\u00ee careke din dib\u00eajin, em\u00ea bi \u015fer\u00ea gel\u00ea \u015fore\u015fger\u00ee li dij\u00ee dagirkeriy\u00ea rawestin, xak\u00ean xwe rizgar bikin \u00fb \u015fore\u015fa xwe ji her away\u00ee \u00ear\u00ee\u015fan bipar\u00eazin. Ji bo me wek YPJ di \u015fopa Z\u00een, Amara, Ronah\u00ee, N\u00fbpelda, N\u00eargiz \u00fb Z\u00eelan Ereb de dem dema xurtkirina teko\u015f\u00een\u00ea ye. Dem dema 10\u2019\u00ea Cotmeh\u00ea Roja azadiya R\u00eaber APO p\u00eakan\u00een, daw\u00ee li qirkirin, tecr\u00eed \u00fb dagirkeriy\u00ea an\u00een \u00fb dema parastina \u015fore\u015f\u00ea ye.<\/p>\n<p>&nbsp;<\/p>\n<p><strong>Fermandariy Gi\u015ft\u00ee ya YPJ<\/strong><strong><br \/>\n<\/strong><strong>9 Cotmeh 2020<\/strong><\/p>\n","protected":false},"excerpt":{"rendered":"<p>&nbsp; P\u00eavajoya komploya navdewlet\u00ee ya 9\u2019\u00ea Cotmeh\u00ea sala xwe ya 22. temam dike. Ev 22 sale hem\u00fb hewldana h\u00eaz\u00ean komploger ewe ku teko\u015f\u00eena b\u00ea hempa ya azadiy\u00ea ya ku R\u00eaber APO dide, di girt\u00eegeha \u00cemral\u00ee de di hucreyeke yek kes\u00ee de \u00fb di nava \u015fert \u00fb merc\u00ean tecr\u00eeda girankir\u00ee de, asteng bike. Ji zarok\u00ean leheng [&hellip;]<\/p>\n","protected":false},"author":1,"featured_media":12581,"comment_status":"closed","ping_status":"closed","sticky":false,"template":"","format":"standard","meta":{"footnotes":""},"categories":[39],"tags":[],"class_list":{"0":"post-10960","1":"post","2":"type-post","3":"status-publish","4":"format-standard","5":"has-post-thumbnail","7":"category-daxuyani"},"_links":{"self":[{"href":"https:\/\/ypjrojava.net\/index.php?rest_route=\/wp\/v2\/posts\/10960","targetHints":{"allow":["GET"]}}],"collection":[{"href":"https:\/\/ypjrojava.net\/index.php?rest_route=\/wp\/v2\/posts"}],"about":[{"href":"https:\/\/ypjrojava.net\/index.php?rest_route=\/wp\/v2\/types\/post"}],"author":[{"embeddable":true,"href":"https:\/\/ypjrojava.net\/index.php?rest_route=\/wp\/v2\/users\/1"}],"replies":[{"embeddable":true,"href":"https:\/\/ypjrojava.net\/index.php?rest_route=%2Fwp%2Fv2%2Fcomments&post=10960"}],"version-history":[{"count":1,"href":"https:\/\/ypjrojava.net\/index.php?rest_route=\/wp\/v2\/posts\/10960\/revisions"}],"predecessor-version":[{"id":10961,"href":"https:\/\/ypjrojava.net\/index.php?rest_route=\/wp\/v2\/posts\/10960\/revisions\/10961"}],"wp:featuredmedia":[{"embeddable":true,"href":"https:\/\/ypjrojava.net\/index.php?rest_route=\/wp\/v2\/media\/12581"}],"wp:attachment":[{"href":"https:\/\/ypjrojava.net\/index.php?rest_route=%2Fwp%2Fv2%2Fmedia&parent=10960"}],"wp:term":[{"taxonomy":"category","embeddable":true,"href":"https:\/\/ypjrojava.net\/index.php?rest_route=%2Fwp%2Fv2%2Fcategories&post=10960"},{"taxonomy":"post_tag","embeddable":true,"href":"https:\/\/ypjrojava.net\/index.php?rest_route=%2Fwp%2Fv2%2Ftags&post=10960"}],"curies":[{"name":"wp","href":"https:\/\/api.w.org\/{rel}","templated":true}]}}