{"id":10962,"date":"2020-10-13T07:24:29","date_gmt":"2020-10-13T07:24:29","guid":{"rendered":"https:\/\/ypjrojava.net\/?p=10962"},"modified":"2022-06-19T10:17:24","modified_gmt":"2022-06-19T10:17:24","slug":"eme-bi-penusa-dilovan-diroka-azadiye-binivsinin","status":"publish","type":"post","link":"https:\/\/ypjrojava.net\/?p=10962","title":{"rendered":"Em\u00ea Bi P\u00ean\u00fbsa Dilovan D\u00eeroka Azadiy\u00ea Binivs\u00eenin"},"content":{"rendered":"<p>Em di salvegera \u015feh\u00eedb\u00fbna r\u00eahevala xwe, n\u00fb\u00e7egihana Navenda Ragihandina YPJ\u2019\u00ea Dilovan Gever \u00fb \u015feh\u00eed\u00ean ragihandin\u00ea \u015fop\u00eener\u00ean berxwedana R\u00fbmet\u00ea r\u00eaheval Vedat Erdemc\u00ee, Mihemed Re\u015fo \u00fb n\u00fb\u00e7egihan\u00ea ANHA\u2019y\u00ea Seead Ehmed bi hurmet \u00fb r\u00eazdar\u00ee bib\u00eer t\u00eenin.<\/p>\n<p>R\u00eahevala me Dilovan Gever \u00fb hem\u00fb n\u00fb\u00e7egihan\u00ean ragihandina azad ji roja 9\u2019\u00ea Cotmeh\u00ea ve, bi yek dil \u00fb yek rih\u00ee heq\u00eeqeta dagirkeriya dewleta Tirk \u00fb berxwedana bi r\u00fbmet a gel \u00fb \u015fervanan \u015fopandin. Di nava dijwariya \u015fer\u00ea giran de me j\u00ee weke Navenda Ragihandina YPJ\u2019\u00ea hewlda ku kar\u00ea xwe y\u00ea ragihandin\u00ea bi awayek akt\u00eef bime\u015f\u00eenin. R\u00eahevala me Dilovan di nava \u015fert \u00fb merc\u00ean wiha giran de ber\u00ea xwe da bajar\u00ea Gir\u00ea Sip\u00ee. Ji roja 9 heya 13\u2019\u00ea Cotmeh\u00ea her k\u00ealiya \u015fer \u00fb berxwedan\u00ea bi naved\u00ea \u00fb raya gi\u015ft\u00ee re parve kir.<\/p>\n<p>Ger di heman roj\u00ea de, ango di 13 Cotmeha 2019\u2019an de hers\u00ea r\u00eaheval\u00ean me, Dilovan Gever, Seed Ehmed \u00fb Mihemed Re\u015fo bi awayek hovane hatibin qetil kirin, ger bi dehan n\u00fb\u00e7egihan bir\u00eendar bubin, ev n\u00ee\u015faneya dijwariya \u015fer\u00ea ku li bajar\u00ea Gir\u00ea Sip\u00ee \u00fb Ser\u00eakaniy\u00ea hatiye jiyankirine. N\u00ee\u015faneya hov\u00eet\u00ee \u00fb b\u00ea exlaqiya dewleta Tirke ku ji n\u00fb\u00e7egihanan bigre, heta tendurustvan, heta hevserok\u00ean partiyan heta bi day\u00eek, bav \u00fb zarok can\u00ea wan bi awayek\u00ee hovane par\u00e7e par\u00e7e b\u00fb.<\/p>\n<p>Yek ji wan n\u00fb\u00e7egihanan r\u00eahevala me Dilovan Gever b\u00fb. Dilovana ku di sala 2014\u2019an de di p\u00eavajoya seferberiya ji bo Koban\u00ea s\u00eenor\u00ean dagirkeriy\u00ea derbas kir, li Koban\u00ea tevl\u00ea nava ref\u00ean YPJ\u2019\u00ea b\u00fb. Ew ba\u015f dizanib\u00fb ku di nava welatek\u00ee bindest de ev\u00eendariya ax\u00ea ne h\u00easane \u00fb bedel dixwaze. Ji ber w\u00ea her roj\u00ea di oxira v\u00ea axa p\u00eeroz de r\u00eahevalek xwe disparte dil\u00ea ax\u00ea. Dilovan pi\u015ft\u00ee rizgarkirina bajar\u00ea Koban\u00ea cih\u00ea xwe di nava xebat\u00ean ar\u015f\u00eeva morg\u00ea ya bajar\u00ea Koban\u00ea de girt, li vir destana leheng\u00ee, \u015fer \u00fb berxwedaniya bi hezaran heval\u00ean xwe y\u00ean \u015feh\u00eed belge kir. Di sala 2018\u2019an de j\u00ee weke dewamiya xebat\u00ean ar\u015f\u00eev\u00ea, derbas\u00ee Navenda Ragihandina YPJ\u2019\u00ea b\u00fb.<\/p>\n<p>R\u00eahevala me Dilovan a ku di nava demeke kin de Alfabaya ragihandin\u00ea f\u00ear dibe \u00fb cih\u00ea xwe di gelek p\u00eangav\u00ean d\u00eerok\u00ee de digre, di \u00ear\u00ee\u015f\u00ean 9\u2019\u00ea Cotmeha 2019\u2019an de j\u00ee ber\u00ea xwe da bajar\u00ea Gir\u00ea Sip\u00ee \u00fb hewl da ku berxwedaniya bi r\u00fbmet a \u015fervan \u00fb gel\u00ea her\u00eam\u00ea, asta hov\u00eetiya dewleta Tirk a dagirker bi raya gi\u015ft\u00ee re parve bike. Dilovana ku bi biryardar\u00ee \u00fb co\u015feke mezin her car\u00ea r\u00eay\u00ean bi kem\u00een\u00ean xedar dagirt\u00ee da p\u00ea\u015fiya xwe \u00fb tevl\u00ea gelek ceng\u00ean berxwedan\u00ea b\u00fb, li bajar\u00ea Koban\u00ea li rex r\u00eaheval\u00ean xwe destana berbang\u00ea niv\u00eesand, li bajar\u00ea D\u00earazor\u00ea \u015fahid\u00ee ji her k\u00ealiya p\u00eangava d\u00eerok\u00ee ya t\u00eakbirina DA\u0130\u015e\u2019\u00ea re kir, di bajar\u00ea Gir\u00ea Sip\u00ee de j\u00ee \u015fahid\u00ee ji dagirker\u00ee \u00fb hov\u00eetiya dewleta Tirk re kir.<\/p>\n<p>R\u00eaw\u00eetiya Dilovan a ku ji bak\u00fbr\u00ea Kurdistan\u00ea ji Gevera ser\u00eehild\u00ear destp\u00ea kirib\u00fb, li Koban\u00ea, li Am\u00fbd\u00ea, li D\u00earazor b\u00ea navber dewamkir, ev r\u00eaw\u00eetiya bi wate li bajar\u00ea Gir\u00easip\u00ee temam b\u00fb. Dilovan di k\u00ealiy\u00ean ku ber\u00ea xwe dab\u00fb bajar\u00ea Gir\u00ea Sip\u00ee, gotib\u00fb; \u201cEm\u00ea d\u00eerok binivs\u00eenin! D\u00eerok\u201d\u2026 \u00db bi rast\u00ee j\u00ee li bajar\u00ea Gir\u00easip\u00ee bi ruxm\u00ea \u00ear\u00ee\u015f\u00ean giran \u00ean dewleta Tirk a dagirker tev\u00ee gr\u00fbbek heval\u00ean xwe di 13 Cotmeha 2019\u2019an de d\u00eerok niv\u00eesand, d\u00eeroka berxwedana r\u00fbmet\u00ea niv\u00eesand.<\/p>\n<p>Ji ber w\u00ea em careke din dib\u00eajin! dibe ku Dilovan ji nava me ko\u00e7 kiribe, l\u00ea kelecana w\u00ea, co\u015f \u00fb m\u00fbrala w\u00ea, \u015f\u00eawaz\u00ea jiyan \u00fb berxwedana w\u00ea \u00eero b\u00fbye \u015f\u00eawaz\u00ea kar \u00fb xebata me hemiyan. Em j\u00ee weke r\u00eaheval\u00ean Dilovan, Mihemed, Seed \u00fb Vedat Erdemc\u00ee, weke \u015fopdar\u00ean Gurtbetel\u00ee, Agir\u00ee Yilmaz, Dil\u00ee\u015fan, N\u00fbjiyan \u00fb Den\u00eez Firat\u2019an em soz didin ku w\u00ea p\u00ean\u00fbsa wan ti car\u00ee li erd\u00ea nem\u00eene, em\u00ea bi p\u00ean\u00fbsa wan d\u00eeroka rizgarkirina xaka xwe ya dagirkir\u00ee binivs\u00eenin, em\u00ea d\u00eerok azadiy\u00ea binivs\u00eenin.<\/p>\n<p><strong>Navenda Ragihandina YPJ<\/strong><\/p>\n<p><strong>13 Cotmeh 2020<\/strong><\/p>\n","protected":false},"excerpt":{"rendered":"<p>Em di salvegera \u015feh\u00eedb\u00fbna r\u00eahevala xwe, n\u00fb\u00e7egihana Navenda Ragihandina YPJ\u2019\u00ea Dilovan Gever \u00fb \u015feh\u00eed\u00ean ragihandin\u00ea \u015fop\u00eener\u00ean berxwedana R\u00fbmet\u00ea r\u00eaheval Vedat Erdemc\u00ee, Mihemed Re\u015fo \u00fb n\u00fb\u00e7egihan\u00ea ANHA\u2019y\u00ea Seead Ehmed bi hurmet \u00fb r\u00eazdar\u00ee bib\u00eer t\u00eenin. R\u00eahevala me Dilovan Gever \u00fb hem\u00fb n\u00fb\u00e7egihan\u00ean ragihandina azad ji roja 9\u2019\u00ea Cotmeh\u00ea ve, bi yek dil \u00fb yek rih\u00ee heq\u00eeqeta [&hellip;]<\/p>\n","protected":false},"author":1,"featured_media":13588,"comment_status":"closed","ping_status":"closed","sticky":false,"template":"","format":"standard","meta":{"footnotes":""},"categories":[39],"tags":[],"class_list":{"0":"post-10962","1":"post","2":"type-post","3":"status-publish","4":"format-standard","5":"has-post-thumbnail","7":"category-daxuyani"},"_links":{"self":[{"href":"https:\/\/ypjrojava.net\/index.php?rest_route=\/wp\/v2\/posts\/10962","targetHints":{"allow":["GET"]}}],"collection":[{"href":"https:\/\/ypjrojava.net\/index.php?rest_route=\/wp\/v2\/posts"}],"about":[{"href":"https:\/\/ypjrojava.net\/index.php?rest_route=\/wp\/v2\/types\/post"}],"author":[{"embeddable":true,"href":"https:\/\/ypjrojava.net\/index.php?rest_route=\/wp\/v2\/users\/1"}],"replies":[{"embeddable":true,"href":"https:\/\/ypjrojava.net\/index.php?rest_route=%2Fwp%2Fv2%2Fcomments&post=10962"}],"version-history":[{"count":2,"href":"https:\/\/ypjrojava.net\/index.php?rest_route=\/wp\/v2\/posts\/10962\/revisions"}],"predecessor-version":[{"id":13587,"href":"https:\/\/ypjrojava.net\/index.php?rest_route=\/wp\/v2\/posts\/10962\/revisions\/13587"}],"wp:featuredmedia":[{"embeddable":true,"href":"https:\/\/ypjrojava.net\/index.php?rest_route=\/wp\/v2\/media\/13588"}],"wp:attachment":[{"href":"https:\/\/ypjrojava.net\/index.php?rest_route=%2Fwp%2Fv2%2Fmedia&parent=10962"}],"wp:term":[{"taxonomy":"category","embeddable":true,"href":"https:\/\/ypjrojava.net\/index.php?rest_route=%2Fwp%2Fv2%2Fcategories&post=10962"},{"taxonomy":"post_tag","embeddable":true,"href":"https:\/\/ypjrojava.net\/index.php?rest_route=%2Fwp%2Fv2%2Ftags&post=10962"}],"curies":[{"name":"wp","href":"https:\/\/api.w.org\/{rel}","templated":true}]}}