{"id":10976,"date":"2020-11-07T18:11:58","date_gmt":"2020-11-07T18:11:58","guid":{"rendered":"https:\/\/ypjrojava.net\/?p=10976"},"modified":"2024-11-27T10:50:41","modified_gmt":"2024-11-27T10:50:41","slug":"ji-bo-biranina-12-gulimoren-alaya-xweser-a-sehid-zilan","status":"publish","type":"post","link":"https:\/\/ypjrojava.net\/?p=10976","title":{"rendered":"Ji Bo B\u00eeran\u00eena 12 Gul\u00eemor\u00ean Alaya Xweser a \u015eeh\u00eed Z\u00eelan\u2026"},"content":{"rendered":"<p>&nbsp;<\/p>\n<p><strong>Bar\u00een Hawar Tolhildan<\/strong><\/p>\n<p>Me sozek dab\u00fb r\u00eaheval\u00ean xwe y\u00ean \u015feh\u00eed, soza me ew b\u00fb ku ger derbaskirineke dijmin\u00ea mirovahiy\u00ea hebe j\u00ee, w\u00ea li ser cesed\u00ea me be. Em zarok\u00ean roj\u00ea xwediy\u00ean axa p\u00eerozin. Me nav\u00ea xwe kiriye Xebat \u00fb Rustem, \u015e\u00eelan \u00fb Viyan\u2026 y\u00ean ku em nas nekribin bila r\u00fbpel\u00ean d\u00eerok\u00ea vekin, bila ber\u00ea xwe bidin war\u00ea \u015feh\u00eedan, war\u00ea leheng \u00fb eg\u00eedan. Her \u00e7end\u00ee \u00ear\u00ee\u015f bikin, dagir bikin \u00fb qir bikin, d\u00eesa j\u00ee em tune nabin. H\u00fbn ax\u00ea bigrin j\u00ee ev ax we hilnagre. Ev xak xaka R\u00eavan \u00fb Ar\u00een M\u00eerkana ye, xaka Z\u00een \u00fb Ronahiya ye, m\u00eena agir germ \u00fb m\u00eena babl\u00eesokan ser\u00eehild\u00eare.<\/p>\n<p>Em ber\u00ea xwe bidin war\u00ea \u015e\u00eelanan Ser\u00eakaniy\u00ea \u00fb bin\u00earin \u00e7end\u00ee xwedawend di as\u00eeman\u00ean re\u015f \u00fb tar\u00ee de st\u00eark\u00ean xwe ge\u015f kirine. Jin\u00ean weke N\u00fbpelda delal, weke Ronasan \u00e7av zeyt\u00fbn\u00ee \u00fb m\u00eena N\u00eargiza Botan\u00ee dil germ, m\u00eena Ronahiya Gewda dil w\u00earek, M\u00eena N\u00fbda \u00fb R\u00fbheyva \u00e7eleng, Silava\u2019ya kez\u00ee dir\u00eaj, Aryena Heleb\u00ea \u00fb Temara Kobana berxwed\u00ear, Bermala Amed\u00ea, Ava\u015f\u00eena Gevera serhild\u00ear \u00fb \u015e\u00eelana ke\u00e7a war\u00ea rumet\u00ea\u2026 Wan bi lehengiya xwe ron\u00eekirin bajar\u00ea Ser\u00eakaniy\u00ea \u00fb fir dan ber bi azadiy\u00ea. Di pay\u00eezeke sar \u00fb z\u00fbha de pel\u00ea dara pel bi pel diwe\u015f\u00ee, dema \u015fer \u00fb ceng\u00ea b\u00fb li welat\u00ea min. Li her der\u00ea mij \u00fb d\u00fbmane, gurme gurma bombeyane. Nupelda me j\u00ee di nava v\u00ea ceng\u00ea da ye, li ser eniya xwe azad\u00ee neqi\u015fandiye. Q\u00eer dike li ser as\u00eeman\u00ea Ser\u00eakaniy\u00ea ez N\u00fbpelda me, ke\u00e7a botana berxwed\u00ear, ev\u00eendara welat\u00ea xwe. Til helefa min der\u00ee veke h\u00eaviya te vaye t\u00ea\u2026 N\u00eargiza me vaye t\u00ea. Jina leheng, N\u00eargiza bihar\u00ea, te bihara dil\u00ea me bi berxwedaniy\u00ea ge\u015f kir.<\/p>\n<p>Bermal ke\u00e7a Mezopotamiya, te bi heybet, leheng\u00ee \u00fb xwe\u015fikb\u00fbna xwe, w\u00eaneyek ji w\u00eaney\u00ean berxwedan\u00ea neqi\u015f kir. P\u00ean\u00fbsa min dilerize di nava dest\u00ea min de li hember\u00ee w\u00eaney\u00ean te y\u00ean bedew. Er\u00ea Bermala me, dema te deng\u00ea nal\u00eena welat\u00ea girt, te j\u00ee t\u00fbrik\u00ea r\u00eawitiy\u00ea da ser pi\u015fta xwe \u00fb tu ket\u00ee r\u00ea\u2026 Tu b\u00fby\u00ee r\u00eahevala Ar\u00een, Silav \u00fb Ronah\u00ee\u2019yan. Bi sedan r\u00eaheval\u00ean wek te ketin r\u00ea, r\u00eaya teko\u015f\u00een \u00fb berxwedaniya ji bo welat. W\u00ea roj\u00ea bi berbanga sibeh\u00ea re we strana azadiy\u00ea digot, st\u00eark\u00ean sib\u00ea j\u00ee bi heyran\u00ee li we tamam\u015fe dikir. Her kolanek ji kolan\u00ean Ser\u00eakaniy\u00ea bi w\u00earek\u00ee \u00fb \u015ferkeriya we re hejiya. Bi ruxm\u00ea ku tu gelek caran bir\u00eendar j\u00ee b\u00fby\u00ee, l\u00ea te bi israr li rex me \u015fer kir. Dema hevalan j\u00ea re gotin \u2018tu y\u00ea bi\u00e7\u00ee \u015fer\u2019 pir k\u00eafxwe\u015f b\u00fb. Got \u2018ez h\u00eesdikim ku hem\u00fb c\u00eehan b\u00fbye ya min\u2019. Bi van tolhildan\u00ea heval Bermal ber\u00ea xwe da eniya Ceng\u00ea \u00fb \u00fb heya k\u00ealiya dawiy\u00ea j\u00ee bi r\u00fbmeteke mezin \u015fer kir.<\/p>\n<p>Ke\u00e7a leheng Ronas j\u00ee bi biryardar\u00ee \u00fb dilsoziya xwe b\u00fb h\u00eav\u00ee \u00fb ronahiya jiyana me, \u00a0bi ken\u00ea w\u00ea her sibeha jiyana me ron\u00ee dibe, sozdariya w\u00ea ya ji doz\u00ea re dibe nex\u015fer\u00eaya jiyan \u00fb t\u00eako\u015f\u00eena me. Ey ke\u00e7a Ereb; \u015fopdara Cem\u00eele \u00fb Leyla Xalid\u2019an! \u015eopdara Heb\u00fbn Enteriy\u00ea \u00fb Amara\u2019yan! Tu bi berxwedaniya xwe b\u00fby\u00ee sembola jiyana bi r\u00fbmet. T\u00eep\u00ean z\u00ear\u00een \u00ean berxwedana r\u00fbmet\u00ea bi lehengiya we hate niv\u00eesandin. Bi xw\u00eena we dara azadiy\u00ea \u015f\u00een dibe.<\/p>\n<p>R\u00eaheval Silav j\u00ee m\u00eena N\u00fbpelda, N\u00eargiz \u00fb Ronas\u00ea r\u00eaka azadiy\u00ea hilbijart \u00fb b\u00ea rawest\u00een her p\u00ea\u015fde \u00e7\u00fb. Bi dilek\u00ee tije h\u00eav\u00ee \u00fb hezkirin r\u00eaw\u00eetiya xwe dewam dikir. W\u00ea nav\u00ea Silava li xwe kir \u00fb kembera azadiy\u00ea li bejna xwe p\u00ea\u00e7and. Tev\u00ee karwan\u00ea r\u00eahevalan ber\u00ea xwe da keleha berxwedan\u00ea, Ser\u00eakaniy\u00ea. Ji bo ku zarok\u00ean Ser\u00eakaniy\u00ea di siberoj\u00ea de bi dil aram\u00ee silav bidin roja xwe ya p\u00eeroz, bi lehengiyeke mezin tev\u00ee hevr\u00eay\u00ean xwe bi dehan \u00ear\u00ee\u015f\u00ean dijmin \u015fikandin.<\/p>\n<p>Tamara Koban\u00ea \u015fopdara R\u00eavan, Ar\u00een \u00fb Bar\u00eena Ke\u00e7a Kobaniya berxwed\u00ear, waneyek ji waney\u00ean lehengiya jina Kurd n\u00ee\u015fan\u00ee dijmin\u00ea dagirker da. Ava\u015f\u00een Azad Gever m\u00eena welat\u00ea xwe, b\u00fb stargeh ji bajar\u00ea Ser\u00eakaniy\u00ea re. Li taxa Hewarna ya ku \u015ferek giran l\u00ea qewim\u00ee heya k\u00ealiya \u015fehadeta xwe j\u00ee hewl dida ku r\u00eaheval\u00ean xwe y\u00ean bir\u00eendar xilas bike. R\u00eaheval N\u00fbda j\u00ee ku di tevl\u00eab\u00fbna xwe de p\u00ea\u015fenga jiyan\u00ea b\u00fb, xwe ji ti k\u00ealiy\u00ean jiyana bi r\u00fbmet mehr\u00fbm nedikir. Di her k\u00ealiy\u00ea de cih\u00ea w\u00ea, deng \u00fb reng\u00ea w\u00ea heb\u00fb. Di bajar\u00ea Ser\u00eakaniy\u00ea de, di eniy\u00ean ceng\u00ea de j\u00ee heya k\u00ealiya daw\u00ee bi w\u00earekiyeke mezin li berxweda.<\/p>\n<p>Fermandar Ronah\u00ee Gewda j\u00ee b\u00fb m\u00eenaka fermandar\u00ean ku di her ceng\u00ea de, di her k\u00ealiya jiyan\u00ea de li rex \u015fervan\u00ean xwe cih digrin. P\u00ea\u015fenga hevr\u00eay\u00ean xwe, ev\u00eendara xaka welat di cih\u00ea d\u00eerok\u00ee y\u00ea bajar\u00ea Ser\u00eakaniy\u00ea de, di nav\u00e7eya navdar Til Helef de tev\u00ee \u015feravn\u00ean xwe, sekna bi r\u00fbmet ya berxwed\u00ear \u00e7awa ye, n\u00ee\u015fan\u00ea me da. Ronah\u00ee bi ken\u00ea xwe her \u00e7ar demsal xwe\u015fik dikirin, xwe\u015fikb\u00fbna jiyan\u00ea n\u00ee\u015fan\u00ea me dida. Ji ber w\u00ea em dib\u00eajin rihet raz\u00ea fermandara me, em\u00ea heya zafer\u00ea di bin fermandariya te de jiyan bikin, \u015fer bikin \u00fb siberoj\u00ean azad misoger bikin&#8230;<\/p>\n<p>Ke\u00e7a Ser\u00eakaniy\u00ea \u015e\u00eelan j\u00ee bi w\u00ee temen\u00ea xwe y\u00ea ciwan ve b\u00fb h\u00eav\u00ee ji hem\u00fb zarok\u00ean Ser\u00eakaniy\u00ea re. Bel\u00ea ke\u00e7a berxwed\u00ear! dema te bih\u00eest Ser\u00eakaniy\u00ea bang\u00ee \u015fervan\u00ean xwe dike, te yekser ber\u00ea xwe da wan ax\u00ean ku rast\u00ee hov\u00eetiyeke giran dihat. Roniya jiyan\u00ea, \u015e\u00eelana \u00e7eleng! mirov nikare jiyana leheng\u00ean wek\u00ee te derbas\u00ee van r\u00fbpel\u00ean sip\u00ee bike. Dema ku hewldidim we binivs\u00eenim \u015fanaz\u00ee, hestiyar\u00ee, b\u00ear\u00eekirin \u00fb k\u00ealiya oxirkirin\u00ea hem\u00fb li ber \u00e7av\u00ean min zind\u00ee dibin. Dema \u015fer destp\u00eakir pir germ n\u00eaz b\u00fb \u00fb wiha got \u2018ez\u00ea bi\u00e7im Ser\u00eakaniy\u00ea \u00fb t\u00ea de \u015fer bikim. Mirov di bajar\u00ea xwe de parastina xaka welat\u00ea xwe bike, hestek pir p\u00eeroze. Ez\u00ea j\u00ee bi\u00e7im zarok\u00ean ku di komkujiyan re derbas dibin xilas bikim.<\/p>\n<p>Aryen ke\u00e7a roj\u00ea \u015fervana heq\u00eeqet\u00ea \u00fb delala dil\u00ea r\u00eaheval\u00ean xwe\u2026 Te jiyana her kes\u00ee bi r\u00fbkeniya xwe \u015fad dikir. Ji ber ken\u00ea te bi qas\u00ee welat\u00ea te xwe\u015fik \u00fb berxwed\u00ear b\u00fb. Her k\u00ealiyeke jiyana w\u00ea bi hezkirin dagirt\u00ee b\u00fb. Ango hem\u00fb k\u00ealiy\u00ean jiyana xwe bi hevaltiy\u00ea \u00fb teko\u015f\u00eena rast dih\u00fbnand \u00fb wisa di r\u00eaka berxwedan\u00ea de me\u015fiya. Her digot, \u2018Me di Efr\u00een\u00ea de gelek heval\u00ean h\u00eaja \u015feh\u00eed dane \u00fb \u00eero j\u00ee di Ser\u00eakaniy\u00ea de em \u015feh\u00eed\u00ean bi nirx didin. P\u00eaw\u00eeste em tola \u015feh\u00eed\u00ean xwe rabikin\u2019. Bi saya heval\u00ean weke r\u00eaheval Aryen h\u00eaja, \u015fer\u00ea R\u00fbmet\u00ea b\u00fb sembola serkeftin\u00ea.<\/p>\n<p>R\u00fbheyva dil \u00fb mejiy\u00ea me. Tu j\u00ee m\u00eena her gul\u00eemareke dilw\u00earek di \u015fopa heq\u00eeqet\u00ea de me\u015fiyay\u00ee.\u00a0 Te j\u00ee bi beriq\u00eena \u00e7av\u00ean xwe her dora xwe \u015f\u00ean kir. R\u00fbheyv b\u00fb b\u00fbka Kurdistan\u00ea \u00fb b\u00fb tirsa dil\u00ea dijmin\u00ea xwe. Di dema berxwedan\u00ea de xwe kir destan \u00fb ev destana xwe di her kolana bajar\u00ea Ser\u00eakaniy\u00ea de neqi\u015fand.<\/p>\n<p>Bel\u00ea keleha berxwedan\u00ea Wa\u015fokan\u00ee! Te \u015fahid\u00ee ji gelek leheng\u00ean weke R\u00fbheyv, Ronah\u00ee, N\u00eargiz, Dilv\u00een \u00fb N\u00fbhalan re kir. \u00cero deng\u00ea Demhat\u00ea Gir\u00easip\u00ee, Sav\u00fb\u015fka\u2019ya \u00e7alakvan \u00fb Firat\u00ea Ser\u00eakaniy\u00ea di kolan\u00ean te de deng vedidin. Ji ber w\u00ea ye ku bi ruxm\u00ea dagirkeriya giran tu her bi serbilind\u00ee \u00fb \u015fanaz\u00ee t\u00eay\u00ee bib\u00eer an\u00een. W\u00ea dem\u00ea bila Eg\u00eed \u00fb Gul\u00eemor\u00ean ku di oxira te de can\u00ea xwe kirin feda j\u00ee rihet raz\u00ean, ji ber teko\u015f\u00eena ji bo azadiy\u00ea w\u00ea qet \u00fb qet raneweste \u00fb azad\u00ee w\u00ea teqez ya mirov\u00ean azad\u00eexwaz be. Azad\u00ee w\u00ea ya Ser\u00eakaniy\u00ea, Gir\u00ea Sip\u00ee \u00fb hem\u00fb Kurdistan\u00ea be.<\/p>\n<p>Navenda Ragihandina YPJ<\/p>\n","protected":false},"excerpt":{"rendered":"<p>&nbsp; Bar\u00een Hawar Tolhildan Me sozek dab\u00fb r\u00eaheval\u00ean xwe y\u00ean \u015feh\u00eed, soza me ew b\u00fb ku ger derbaskirineke dijmin\u00ea mirovahiy\u00ea hebe j\u00ee, w\u00ea li ser cesed\u00ea me be. Em zarok\u00ean roj\u00ea xwediy\u00ean axa p\u00eerozin. Me nav\u00ea xwe kiriye Xebat \u00fb Rustem, \u015e\u00eelan \u00fb Viyan\u2026 y\u00ean ku em nas nekribin bila r\u00fbpel\u00ean d\u00eerok\u00ea vekin, bila ber\u00ea [&hellip;]<\/p>\n","protected":false},"author":1,"featured_media":12484,"comment_status":"closed","ping_status":"closed","sticky":false,"template":"","format":"standard","meta":{"footnotes":""},"categories":[38],"tags":[],"class_list":{"0":"post-10976","1":"post","2":"type-post","3":"status-publish","4":"format-standard","5":"has-post-thumbnail","7":"category-nuce"},"_links":{"self":[{"href":"https:\/\/ypjrojava.net\/index.php?rest_route=\/wp\/v2\/posts\/10976","targetHints":{"allow":["GET"]}}],"collection":[{"href":"https:\/\/ypjrojava.net\/index.php?rest_route=\/wp\/v2\/posts"}],"about":[{"href":"https:\/\/ypjrojava.net\/index.php?rest_route=\/wp\/v2\/types\/post"}],"author":[{"embeddable":true,"href":"https:\/\/ypjrojava.net\/index.php?rest_route=\/wp\/v2\/users\/1"}],"replies":[{"embeddable":true,"href":"https:\/\/ypjrojava.net\/index.php?rest_route=%2Fwp%2Fv2%2Fcomments&post=10976"}],"version-history":[{"count":1,"href":"https:\/\/ypjrojava.net\/index.php?rest_route=\/wp\/v2\/posts\/10976\/revisions"}],"predecessor-version":[{"id":10978,"href":"https:\/\/ypjrojava.net\/index.php?rest_route=\/wp\/v2\/posts\/10976\/revisions\/10978"}],"wp:featuredmedia":[{"embeddable":true,"href":"https:\/\/ypjrojava.net\/index.php?rest_route=\/wp\/v2\/media\/12484"}],"wp:attachment":[{"href":"https:\/\/ypjrojava.net\/index.php?rest_route=%2Fwp%2Fv2%2Fmedia&parent=10976"}],"wp:term":[{"taxonomy":"category","embeddable":true,"href":"https:\/\/ypjrojava.net\/index.php?rest_route=%2Fwp%2Fv2%2Fcategories&post=10976"},{"taxonomy":"post_tag","embeddable":true,"href":"https:\/\/ypjrojava.net\/index.php?rest_route=%2Fwp%2Fv2%2Ftags&post=10976"}],"curies":[{"name":"wp","href":"https:\/\/api.w.org\/{rel}","templated":true}]}}