{"id":10980,"date":"2020-11-08T11:33:47","date_gmt":"2020-11-08T11:33:47","guid":{"rendered":"https:\/\/ypjrojava.net\/?p=10980"},"modified":"2022-06-16T10:41:43","modified_gmt":"2022-06-16T10:41:43","slug":"rusteme-bicuk-xwediye-esqa-mezin","status":"publish","type":"post","link":"https:\/\/ypjrojava.net\/?p=10980","title":{"rendered":"Rustem\u00ea Bi\u00e7\u00fbk Xwediy\u00ea E\u015fqa Mezin!"},"content":{"rendered":"<p style=\"text-align: center;\">Ka b\u00eaje \u00fb bila deng\u00ea te bigh\u00eaje her mirovek\u00ea<\/p>\n<p style=\"text-align: center;\">Ka k\u00ee dikare weke te bi e\u015fqeke mezin, di bin\u00ea zinaran de azadiy\u00ea bib\u00eene<\/p>\n<p style=\"text-align: center;\">K\u00ee dikare ji bo azadiy\u00ea can\u00ea xwe bike feda \u00fb k\u00ee dikare w\u00earekiya te ragre<\/p>\n<p style=\"text-align: center;\">Y\u00ean dikarin di l\u00fbtkeya zinar\u00ean her\u00ee bilind de Azadiy\u00ea bib\u00eenin<\/p>\n<p style=\"text-align: center;\">Ew dikarin m\u00eena B\u00ear\u00eetanan \u00fb m\u00eena te bibin per\u00ee<\/p>\n<p style=\"text-align: center;\">Encax y\u00ean ku dilgermiya jiyana azad bij\u00een dikarin weke te bin<\/p>\n<p style=\"text-align: center;\">Te di r\u00eaya B\u00ear\u00eetan\u2019an de rih\u00ea Rustem\u2019an ava kir<\/p>\n<p style=\"text-align: center;\">Te rih\u00ea mil\u00eetaniyeke ku zinaran ji xwe re nizim dib\u00eene afrand<\/p>\n<p style=\"text-align: center;\">Er\u00ea Rustem\u00ea C\u00fbd\u00ee!<\/p>\n<p style=\"text-align: center;\">Te di nava dil\u00ea xwe de quntar\u00ean \u00e7iyay\u00ean Heftan\u00een\u00ea rakir<\/p>\n<p style=\"text-align: center;\">Gera te ya li azadiy\u00ea l\u00eager\u00eenvanan li pey xwe dih\u00eale<\/p>\n<p style=\"text-align: center;\">L\u00eager\u00eenvan li r\u00eaya te digerin<\/p>\n<p style=\"text-align: center;\">Li azadiy\u00ea, li r\u00fbmet\u00ea di\u011ferin\u2026<\/p>\n<p style=\"text-align: center;\"><em>Ji bo b\u00eeran\u00eena Rustem C\u00fbd\u00ee y\u00ea ku di Cenga Heftan\u00een\u00ea de li berxwe dide \u00fb ji bo ku nekeve dest\u00ea dijmin\u00ea dagirker xwe ji zinaran dav\u00eaje \u00fb rih\u00ea r\u00eaheval B\u00ear\u00eetan n\u00fbjen dike\u2026 Bi berxwedana xwe azadiy\u00ea hemb\u00eaz dike, ji heval\u00ean xwe re dibe navn\u00ee\u015fana t\u00eako\u015f\u00een \u00fb azadiy\u00ea\u2026<\/em><\/p>\n<p style=\"text-align: center;\"><em>Sema \u015eore\u015f<\/em><\/p>\n<p style=\"text-align: center;\">Navenda Ragihandina YPJ<\/p>\n<p style=\"text-align: center;\">\n","protected":false},"excerpt":{"rendered":"<p>Ka b\u00eaje \u00fb bila deng\u00ea te bigh\u00eaje her mirovek\u00ea Ka k\u00ee dikare weke te bi e\u015fqeke mezin, di bin\u00ea zinaran de azadiy\u00ea bib\u00eene K\u00ee dikare ji bo azadiy\u00ea can\u00ea xwe bike feda \u00fb k\u00ee dikare w\u00earekiya te ragre Y\u00ean dikarin di l\u00fbtkeya zinar\u00ean her\u00ee bilind de Azadiy\u00ea bib\u00eenin Ew dikarin m\u00eena B\u00ear\u00eetanan \u00fb m\u00eena te [&hellip;]<\/p>\n","protected":false},"author":1,"featured_media":12571,"comment_status":"closed","ping_status":"closed","sticky":false,"template":"","format":"standard","meta":{"footnotes":""},"categories":[60],"tags":[],"class_list":{"0":"post-10980","1":"post","2":"type-post","3":"status-publish","4":"format-standard","5":"has-post-thumbnail","7":"category-helbest"},"_links":{"self":[{"href":"https:\/\/ypjrojava.net\/index.php?rest_route=\/wp\/v2\/posts\/10980","targetHints":{"allow":["GET"]}}],"collection":[{"href":"https:\/\/ypjrojava.net\/index.php?rest_route=\/wp\/v2\/posts"}],"about":[{"href":"https:\/\/ypjrojava.net\/index.php?rest_route=\/wp\/v2\/types\/post"}],"author":[{"embeddable":true,"href":"https:\/\/ypjrojava.net\/index.php?rest_route=\/wp\/v2\/users\/1"}],"replies":[{"embeddable":true,"href":"https:\/\/ypjrojava.net\/index.php?rest_route=%2Fwp%2Fv2%2Fcomments&post=10980"}],"version-history":[{"count":2,"href":"https:\/\/ypjrojava.net\/index.php?rest_route=\/wp\/v2\/posts\/10980\/revisions"}],"predecessor-version":[{"id":10983,"href":"https:\/\/ypjrojava.net\/index.php?rest_route=\/wp\/v2\/posts\/10980\/revisions\/10983"}],"wp:featuredmedia":[{"embeddable":true,"href":"https:\/\/ypjrojava.net\/index.php?rest_route=\/wp\/v2\/media\/12571"}],"wp:attachment":[{"href":"https:\/\/ypjrojava.net\/index.php?rest_route=%2Fwp%2Fv2%2Fmedia&parent=10980"}],"wp:term":[{"taxonomy":"category","embeddable":true,"href":"https:\/\/ypjrojava.net\/index.php?rest_route=%2Fwp%2Fv2%2Fcategories&post=10980"},{"taxonomy":"post_tag","embeddable":true,"href":"https:\/\/ypjrojava.net\/index.php?rest_route=%2Fwp%2Fv2%2Ftags&post=10980"}],"curies":[{"name":"wp","href":"https:\/\/api.w.org\/{rel}","templated":true}]}}