{"id":10986,"date":"2021-10-04T15:16:09","date_gmt":"2021-10-04T15:16:09","guid":{"rendered":"https:\/\/ypjrojava.net\/?p=10986"},"modified":"2021-10-04T15:19:19","modified_gmt":"2021-10-04T15:19:19","slug":"cawa-caven-xwe-vedikirin-dixwestin-bicin-kobanecawa-caven-xwe-vedikirin-dixwestin-bicin-kobane","status":"publish","type":"post","link":"https:\/\/ypjrojava.net\/?p=10986","title":{"rendered":"&#8216;\u00c7awa \u00e7av\u00ean xwe vedikirin, dixwestin bi\u00e7in Koban\u00ea&#8217;"},"content":{"rendered":"<p>\u015eervana YPJ\u2019\u00ea Dilovan Koban\u00ea qala k\u00ealiy\u00ean dermankirina \u015fervanan li nexwe\u015fxaneya Rihay\u00ea kir \u00fb got: &#8220;K\u00ealiya ku \u00e7av\u00ea xwe vedikirin, dixwastin bi\u00e7in Koban\u00ea.&#8221;<\/p>\n<p>&nbsp;<\/p>\n<p>\u015eervana YPJ\u2019\u00ea ,Dilovan Koban\u00ea bi xwe ji Koban\u00ea ye. Di dema berxwedana d\u00eerok\u00ee ya Koban\u00ea de li Reqay\u00ea b\u00fb \u00fb hing\u00ee ko\u00e7\u00ee Bakur kir. \u015eah\u00eediya berxwedana \u015fervan\u00ean bir\u00eendar dike \u00fb qala w\u00ea dem\u00ea dike: &#8220;Bajar\u00ea Koban\u00ea ji aliy\u00ea \u00e7and\u00ee ve xwed\u00ee d\u00eerokeke kevnar e. Bi taybet\u00ee j\u00ee R\u00eaber Apo li v\u00ea der\u00ea maye \u00fb heman dem\u00ea bajar\u00ea ku bi berxwedana xwe hatiye nas\u00een. Dewleta Tirk bi r\u00eaka DA\u00ce\u015e\u2019\u00ea \u00eari\u015f\u00ean hovan\u00ea li ser bajar\u00ea Koban\u00ea p\u00eak an\u00ee. Li hember\u00ee w\u00ea, \u015fervan\u00ean YPJ-YPG soza ku ji bo R\u00eaber Apo, \u015feh\u00eedan \u00fb gel\u00ea xwe dab\u00fbn heta daw\u00ee berxwedaneke d\u00eerok\u00ee bi cih an\u00een \u00fb bi ser ketin. Di w\u00ea dem\u00ea de min dixwast tevl\u00ee w\u00ea berxwedan\u00ea bibim, l\u00ea ji ber ku min r\u00ea ned\u00eet \u00fb her ku \u00e7\u00fb \u015fer giran b\u00fb, em ji Reqa ko\u00e7ber\u00ee Bakur b\u00fbn. W\u00ea dem\u00ea \u00eari\u015f\u00ean pir dijwar li ser bajar\u00ea Koban\u00ea heb\u00fb, \u015fervan\u00ean YPJ \u00fb YPG\u2019\u00ea bi berxwedaneke mezin li hember\u00ee van \u00eari\u015fan \u015fer dikirin \u00fb bir\u00eendar dib\u00fbn. Bir\u00eendar \u00fb gaz\u00ee pir b\u00fbn, li Rojava dermankirina wan zehmet b\u00fb. Ji ber w\u00ea j\u00ee bir\u00eendar \u00fb gaziy\u00ean \u015fer\u00ea Koban\u00ea derbas\u00ee Bakur dib\u00fbn. Ez j\u00ee w\u00ea dem\u00ea li Bakur b\u00fbm. Hing\u00ee min \u015fahidiya berxwedana \u015fervan\u00ean gaz\u00ee \u00fb bir\u00eendar kir \u00fb min hewl da li Bakur ji bo di dem\u00ean dermankirina wan de li gel wan bim.&#8221;<\/p>\n<p><strong>&#8216;DERMANKIRINA \u015eERVANAN E\u015eKERE DIHATE KIRIN&#8217;<\/strong><\/p>\n<p>Destiladariya Erdogan li Bakur\u00ea Kurdistan\u00ea bi nav\u00ea darizandina Koban\u00ea tirs \u00fb xofa ku di dema \u015fer\u00ea Koban\u00ea de dijiya heta roja \u00eero j\u00ee didom\u00eene. L\u00ea bele w\u00ea dem\u00ea derbasb\u00fby\u00eena \u015fervan\u00ean bir\u00eendar \u00fb gaz\u00ee ti\u015ftek ve\u015fart\u00ee n\u00een b\u00fb, agahiya dewleta Tirk \u00a0heb\u00fb ku \u015fervan derbas\u00ee nexwe\u015fxan\u00eaya Riha y\u00ea dib\u00fbn.<\/p>\n<p>\u015eervana YPJ\u2019\u00ea Dilovan Koban\u00ea k\u00ealiy\u00ean ku \u015fahidiya berxwedana \u015fervanan kirib\u00fb wiha bi l\u00eav kir: &#8220;\u015eervan\u00ean ku li hember\u00ee hovitiya \u00e7eteyan \u015fer kirin \u00fb bir\u00eendar b\u00fbn derbas\u00ee Bakur b\u00fbn \u00fb li vir hatin dermankirin. L\u00ea bel\u00ea di w\u00ea dem\u00ea j\u00ee xeteriyek ji bo \u015fervanan heb\u00fb, ew j\u00ee hevkariya dewleta Tirk ya \u00e7eteyan re b\u00fb. M\u00eenak li keleka cih\u00ean ku \u015fervan\u00ean YPJ-YPG l\u00ea diman \u00e7ete j\u00ee dihatin dermankirin. \u015eervanan ev yek d\u00eeditin \u00fb dixwastin z\u00fb ba\u015f bin da ku cardin bizivirin \u00e7eper\u00ean xwe. \u015eervanan \u00e7awa \u00e7av\u00ea xwe vedikirin derbas\u00ee Koban\u00ea dib\u00fbn. Digotin &#8216;p\u00eaw\u00eeste em bi\u00e7in \u00a0Koban\u00ea rizgar bikin. Me soz daye gel\u00ea xwe em\u00ea Koban\u00ea rizgar bikin&#8217;. Min w\u00ea dem\u00ea berxwedana wan \u015fervanan meraq kir. Min ji xwe re ev h\u00eaz \u00fb baweriya militan\u00ean R\u00eaber Apo ye. Di w\u00ea dem\u00ea min j\u00ee biryar da ku ez tevl\u00ee bib\u00fbm \u00fb ez j\u00ee heq\u00eeqeta birdoziya R\u00eaber Apo nas bikim.&#8221;<\/p>\n<p><strong>&#8216;HEQ\u00ceQET B\u00ceRDOZIYA R\u00caBER APO YE&#8217;<\/strong><\/p>\n<p>Dilovan Koban\u00ea dema h\u00eaz \u00fb \u00eeradeya \u015fervanan dib\u00eene ew bi xwe j\u00ee ji \u015fervan\u00ean azadiy\u00ea h\u00eaz digre \u00fb tevl\u00ee ref\u00ean YPJ dibe. Koban\u00ea wiha qala tevl\u00eeb\u00fby\u00eena xwe ye nava ref\u00ean YPJ\u2019\u00ea dike: &#8220;Pi\u015ft\u00ee ez bi xwe j\u00ee tevl\u00ee b\u00fbm min f\u00eam kir ku ew kes\u00ean ku mil\u00eetan\u00ean R\u00eaber Apo ne weke xwed\u00ee heq\u00eeqeteke mezinin. Ew heq\u00eeqet b\u00eerdoziya R\u00eabert\u00ee ye. Felsefa R\u00eabert\u00ee di nav xwe de girtine ku ji ber w\u00ea \u00eerade wan pir xurt e. Heta daw\u00ee li ber xwe didin, tu car\u00ee soza xwe pa\u015fde venagerin\u00een. Bi qas\u00ee ku \u00e7av\u00ea xwe vedikirin tev\u00ee bir\u00eendariya xwe derbas\u00ee Koban\u00ea dib\u00fbn.&#8221;<\/p>\n<p>Bij\u00ee\u015fk\u00ean ku berxwedana bir\u00eendar \u00fb gaziy\u00ean \u00a0YPJ-YPG\u2019\u00ea did\u00eetin wiha behsa qehremantiya \u015fervanan dikir; &#8220;Bij\u00ee\u015fk\u00ean ku heval\u00ean bir\u00eendar tedaw\u00ee dikirin dikirin ew bi xwe j\u00ee digotin. &#8216;Her t\u00ea gotin ku R\u00eaber Apo weke kesek\u00ee muc\u00eezew\u00ee ye l\u00ea bel\u00ea mil\u00eetan\u00ean R\u00eaber Apo j\u00ee bi v\u00ee reng\u00eene&#8217;. Mirov\u00ean ku m\u00eaj\u00ee ling \u00fb dest n\u00een be nikarin bij\u00een, l\u00ea bel\u00ea mil\u00eetan\u00ean R\u00eaber Apo bi \u00eerade, sekn \u00fb berxwedaneke b\u00eahempa xwe li ser linga digirin \u00fb dij\u00een. Bij\u00ee\u015fk\u00ean ku wan hevalan d\u00eedit\u00een, pir bandor dib\u00fbn. M\u00eenak hinek ji wan digiriyan digotin, &#8216;Gelo ev mirovana mela\u00eeketin, pi\u015ft\u00ee ewqas bir\u00eendariya giran \u00e7awa dikarin bij\u00een.&#8221;<\/p>\n<p><strong>&#8216;HEMAN \u00c7ETE GIR\u00ca SIP\u00ce, SER\u00caKANIY\u00ca \u00db EFR\u00ceN\u00ca DAGIR KIRIN&#8217;<\/strong><\/p>\n<p>\u015eervanan YPJ\u2019\u00ea Dilovan Koban\u00ea di dawiya axaftina xwe balki\u015fand li ser hevkariya dewleta Tirk \u00fb \u00e7etey\u00ean DA\u00ce\u015e&#8217;\u00ea \u00fb wiha got: &#8220;W\u00ea dem\u00ea meha Cotmeh\u00ea desthilatdar Erdogan wisa ji xwe bawer digot &#8216;Koban\u00ea ha ket \u00fb ha dikeve&#8217;. \u00a0L\u00ea bel\u00ea beramber\u00ee w\u00ea \u015fervan\u00ean YPG-YPJ\u2019\u00ea li ber xwe dan \u00fb heta dawiy\u00ea \u015fer kirin. \u015eervan\u00ean azadiy\u00ea xwed\u00ee li soza xwe derketin \u00fb bi berxwedaneke d\u00eerok\u00ee Koban\u00ea rizgar kirin. Her \u00e7iqas \u015fehadet \u00e7\u00eab\u00fbn j\u00ee soza xwe ya ji hevr\u00eay\u00ean xwe y\u00ean \u015feh\u00eed re p\u00eakan\u00een \u00fb serketin j\u00ee bidestxistin.<\/p>\n<p>Ez w\u00ea dem\u00ea tevl\u00ee neb\u00fbb\u00fbm, siv\u00eel b\u00fbm. Em bi xwe j\u00ee dib\u00fbn \u015fahid ku \u00e7awa \u00e7ete li bajar\u00ea Rihay\u00ea di bin nav\u00ea ol\u00ea de mirov perwerde dikirin da ku ji bo r\u00ea bikin Koban\u00ea. W\u00ea dem\u00ea pir kes bi fikre DA\u00ce\u015e derbas\u00ee Koban\u00ea dib\u00fbn, l\u00ea bel\u00ea dema berxwedana YPJ-YPG d\u00eetin ji wan bandor dib\u00fbn, ji hatina xwe ya Koban\u00ea pi\u015fman dib\u00fbn \u00fb pa\u015fde vedigeriyan. Digotin &#8216;Ewana ne teror\u00eest in, mirov\u00ean azad\u00eexwaz in. Serok\u00ea wan d\u00eel hatiye girtin \u00fb welat\u00ea wan bindeste ji bo w\u00ea \u015fer didin me\u015fandin. Em \u00e7ima bi wan re \u015fer dikin&#8217;. Po\u015fmantiya xwe dian\u00een li ser ziman. L\u00ea bel\u00ea d\u00eesa j\u00ee heta roja me \u00eero j\u00ee kes\u00ean ku li d\u00fb Erdogan tevdigerin hene weke \u00e7etey\u00ean bi dest\u00ea Erdogan axa Gir\u00ea sp\u00ee, Ser\u00eakaniy\u00ea \u00fb Efr\u00een dagir kirine \u00fb \u00eero li ser w\u00ea ax\u00ea qatl\u00eeaman dikin.&#8221;<\/p>\n<p>&nbsp;<\/p>\n","protected":false},"excerpt":{"rendered":"<p>\u015eervana YPJ\u2019\u00ea Dilovan Koban\u00ea qala k\u00ealiy\u00ean dermankirina \u015fervanan li nexwe\u015fxaneya Rihay\u00ea kir \u00fb got: &#8220;K\u00ealiya ku \u00e7av\u00ea xwe vedikirin, dixwastin bi\u00e7in Koban\u00ea.&#8221; &nbsp; \u015eervana YPJ\u2019\u00ea ,Dilovan Koban\u00ea bi xwe ji Koban\u00ea ye. Di dema berxwedana d\u00eerok\u00ee ya Koban\u00ea de li Reqay\u00ea b\u00fb \u00fb hing\u00ee ko\u00e7\u00ee Bakur kir. \u015eah\u00eediya berxwedana \u015fervan\u00ean bir\u00eendar dike \u00fb qala w\u00ea [&hellip;]<\/p>\n","protected":false},"author":1,"featured_media":10987,"comment_status":"closed","ping_status":"closed","sticky":false,"template":"","format":"standard","meta":{"footnotes":""},"categories":[38],"tags":[],"class_list":{"0":"post-10986","1":"post","2":"type-post","3":"status-publish","4":"format-standard","5":"has-post-thumbnail","7":"category-nuce"},"_links":{"self":[{"href":"https:\/\/ypjrojava.net\/index.php?rest_route=\/wp\/v2\/posts\/10986","targetHints":{"allow":["GET"]}}],"collection":[{"href":"https:\/\/ypjrojava.net\/index.php?rest_route=\/wp\/v2\/posts"}],"about":[{"href":"https:\/\/ypjrojava.net\/index.php?rest_route=\/wp\/v2\/types\/post"}],"author":[{"embeddable":true,"href":"https:\/\/ypjrojava.net\/index.php?rest_route=\/wp\/v2\/users\/1"}],"replies":[{"embeddable":true,"href":"https:\/\/ypjrojava.net\/index.php?rest_route=%2Fwp%2Fv2%2Fcomments&post=10986"}],"version-history":[{"count":2,"href":"https:\/\/ypjrojava.net\/index.php?rest_route=\/wp\/v2\/posts\/10986\/revisions"}],"predecessor-version":[{"id":10989,"href":"https:\/\/ypjrojava.net\/index.php?rest_route=\/wp\/v2\/posts\/10986\/revisions\/10989"}],"wp:featuredmedia":[{"embeddable":true,"href":"https:\/\/ypjrojava.net\/index.php?rest_route=\/wp\/v2\/media\/10987"}],"wp:attachment":[{"href":"https:\/\/ypjrojava.net\/index.php?rest_route=%2Fwp%2Fv2%2Fmedia&parent=10986"}],"wp:term":[{"taxonomy":"category","embeddable":true,"href":"https:\/\/ypjrojava.net\/index.php?rest_route=%2Fwp%2Fv2%2Fcategories&post=10986"},{"taxonomy":"post_tag","embeddable":true,"href":"https:\/\/ypjrojava.net\/index.php?rest_route=%2Fwp%2Fv2%2Ftags&post=10986"}],"curies":[{"name":"wp","href":"https:\/\/api.w.org\/{rel}","templated":true}]}}