{"id":10991,"date":"2021-11-01T05:44:31","date_gmt":"2021-11-01T05:44:31","guid":{"rendered":"https:\/\/ypjrojava.net\/?p=10991"},"modified":"2021-11-01T19:00:21","modified_gmt":"2021-11-01T19:00:21","slug":"rihe-berxwedana-kobane-penaseya-azadiya-gelane","status":"publish","type":"post","link":"https:\/\/ypjrojava.net\/?p=10991","title":{"rendered":"Rih\u00ea Berxwedana Koban\u00ea P\u00eanaseya Azadiya Gelan\u00ea"},"content":{"rendered":"<p>\u00c7etey\u00ean DAI\u015e\u2019\u00ea di sala 2014\u2019an de bi armanca tunne kirina destkeftiy\u00ean gel\u00ea Kurd bi pi\u015ftgiriya dewlet\u00ean weke Tirkiy\u00ea \u00ear\u00ee\u015f\u00ee bajar\u00ea Koban\u00ea kirin. L\u00ea bel\u00ea ji b\u00eer kirib\u00fbn ku gel\u00ea Koban\u00ea bi fikir \u00fb raman\u00ea azad xwe perwerde kirine. Ke\u00e7 \u00fb xort\u00ean bajar\u00ea Koban\u00ea li hember hov\u00eetiya \u00e7etey\u00ean Da\u00ee\u015f\u2019\u00ea bi v\u00eenek mezin li ber xwe dan \u00fb teko\u015f\u00een kirin.<\/p>\n<p>Di Koban\u00ea de carek din yekb\u00fbna gel\u00ea Kurd p\u00eakhat \u00fb heman dem\u00ea de hest\u00ea mirovahiy\u00ea li hember h\u00eaz\u00ean desthilatdar \u00fb dagirker b\u00fbn yek. Gel\u00ea Kurd li \u00e7ar par\u00e7ey\u00ean Kurdistan\u00ea ji bo Koban\u00ea rab\u00fb li ser piyan \u00fb\u00a0 bi yek dil\u00ee bi \u015fervan\u00ean YPJ\u2019\u00ea \u00fb YPG\u2019\u00ea re mil bi mil di cih \u00fb war\u00ea p\u00eeroz ya Kobana reng\u00een de ji bo xwi\u015fk \u00fb biratiya gelan destan\u00ean efsun\u00ee niv\u00eesandin.<\/p>\n<p>\u00c7etey\u00ean DAI\u015e\u2019\u00ea ku qet para xwe ji mirovahiy\u00ea negirtine bi hem\u00fb hov\u00eet\u00ee \u00fb qir\u00eajiy\u00ean xwe \u00ear\u00ee\u015f\u00ee Koban\u00ea kirin \u00fb h\u00eav\u00ee dikirin ku di demek\u00ee kurt de big\u00eah\u00eajin armanc\u00ean xwe. Serok\u00e7ete Erdoxan j\u00ee bi v\u00ea h\u00eaviy\u00ea digot ha Koban\u00ea ket \u00fb w\u00ea niha bikeve. L\u00ea bel\u00ea li hember\u00ee hov\u00eet\u00ee \u00fb \u00ear\u00ee\u015f\u00ean dijmirovahiy\u00ea bi p\u00ea\u015feng\u00eetiya \u015fervan\u00ean YPJ-YPG\u2019\u00ea \u00fb \u015fervan\u00ean Enternasyonal\u00eest, bi sedan gel\u00ean demorakras\u00eexwaz \u00fb gelek dever\u00ean c\u00eehan\u00ea bi pi\u015ftgiriyek mezin n\u00ee\u015fan\u00ee hem\u00fb h\u00eaz\u00ean desthildar dan ku w\u00ea v\u00eena gel\u00ean azad\u00eexwaz \u00fb \u015fervan\u00ean qehraman\u00a0 tu caran destur nedin ku bih\u00fbstek j\u00ee ji axa Koban\u00ea were dagir kirin.<\/p>\n<p>Bi taybet j\u00ee \u015fervan\u00ean\u00a0 YPJ\u2019\u00ea \u00fb YPG\u2019\u00ea di p\u00ea\u015feng\u00eetiya fermandar R\u00eavan, \u00d6zgur, Gelhat, Herdem, Viyan Peyman, Zehra Penaber, Sibel Bulut de \u015ferek\u00ee d\u00eerok\u00ee dane me\u015fandin. Her k\u00ealiya ku \u015fer dikirin de j\u00ee digotin: em\u00ea can\u00ea xwe feda bikin l\u00ea em\u00ea neh\u00ealin ew ling\u00ean qir\u00eaj li ser xaka me ya p\u00eeroz, gavek\u00ee biav\u00eajin. Koban\u00ea nav\u00ea teko\u015f\u00eena gel\u00ean azad\u00eexwaze. Dewleta Tirk a dagirker heta roja \u00eero j\u00ee ew binketina xwe hezim nekiriye. Ji ber w\u00ea ye ku bi pol\u00eet\u00eekay\u00ean xwe y\u00ean \u015fer\u00ea taybet \u00fb \u00ear\u00ee\u015f\u00ean xwe li ser bajar\u00ea Koban\u00ea \u00fb bi gi\u015ft\u00ee Rojavay\u00ea Kurdistan\u00ea didom\u00eene. L\u00ea gel\u00ea Kobaniya Berxwed\u00ear \u00e7awa di dema berxwedaniya d\u00eerok\u00ee de li gel \u015fervan\u00ean xwe b\u00fb \u00eero j\u00ee bi heman rih\u00ea li hember\u00ee her c\u00fbre ley\u00eestok\u00ean dewleta Tirk banga azadiya gelan bilind dikin. Li ser\u00ea her kolaneke Koban\u00ea xw\u00eena jin\u00ean Mezopotamya rij\u00eeya, \u00eero j\u00ee bi hezaran \u015fervan\u00ean YPJ\u2019\u00ea \u00fb YPG\u2019\u00ea li ser \u015fopa wan qehremanan dime\u015fin. Ji ber w\u00ea tu caran w\u00ea xeyal\u00ean dagirkeran p\u00eak ney\u00ean. Em careke din 1\u2019\u00ea Mijdar\u00ea Roja Pi\u015ftevaniya Berxwedana C\u00eehan\u00ee ya Koban\u00ee li tevahiya mirovahiy\u00ea p\u00eeroz dikin. Em bang li tevahiya gel\u00ean azad\u00eexwaz dikin ku dem dema li hember\u00ee dagirkeriya dewleta Tirk ya li ser axa Rojava, bi rih\u00ea 1\u2019\u00ea Mijdar\u00ea Roja Pi\u015ftevaniya Berxwedana C\u00eehan\u00ee ya Koban\u00ee teko\u015f\u00een kirin\u00ea ye. \u00c7awa ku\u00a0 hem\u00fb h\u00eaz\u00ean c\u00eehan\u00ea li hember tar\u00eetiya DA\u00ce\u015e\u2019\u00ea b\u00fbne yek \u00fb mirovah\u00ee ji v\u00ea tar\u00eetiy\u00ea xilas kirin p\u00eaw\u00eeste \u00eero j\u00ee, ji bo r\u00fbmeta mirovahiya azad bi heman rih\u00ea xwed\u00ee Koban\u00ea \u00fb \u015fore\u015fa Rojava derbikevin. Her\u00ee daw\u00ee j\u00ee em dib\u00eajin w\u00ea rih\u00ea berxwedaniya Koban\u00ee tevah\u00ee gel\u00ean bindest re azadiy\u00ea b\u00eene.<\/p>\n<p>Fermandariya Gi\u015ft\u00ee a YPJ\u2019\u00ea<\/p>\n<p>31.10.2021<\/p>\n","protected":false},"excerpt":{"rendered":"<p>\u00c7etey\u00ean DAI\u015e\u2019\u00ea di sala 2014\u2019an de bi armanca tunne kirina destkeftiy\u00ean gel\u00ea Kurd bi pi\u015ftgiriya dewlet\u00ean weke Tirkiy\u00ea \u00ear\u00ee\u015f\u00ee bajar\u00ea Koban\u00ea kirin. L\u00ea bel\u00ea ji b\u00eer kirib\u00fbn ku gel\u00ea Koban\u00ea bi fikir \u00fb raman\u00ea azad xwe perwerde kirine. Ke\u00e7 \u00fb xort\u00ean bajar\u00ea Koban\u00ea li hember hov\u00eetiya \u00e7etey\u00ean Da\u00ee\u015f\u2019\u00ea bi v\u00eenek mezin li ber xwe dan [&hellip;]<\/p>\n","protected":false},"author":1,"featured_media":10997,"comment_status":"closed","ping_status":"closed","sticky":false,"template":"","format":"standard","meta":{"footnotes":""},"categories":[39],"tags":[],"class_list":{"0":"post-10991","1":"post","2":"type-post","3":"status-publish","4":"format-standard","5":"has-post-thumbnail","7":"category-daxuyani"},"_links":{"self":[{"href":"https:\/\/ypjrojava.net\/index.php?rest_route=\/wp\/v2\/posts\/10991","targetHints":{"allow":["GET"]}}],"collection":[{"href":"https:\/\/ypjrojava.net\/index.php?rest_route=\/wp\/v2\/posts"}],"about":[{"href":"https:\/\/ypjrojava.net\/index.php?rest_route=\/wp\/v2\/types\/post"}],"author":[{"embeddable":true,"href":"https:\/\/ypjrojava.net\/index.php?rest_route=\/wp\/v2\/users\/1"}],"replies":[{"embeddable":true,"href":"https:\/\/ypjrojava.net\/index.php?rest_route=%2Fwp%2Fv2%2Fcomments&post=10991"}],"version-history":[{"count":1,"href":"https:\/\/ypjrojava.net\/index.php?rest_route=\/wp\/v2\/posts\/10991\/revisions"}],"predecessor-version":[{"id":10992,"href":"https:\/\/ypjrojava.net\/index.php?rest_route=\/wp\/v2\/posts\/10991\/revisions\/10992"}],"wp:featuredmedia":[{"embeddable":true,"href":"https:\/\/ypjrojava.net\/index.php?rest_route=\/wp\/v2\/media\/10997"}],"wp:attachment":[{"href":"https:\/\/ypjrojava.net\/index.php?rest_route=%2Fwp%2Fv2%2Fmedia&parent=10991"}],"wp:term":[{"taxonomy":"category","embeddable":true,"href":"https:\/\/ypjrojava.net\/index.php?rest_route=%2Fwp%2Fv2%2Fcategories&post=10991"},{"taxonomy":"post_tag","embeddable":true,"href":"https:\/\/ypjrojava.net\/index.php?rest_route=%2Fwp%2Fv2%2Ftags&post=10991"}],"curies":[{"name":"wp","href":"https:\/\/api.w.org\/{rel}","templated":true}]}}