{"id":11006,"date":"2021-11-11T13:19:29","date_gmt":"2021-11-11T13:19:29","guid":{"rendered":"https:\/\/ypjrojava.net\/?p=11006"},"modified":"2021-11-11T18:04:25","modified_gmt":"2021-11-11T18:04:25","slug":"ji-gele-meye-welat-parez-u-raya-gisti-re","status":"publish","type":"post","link":"https:\/\/ypjrojava.net\/?p=11006","title":{"rendered":"Ji Gel\u00ea mey\u00ea Welat Par\u00eaz \u00fb Raya Gi\u015ft\u00ee Re"},"content":{"rendered":"<p><span style=\"font-size: 12pt;\">Ji desp\u00eaka \u015fore\u015fa Rojava heya n\u00eeha ev 10 salin dewleta Tirk bi awayeki b\u00ea navber, bi r\u00eaka \u00e7ete \u00fb hez\u00ean xwe y\u00ean \u00e7ekdar \u00eari\u015f\u00ean qirkirin\u00ea li ser axa rojava dide me\u015fandin. Li beranberi wan eri\u015f\u00ean hovane tu cari gel\u00ea me gav pa\u015fde nav\u00eat \u00fb her tim bi ruheki fedayi bi sekneki rumet xwedi li \u015fore\u015fa xwe derket \u00fb heta roja mey \u00eero ji bi serfirazi t\u00eako\u015fiya. Li beranber\u00ee v\u00ea rastiya gel\u00ea me y\u00ea berxwed\u00ear, dewleta Tirk her roj bi awayeki \u00e7av sorane li ber \u00e7av\u00ea hem\u00fb h\u00eaz\u00ean garantor \u00eari\u015f\u00ean cur be cur li ser herim\u00ea bakur \u00fb rojhilat\u00ea sur\u00ee p\u00ea\u015f dixe. Dewleta Tirk a dagirker ya ku li ser xw\u00eena gel\u00ea me jiyan dike, bi v\u00ee awayi dixwaze iradaa gel\u00ea kurd bi\u015fk\u00eene \u00fb politikay\u00ean xwe ya qirkirin\u00ea bi dawi bike. <\/span><span lang=\"TR\" style=\"font-size: 12.0pt; line-height: 115%;\">Her\u00ee dawi dewleta fa\u015fist ya Tirk bi balefir\u00ean b\u00ea mirov\u00a0 di diroka 09. 11 . 2021\u2019an li taxa hil\u00ealiy\u00ea ya bajar\u00ea Qami\u015flo \u00ear\u00ee\u015fi erebeyek\u00ee meden\u00ee kir. Di encama v\u00ea \u00ear\u00ee\u015f\u00eade 3 weletiy\u00ean mey\u00ea h\u00eaja \u00fb berxwed\u00ear Yusuf Gulo, Mazl\u00fbm Gulo \u00fb Mihemed Gulo bi awayek\u00ee hovane \u00fb dervay ehlaq\u00ea mirovahiy\u00ea hatin \u015fehit xistin. <\/span><span lang=\"TR\" style=\"font-size: 12.0pt; line-height: 115%;\">Di ser\u00ee de em her 3 \u015fehid\u00ean xwe y\u00ea bi rumet Yusuf Gulo, Mazl\u00fbm Gulo \u00fb Mihemed Gulo ku doza azad\u00ee \u00fb mirovahiy\u00ea li her qad\u00ean berxwedan\u00ea didan me\u015fandin, bi minnetdar\u00ee\u00a0 bi b\u00eer t\u00eenin \u00fb em dib\u00eajin em\u00ea keda wan tu cari ji b\u00eer nekin. Xewn \u00fb xeyal\u00ean wan y\u00ea Kurdistana azad em\u00ea misoger bikin \u00fb ala \u015fore\u015f\u00ea her tim bilind bikin. \u015e.Yusuf Gulo hemu k\u00eal\u00eey\u00ea j\u00eeyana xwe da, bi fedekar\u00ee \u00fb cesaretek mezin di teko\u015f\u00eena azad\u00eey\u00ea de c\u00eeh g\u00eert \u00fb b\u00ee serfiraz\u00ee j\u00eeyan kir. Ber\u00eeya \u015fehadeta xwe \u015e. Yusuf Gulo w\u00eeha d\u00eebeje \u201c<i>em\u00ea heta dawiy\u00ea berxwebidin\u201d<\/i>. Em ji soz didin, bi h\u00eaz \u00fb bawer\u00eeya me ji \u015feh\u00eed\u00ea xwe \u00fb gel\u00ea xwe y\u00ea berxwed\u00ear girt\u00eeye em\u00ea tu cari neh\u00ealin rih\u00ea berxwedan\u00ea lewaz bibe. Em\u00ea agirgeha \u015fore\u015f\u00ea her tim ge\u015f bih\u00ealin \u00fb teko\u015fina azadiya kurdistan\u00ea bi serkeftin\u00ea tacidar bikin. <\/span><span lang=\"TR\" style=\"font-size: 12.0pt; line-height: 115%;\">D\u00eesa ji bo malbeta me ya h\u00eaja \u00fb welatpar\u00eaz ya ku b\u00fbye sembola ked \u00fb fedakariy\u00ea em sersaxiy\u00ea ji wan ra dixwazin \u00fb em dibejin xw\u00eena \u015feh\u00eed\u00ean me y\u00ean qehreman w\u00ea li erd\u00ea nem\u00eene. Malbeta me h\u00eaja ya Mala Gulo ji roja desp\u00eaka teko\u015f\u00eena me ya azadiy\u00ea heta niha bi awayeki cesaret, b\u00ea teredd\u00fct bar\u00ea \u015fore\u015f\u00ea girtiye ser mil\u00ea xwe \u00fb berd\u00eal\u00ean giran buha ji bo teko\u015f\u00eena azadiya kurdistan\u00ea dane. Ji bo azadiya gel\u00ea kurd bi zanab\u00fbnek welatpar\u00eaz\u00ee hertim cih\u00ea xwe di nava \u015fore\u015f\u00ea de girtine \u00fb div\u00ea oxir\u00ea de gelek ke\u00e7 \u00fb xort\u00ea xwe y\u00ea h\u00eaja \u015feh\u00eed dane. Ji bo daxwaz, h\u00eav\u00ee \u00fb bendewariy\u00ea \u015feh\u00eed \u00fb gel\u00ea xwe em wek \u015fervan \u00fb parizvan\u00ea v\u00ee gel\u00ee bi rihek\u00ee feday\u00ee di her k\u00ealiya jiyan\u00ea da em\u00ea teko\u015f\u00eena xwe ya azadiy\u00ea bilind bikin. Em di v\u00ea bawer\u00eey\u00ea de ne ku heta geleki bi v\u00ee reng\u00ee berxwed\u00ear \u00fb qehraman hebe w\u00ea tu car\u00ee dewleta dagirker negih\u00eejin armanca xwe w\u00ea teqez em\u00ea bi ser bikevin.<\/span><\/p>\n<p><strong>Fermandariya Gi\u015ft\u00ee a YPJ\u2019\u00ea\u00a0 <\/strong><\/p>\n<p><strong>11. Mijdar 2021\u00a0 \u00a0 \u00a0 \u00a0 \u00a0 \u00a0 \u00a0 \u00a0 \u00a0 \u00a0 \u00a0 \u00a0 \u00a0 \u00a0 \u00a0 \u00a0 \u00a0 \u00a0 \u00a0 \u00a0 \u00a0 \u00a0 \u00a0 \u00a0 \u00a0 \u00a0 \u00a0 \u00a0 \u00a0 \u00a0 \u00a0 \u00a0 \u00a0 \u00a0 \u00a0 \u00a0 \u00a0 \u00a0 \u00a0 \u00a0 \u00a0 \u00a0 \u00a0 \u00a0\u00a0<\/strong><\/p>\n","protected":false},"excerpt":{"rendered":"<p>Ji desp\u00eaka \u015fore\u015fa Rojava heya n\u00eeha ev 10 salin dewleta Tirk bi awayeki b\u00ea navber, bi r\u00eaka \u00e7ete \u00fb hez\u00ean xwe y\u00ean \u00e7ekdar \u00eari\u015f\u00ean qirkirin\u00ea li ser axa rojava dide me\u015fandin. Li beranberi wan eri\u015f\u00ean hovane tu cari gel\u00ea me gav pa\u015fde nav\u00eat \u00fb her tim bi ruheki fedayi bi sekneki rumet xwedi li \u015fore\u015fa [&hellip;]<\/p>\n","protected":false},"author":1,"featured_media":11007,"comment_status":"closed","ping_status":"closed","sticky":false,"template":"","format":"standard","meta":{"footnotes":""},"categories":[39],"tags":[],"class_list":{"0":"post-11006","1":"post","2":"type-post","3":"status-publish","4":"format-standard","5":"has-post-thumbnail","7":"category-daxuyani"},"_links":{"self":[{"href":"https:\/\/ypjrojava.net\/index.php?rest_route=\/wp\/v2\/posts\/11006","targetHints":{"allow":["GET"]}}],"collection":[{"href":"https:\/\/ypjrojava.net\/index.php?rest_route=\/wp\/v2\/posts"}],"about":[{"href":"https:\/\/ypjrojava.net\/index.php?rest_route=\/wp\/v2\/types\/post"}],"author":[{"embeddable":true,"href":"https:\/\/ypjrojava.net\/index.php?rest_route=\/wp\/v2\/users\/1"}],"replies":[{"embeddable":true,"href":"https:\/\/ypjrojava.net\/index.php?rest_route=%2Fwp%2Fv2%2Fcomments&post=11006"}],"version-history":[{"count":4,"href":"https:\/\/ypjrojava.net\/index.php?rest_route=\/wp\/v2\/posts\/11006\/revisions"}],"predecessor-version":[{"id":11016,"href":"https:\/\/ypjrojava.net\/index.php?rest_route=\/wp\/v2\/posts\/11006\/revisions\/11016"}],"wp:featuredmedia":[{"embeddable":true,"href":"https:\/\/ypjrojava.net\/index.php?rest_route=\/wp\/v2\/media\/11007"}],"wp:attachment":[{"href":"https:\/\/ypjrojava.net\/index.php?rest_route=%2Fwp%2Fv2%2Fmedia&parent=11006"}],"wp:term":[{"taxonomy":"category","embeddable":true,"href":"https:\/\/ypjrojava.net\/index.php?rest_route=%2Fwp%2Fv2%2Fcategories&post=11006"},{"taxonomy":"post_tag","embeddable":true,"href":"https:\/\/ypjrojava.net\/index.php?rest_route=%2Fwp%2Fv2%2Ftags&post=11006"}],"curies":[{"name":"wp","href":"https:\/\/api.w.org\/{rel}","templated":true}]}}