{"id":11018,"date":"2021-11-22T20:27:50","date_gmt":"2021-11-22T20:27:50","guid":{"rendered":"https:\/\/ypjrojava.net\/?p=11018"},"modified":"2022-06-16T11:10:19","modified_gmt":"2022-06-16T11:10:19","slug":"em-e-soresa-xwe-biparezin-mezin-bikin-u-bigihini-asta-gerduni","status":"publish","type":"post","link":"https:\/\/ypjrojava.net\/?p=11018","title":{"rendered":"Em \u00ca \u015eore\u015fa Xwe Bipar\u00eazin, Mezin Bikin \u00db Bigih\u00eeni Asta Gerd\u00fbn\u00ee"},"content":{"rendered":"<p>Di v\u00ea serdema ku tund\u00ee \u00fb qirkirina li ser jin \u00fb civak\u00ea di asta her\u00ee jor de p\u00eak t\u00ea, jin\u00ean serhild\u00ear \u00fb azad\u00eexwaz j\u00ee bi hem\u00fb h\u00eaz \u00fb v\u00eena xwe li berxwe didin, bi biryardariyeke mezin li hember m\u00ear\u00ea kujer \u00fb feraseta desthilatdar ku li ser jin \u00fb civak\u00ea qirkirin\u00ea ferz dikin teko\u015f\u00eena azadiy\u00ea didin \u00fb 25\u2019\u00ea Mijdar\u00ea bi co\u015feke mezin a berxwedan\u00ea ve p\u00ea\u015fwaz\u00ee dikin.<\/p>\n<p>T\u00eako\u015f\u00eena jinan a ku xwe disp\u00eare serp\u00eahatiya xw\u00ee\u015fk\u00ean Mirabelan heya Roza, Clara, \u015eore\u015fgera mezin Sarayan \u00fb heya \u015feh\u00eed\u00ean \u015fore\u015fa Rojava ku \u00eero di \u015fexs\u00ea Fermandara YPJ\u2019\u00ea Sosin B\u00eerhatan de bilind dibe, bi rihek\u00ea mezin ji \u00e7iyay\u00ean Kurdistan\u00ea heya axa \u015fore\u015f\u00ea li Rojava \u00fb heya Efganistan hem\u00fb Rojhilata Nav\u00een \u00fb hem\u00fb c\u00eehan\u00ea jin bi her reng\u00ee teko\u015f\u00eena xwe mezin dikin \u00fb ev j\u00ee dibe tirsa m\u00eatinger\u00ee, dagirker\u00ee \u00fb fa\u015fizm\u00ea.<\/p>\n<p>Ev p\u00eavajoya ku feraseta kujer jin\u00ea di mal\u00ea de dikuje, di qad\u00ean t\u00eako\u015f\u00een\u00ea de hedef digre, ji welat\u00ea w\u00ea ko\u00e7 dike, dixwaze dest bav\u00eaje heb\u00fbn, zaneb\u00fbn \u00fb v\u00eena jin\u00ea de p\u00eaw\u00eest\u00ee bi r\u00eaxistinb\u00fbn \u00fb bi h\u00eaza jin\u00ea ya cewher\u00ee tevger\u00een\u00ea heye \u00fb riya li hember van \u00ear\u00ee\u015f\u00ean \u00e7and\u00ee, civak\u00ee \u00fb siyas\u00ee xwe parastin\u00ea ten\u00ea bi r\u00eaxistinb\u00fbneke xurt y\u00ea p\u00eak were. \u00c7awa ku jin\u00ea li Rojava h\u00eaza xwe ya cewher\u00ee ve \u015fore\u015f p\u00eak an\u00ee kon\u00ea tar\u00eetiy\u00ea \u00e7irand b\u00fb art\u00ea\u015f, bi felsefeya birdoziya rizgariya jin a ku R\u00eaber APO p\u00ea\u015fxist xwe perwerde kir, mezin b\u00fb, \u00eero bi heman rih, feraset \u00fb biryardariya \u015fikandina desthilatan a m\u00ear\u00ea kujer jin\u00ea bikaribin di \u015fexs\u00ea jin\u00ea de civakeke azad ava bikin.<\/p>\n<p>Weke h\u00eaz\u00ean YPJ\u2019\u00ea em dib\u00eajin, me \u015fore\u015f bi Fermandar Sosin B\u00eerhatan nas kir \u00fb jiyan kir, feraseta desthilatdar ku nikare heb\u00fbna jina zane, p\u00ea\u015feng hezim bike \u00fb h\u00eaza jina r\u00eaxistinkir\u00ee hedef digre ji xw\u00ee\u015fk\u00ean Mirabel heya, p\u00ea\u015fenga azadiy\u00ea a mezin Sara \u00fb d\u00eesa fermandara YPJ\u2019\u00ea Sosin Birhat bi heman feraset\u00ea ve hatin hedef girtin. Roja \u00eero desthilatdar\u00ean ku di ax\u00ean dagirkir\u00ee de her cure tund\u00ee \u00fb tunekirin\u00ea li ser jin \u00fb gel ferz dike encama heman feraset\u00ea ye. Bangawaziya me li hem\u00fb jin\u00ean Kurd, Ereb, Ermen, Asur, Suryan hem\u00fb jin\u00ean her\u00eam\u00ea, Rojhilata Nav\u00een \u00fb c\u00eehan\u00ea ewe ku bi r\u00eaxistinb\u00fbn, hevgirtin \u00fb bi h\u00eaz \u00fb v\u00eena jin\u00ea li derdora \u015eore\u015fa Rojava bibin yek \u00fb t\u00eako\u015f\u00eena xwe ya azadiy\u00ea di hem\u00fb qad\u00ean \u015fore\u015f\u00ea de bilind bikin da ku em bikaribin civakeke konfederal demokrat misoger bikin.<\/p>\n<p>Em j\u00ee di \u015fexs\u00ea van jin\u00ean \u015fore\u015fger\u00ean mezin de dib\u00eajin \u00e7awa ku em bi \u015fore\u015fa Rojava b\u00fbne h\u00eaviya hem\u00fb jin \u00fb civak\u00ean demokras\u00eexwaz em\u00ea bi rih\u00ea Fermandar Sosinan teko\u015f\u00eena xwe bilind bikin, bi h\u00eaza xwe cewher\u00ee ve v\u00eena xwe daynin hol\u00ea, xwebipar\u00eazin, dagirkeriy\u00ea ji welat\u00ea xwe derxin, Efr\u00een, Ser\u00eakaniy\u00ea \u00fb Gir\u00easip\u00ee rizgar bikin, gef\u00ean li ser welat\u00ea xwe ji hol\u00ea rabikin, \u015fore\u015fa xwe bipar\u00eazin, mezin bikin, bigh\u00eenin asta gerd\u00fbn\u00ee \u00fb bi p\u00eangava dem dema azadiy\u00ea ve tecr\u00eed\u00ea bi\u015fk\u00eenin, fa\u015f\u00eezm\u00ea t\u00eak bibin \u00fb dagirkeriy\u00ea ji hol\u00ea rabikin.<\/p>\n<p><strong>Fermandariya Gi\u015ft\u00ee a YPJ\u2019\u00ea<\/strong><\/p>\n<p><strong>22.11.2021<\/strong><\/p>\n<p>&nbsp;<\/p>\n<p>&nbsp;<\/p>\n<p>&nbsp;<\/p>\n<p>&nbsp;<\/p>\n","protected":false},"excerpt":{"rendered":"<p>Di v\u00ea serdema ku tund\u00ee \u00fb qirkirina li ser jin \u00fb civak\u00ea di asta her\u00ee jor de p\u00eak t\u00ea, jin\u00ean serhild\u00ear \u00fb azad\u00eexwaz j\u00ee bi hem\u00fb h\u00eaz \u00fb v\u00eena xwe li berxwe didin, bi biryardariyeke mezin li hember m\u00ear\u00ea kujer \u00fb feraseta desthilatdar ku li ser jin \u00fb civak\u00ea qirkirin\u00ea ferz dikin teko\u015f\u00eena azadiy\u00ea didin [&hellip;]<\/p>\n","protected":false},"author":1,"featured_media":12595,"comment_status":"closed","ping_status":"closed","sticky":false,"template":"","format":"standard","meta":{"footnotes":""},"categories":[39],"tags":[],"class_list":{"0":"post-11018","1":"post","2":"type-post","3":"status-publish","4":"format-standard","5":"has-post-thumbnail","7":"category-daxuyani"},"_links":{"self":[{"href":"https:\/\/ypjrojava.net\/index.php?rest_route=\/wp\/v2\/posts\/11018","targetHints":{"allow":["GET"]}}],"collection":[{"href":"https:\/\/ypjrojava.net\/index.php?rest_route=\/wp\/v2\/posts"}],"about":[{"href":"https:\/\/ypjrojava.net\/index.php?rest_route=\/wp\/v2\/types\/post"}],"author":[{"embeddable":true,"href":"https:\/\/ypjrojava.net\/index.php?rest_route=\/wp\/v2\/users\/1"}],"replies":[{"embeddable":true,"href":"https:\/\/ypjrojava.net\/index.php?rest_route=%2Fwp%2Fv2%2Fcomments&post=11018"}],"version-history":[{"count":3,"href":"https:\/\/ypjrojava.net\/index.php?rest_route=\/wp\/v2\/posts\/11018\/revisions"}],"predecessor-version":[{"id":11051,"href":"https:\/\/ypjrojava.net\/index.php?rest_route=\/wp\/v2\/posts\/11018\/revisions\/11051"}],"wp:featuredmedia":[{"embeddable":true,"href":"https:\/\/ypjrojava.net\/index.php?rest_route=\/wp\/v2\/media\/12595"}],"wp:attachment":[{"href":"https:\/\/ypjrojava.net\/index.php?rest_route=%2Fwp%2Fv2%2Fmedia&parent=11018"}],"wp:term":[{"taxonomy":"category","embeddable":true,"href":"https:\/\/ypjrojava.net\/index.php?rest_route=%2Fwp%2Fv2%2Fcategories&post=11018"},{"taxonomy":"post_tag","embeddable":true,"href":"https:\/\/ypjrojava.net\/index.php?rest_route=%2Fwp%2Fv2%2Ftags&post=11018"}],"curies":[{"name":"wp","href":"https:\/\/api.w.org\/{rel}","templated":true}]}}