{"id":11025,"date":"2021-12-04T14:03:42","date_gmt":"2021-12-04T14:03:42","guid":{"rendered":"https:\/\/ypjrojava.net\/?p=11025"},"modified":"2021-12-06T16:48:48","modified_gmt":"2021-12-06T16:48:48","slug":"11025-2","status":"publish","type":"post","link":"https:\/\/ypjrojava.net\/?p=11025","title":{"rendered":"\u00a0Serkeftina Koban\u00ea Soza Meya Dem\u00ea Ye"},"content":{"rendered":"<p>Bi boneya salvegera 6. a rizgarkirina war\u00ea berxwedan\u00ea Koban\u00ea di ser\u00ee de li R\u00eaber\u00ea gelan R\u00eaber APO, hem\u00fb r\u00eaheval\u00ean mey\u00ean ku bi rih\u00ean xwe y\u00ean feda\u00ee ku \u00eero b\u00fbne sembola Berxwedana gelan, malbat\u00ean \u015feh\u00eedan, tevah\u00ee \u015fervan\u00ean li ser riya heq\u00eeqet\u00ea teko\u015f\u00een dikin, hem\u00fb dost\u00ean gel\u00ea Kurd \u00fb tevah\u00ee mirovahiy\u00ea p\u00eeroz dikim.<\/p>\n<p>\u015eer\u00ea li Koban\u00ea li himber hov\u00eetiya dijmin\u00ea mirovahiy\u00ea DA\u00ce\u015e\u2019\u00ea hate jiyankirin. Berxwedana gel\u00ea her\u00eam bi felsefeya jiyana azad k\u00eal\u00ee bi k\u00eal\u00ee bi lehengiya neviy\u00ean xwudawend\u00ean Mezrabotamya y\u00ean m\u00eena Ar\u00een \u00fb R\u00eavanan nav\u00ea xwe li d\u00eeroka mirovahiy\u00ea bi t\u00eep\u00ean z\u00ear\u00een niv\u00eesandin. Her \u00e7iqas\u00ee 6 sal li ser berxwedana Koban\u00ea re derbas b\u00fb, em dikarin b\u00eajin \u015fervan\u00ean nav\u00ean xwe di d\u00eeroka mirovahiy\u00ea de niv\u00eesandine, \u00eero b\u00fbne p\u00ea\u015feng\u00ean tevah\u00ee jin\u00ean teko\u015fer. Di roja \u00eero de di her qada jiyan\u00ea de \u015fopdar\u00ean riya Ar\u00een \u00fb Avestayan bi rih\u00ea berxwedana Koban\u00ea, bi qehremaniya \u015fervana teko\u015fer di berxwedana Serdem\u00ea de can\u00ea xwe feda kirin ji bo azadiya tevah\u00ee gelan, em dib\u00eenin \u00eero bi hezaran jin\u00ean teko\u015fer \u00fb jin\u00ean ku dil\u00ea wan ji bo j\u00eena azad l\u00eadidin, teko\u015f\u00een dikin \u00fb li ber xwe didin.<\/p>\n<p>Deng\u00ea azadiy\u00ea ya ku di d\u00eeroka 26\u2019\u00ea \u00c7ile de, bi deng\u00ea berxwedaniy\u00ea ku misoger\u00ee de di w\u00ea roja d\u00eerok\u00ee gihijte lutkey\u00ea, bi serk\u00ea\u015fiya bi sedan ke\u00e7en qehreman \u00fb \u00e7eleng ku deng\u00ea wan ji erd\u00ea hetan\u00ee as\u00eemanan, ji bo ku deng\u00ea xwe bigih\u00eenin mirovahiy\u00ea, her yek ji wan bi desmala serkeftin\u00ea weke \u00eero li kolan\u00ean Koban\u00ea \u00fb di \u00e7eper\u00ean germ de cih\u00ea ku azad\u00ee l\u00ea hatib\u00fb d\u00eetin. \u00cero j\u00ee em bi heman deng\u00ee ji bo em azadiya Koban\u00ea bigih\u00eajinin daw\u00ee, em\u00ea bi rih\u00ea berxwedana Koban\u00ea wan bajar\u00ean xwe y\u00ean \u00eero dibin dagirkeriya dijmin\u00ea mirovahiy\u00ea ango \u00e7etey\u00ean Erdoxan \u00fb \u00e7etey\u00ean DA\u00ce\u015e\u2019\u00ea de rizgar bikin. Azadi \u00fb serkeftina ku li Koban\u00ea hat\u00ee jiyankirin, \u00a0em\u00ea di her s\u00ea bajar\u00ean xwe y\u00ean dibin dagirkeriy\u00ea de j\u00ee bidin jiyankirin.<\/p>\n<p>Her\u00ee daw\u00ee di kesayeta hevr\u00eaya xwe Avesta Xab\u00fbr tevah\u00ee \u015feh\u00eed\u00ean \u015fore\u015fa Rojava, bi b\u00eertinin \u00fb bejna xwe di tew\u00eenin. Salvegera 6. a rizgarkirina Koban\u00ea li tevah\u00ee mirovahiy\u00ea p\u00eeroz dikim. Em weke ferandariya YPJ\u2019\u00ea soz \u00fb keyifxwe\u015fiya xwe ji v\u00ea roj\u00ea \u00fb hem\u00fb rojan re dib\u00eajin. Ji bo bilindkirina teko\u015f\u00eena xwe em\u00ea di hem\u00fb \u00e7eperan de ala serkeftin\u00ea, heta p\u00eakan\u00eena xewin \u00fb xeyal\u00ean r\u00eaheval\u00ean me y\u00ean bu sedem ku em van rojan jiyan bikin.<\/p>\n<p><strong>Fermandariya Gi\u015ft\u00ee Ya YPJ\u2019\u00ea<\/strong><\/p>\n<p><strong>26.8.2021<\/strong><\/p>\n","protected":false},"excerpt":{"rendered":"<p>Bi boneya salvegera 6. a rizgarkirina war\u00ea berxwedan\u00ea Koban\u00ea di ser\u00ee de li R\u00eaber\u00ea gelan R\u00eaber APO, hem\u00fb r\u00eaheval\u00ean mey\u00ean ku bi rih\u00ean xwe y\u00ean feda\u00ee ku \u00eero b\u00fbne sembola Berxwedana gelan, malbat\u00ean \u015feh\u00eedan, tevah\u00ee \u015fervan\u00ean li ser riya heq\u00eeqet\u00ea teko\u015f\u00een dikin, hem\u00fb dost\u00ean gel\u00ea Kurd \u00fb tevah\u00ee mirovahiy\u00ea p\u00eeroz dikim. \u015eer\u00ea li Koban\u00ea li [&hellip;]<\/p>\n","protected":false},"author":1,"featured_media":11030,"comment_status":"closed","ping_status":"closed","sticky":false,"template":"","format":"standard","meta":{"footnotes":""},"categories":[39],"tags":[],"class_list":{"0":"post-11025","1":"post","2":"type-post","3":"status-publish","4":"format-standard","5":"has-post-thumbnail","7":"category-daxuyani"},"_links":{"self":[{"href":"https:\/\/ypjrojava.net\/index.php?rest_route=\/wp\/v2\/posts\/11025","targetHints":{"allow":["GET"]}}],"collection":[{"href":"https:\/\/ypjrojava.net\/index.php?rest_route=\/wp\/v2\/posts"}],"about":[{"href":"https:\/\/ypjrojava.net\/index.php?rest_route=\/wp\/v2\/types\/post"}],"author":[{"embeddable":true,"href":"https:\/\/ypjrojava.net\/index.php?rest_route=\/wp\/v2\/users\/1"}],"replies":[{"embeddable":true,"href":"https:\/\/ypjrojava.net\/index.php?rest_route=%2Fwp%2Fv2%2Fcomments&post=11025"}],"version-history":[{"count":4,"href":"https:\/\/ypjrojava.net\/index.php?rest_route=\/wp\/v2\/posts\/11025\/revisions"}],"predecessor-version":[{"id":11049,"href":"https:\/\/ypjrojava.net\/index.php?rest_route=\/wp\/v2\/posts\/11025\/revisions\/11049"}],"wp:featuredmedia":[{"embeddable":true,"href":"https:\/\/ypjrojava.net\/index.php?rest_route=\/wp\/v2\/media\/11030"}],"wp:attachment":[{"href":"https:\/\/ypjrojava.net\/index.php?rest_route=%2Fwp%2Fv2%2Fmedia&parent=11025"}],"wp:term":[{"taxonomy":"category","embeddable":true,"href":"https:\/\/ypjrojava.net\/index.php?rest_route=%2Fwp%2Fv2%2Fcategories&post=11025"},{"taxonomy":"post_tag","embeddable":true,"href":"https:\/\/ypjrojava.net\/index.php?rest_route=%2Fwp%2Fv2%2Ftags&post=11025"}],"curies":[{"name":"wp","href":"https:\/\/api.w.org\/{rel}","templated":true}]}}