{"id":11035,"date":"2021-12-04T16:58:16","date_gmt":"2021-12-04T16:58:16","guid":{"rendered":"https:\/\/ypjrojava.net\/?p=11035"},"modified":"2021-12-06T16:46:51","modified_gmt":"2021-12-06T16:46:51","slug":"ji-gele-me-u-rayagisti","status":"publish","type":"post","link":"https:\/\/ypjrojava.net\/?p=11035","title":{"rendered":"Ji Gel\u00ea me \u00fb Rayagi\u015ft\u00ee"},"content":{"rendered":"<p>Em r\u00eahevala xwe \u00c7i\u00e7ek Botan bi r\u00eazdar\u00ee bib\u00eert\u00eenin \u00fb ji malbata w\u00ea re sersax\u00ee dixwazin. Em careke din ji w\u00ea \u00fb hem\u00fb r\u00eaheval\u00ean xwey\u00ean \u015feh\u00eed re soza p\u00eakan\u00eena hedef \u00fb armanc\u00ean wan n\u00fb dikin.<\/p>\n<p>R\u00eahevala me \u00c7i\u00e7ek a bi nasnav Besma Heyder di p\u00eavajoya \u015fer\u00ea Koban\u00ea a giran de tevl\u00ee YPJ\u2019\u00ea dibe \u00fb di 3\u2019\u00ea Adar\u00ea de di encama qezayek\u00ea de dema ku li ser erke xwe b\u00fb tevl\u00ee karwana \u015feh\u00eedan dibe.<\/p>\n<p>R\u00eahevala me \u00c7i\u00e7ek a ku bi esl\u00ea xwe ji Koban\u00ea ye di nava malbateke welatpar\u00eaz de mezin dibe. Di sala 1999\u2019an de dema ku n\u00fb ji day\u00eek dibe h\u00eena di zarokatiya xwe de bi komploya ku di \u015fexs\u00ea R\u00eaber\u00ea gelan R\u00eaber APO de hatiye jiyan kirin nas dike \u00fb bi heskirin \u00fb gir\u00eadaneke mezin a bi R\u00eaber APO ve mezin dibe. Di temen\u00ea xwe y\u00ea bi\u00e7\u00fbk de komploya li ser R\u00eaber\u00ea gelan, tecr\u00eeda hey\u00ee tu caran napejir\u00eene \u00fb cara yekem h\u00ears \u00fb xwesteke tolgirtina li hember dijmin\u00ea xwe dij\u00ee. D\u00eesa heskirina malbata w\u00ea, heskirina gel\u00ea Koban\u00ea a li hember R\u00eaber APO di w\u00ea de j\u00ee heskirineke mezin p\u00ea\u015f dixe. Ji zarokatiya xwe heya ciwantiya xwe her dem bi xeyala mil\u00eetaniya R\u00eaber APO mezin dibe. H\u00eena di temen\u00ea xwe y\u00ea ciwan de di sala 2015\u2019an dema ku \u00e7etey\u00ean DA\u0130\u015e\u2019\u00ea \u00eari\u015f\u00ea ser Koban\u00ea dikin li hember van \u00ear\u00ee\u015fan ji bo axa xwe, gel\u00ea xwe \u00fb nirx\u00ean xwe bipar\u00eaze tevl\u00ee ref\u00ean YPJ\u2019\u00ea dibe \u00fb gav\u00ean xwe y\u00ea destp\u00eak\u00ean \u00ean r\u00eahevaltiya R\u00eaber APO li Koban\u00ea dav\u00eaje.<\/p>\n<p>R\u00eaheval \u00c7i\u00e7ek tola xwe ya li hember dijmin\u00ea welat\u00ea xwe cara yek\u00ea bi rizgarkirina Koban\u00ea digre. \u015eer\u00ea Koban\u00ea \u00ea ku ji bo art\u00ea\u015fa YPJ\u2019\u00ea p\u00eavajoyeke zehmet b\u00fb de R\u00eaheval \u00c7i\u00e7ek dibe jineke \u015fore\u015fger a bi h\u00eaz. Di nava van merc\u00ean giran \u00ean \u015fer de bi biryardariyeke mezin \u00fb rih\u00ea berxwedan\u00ea tecrubey\u00ean mezin \u00fb gir\u00eeng y\u00ean \u015fore\u015fger\u00ee qezenc dike.<\/p>\n<p>Li aql\u00ea jin \u00ea k\u00fbr, zirav \u00fb serkeft\u00ee \u00ea \u015fer de xwe p\u00ea\u015fdixe. R\u00eaheval \u00c7i\u00e7ek xwe li ser bingeh\u00ea paradigmaya demokratik, ekolojik \u00fb azad\u00eexwaziya jin p\u00ea\u015f dixe, dibe xwed\u00ee feraseteke mezin a r\u00eahevaltiy\u00ea \u00fb bi rihek\u00ea feda\u00ee b\u00ea ku astengan nas bike hem\u00fb zehmetiyan bi serkeft\u00ee derbas dike \u00fb careke din di \u015fexs\u00ea xwe de h\u00eaza jina ku xwe li ser felsefeya azadiy\u00ea r\u00eaxistinkiriye diyar dike.<\/p>\n<p>Rih\u00ea r\u00eaheval \u00c7i\u00e7ek \u00ea fedai ku ji bo Serokat\u00ee \u00fb welat ku di hem\u00fb qad\u00ean jiyan\u00ea de dibe navn\u00ee\u015fana \u015fore\u015fgeriya dem\u00ea riya serkeftin\u00ea diyar dike. Ev rih ji bo me j\u00ee riya teko\u015f\u00een \u00fb gir\u00eadan\u00ea ron\u00ee dike.<\/p>\n<p>Weke Yek\u00eeney\u00ean Parastina Jin YPJ\u2019\u00ea, em careke din ji malbata bi nirx a r\u00eaheval \u00c7i\u00e7ek re sersaxiy\u00ea dixwazin. Em ji hem\u00fb malbat\u00ean \u015feh\u00eedan re soz didin ku w\u00ea tola \u015feh\u00eed\u00ean me li erd\u00ea nem\u00eene. Em\u00ea bi rih\u00ea fedai \u00ea r\u00eaheval \u00c7i\u00e7ek xwed\u00ee erk\u00ean dem\u00ea derbikevin \u00fb em\u00ea gir\u00eadana xwe a bi \u015feh\u00eed\u00ean xwe re bi misogerkirina azadiy\u00ea ve diyar bikin. Em\u00ea bi heskirin \u00fb gir\u00eadana \u00c7i\u00e7ekan a R\u00eaber APO ve, ji bo axeke b\u00ea tecr\u00eed, b\u00ea dagirker\u00ee \u00fb b\u00ea m\u00eatinger\u00ee teko\u015f\u00een \u00fb berxwedaneke mezin raber bikin.<\/p>\n<p><strong>Fermandariya Gi\u015ft\u00ee ya YPJ\u2019\u00ea<\/strong><\/p>\n<p><strong>12.03.2021<\/strong><\/p>\n","protected":false},"excerpt":{"rendered":"<p>Em r\u00eahevala xwe \u00c7i\u00e7ek Botan bi r\u00eazdar\u00ee bib\u00eert\u00eenin \u00fb ji malbata w\u00ea re sersax\u00ee dixwazin. Em careke din ji w\u00ea \u00fb hem\u00fb r\u00eaheval\u00ean xwey\u00ean \u015feh\u00eed re soza p\u00eakan\u00eena hedef \u00fb armanc\u00ean wan n\u00fb dikin. R\u00eahevala me \u00c7i\u00e7ek a bi nasnav Besma Heyder di p\u00eavajoya \u015fer\u00ea Koban\u00ea a giran de tevl\u00ee YPJ\u2019\u00ea dibe \u00fb di 3\u2019\u00ea [&hellip;]<\/p>\n","protected":false},"author":1,"featured_media":11026,"comment_status":"closed","ping_status":"closed","sticky":false,"template":"","format":"standard","meta":{"footnotes":""},"categories":[39],"tags":[],"class_list":{"0":"post-11035","1":"post","2":"type-post","3":"status-publish","4":"format-standard","5":"has-post-thumbnail","7":"category-daxuyani"},"_links":{"self":[{"href":"https:\/\/ypjrojava.net\/index.php?rest_route=\/wp\/v2\/posts\/11035","targetHints":{"allow":["GET"]}}],"collection":[{"href":"https:\/\/ypjrojava.net\/index.php?rest_route=\/wp\/v2\/posts"}],"about":[{"href":"https:\/\/ypjrojava.net\/index.php?rest_route=\/wp\/v2\/types\/post"}],"author":[{"embeddable":true,"href":"https:\/\/ypjrojava.net\/index.php?rest_route=\/wp\/v2\/users\/1"}],"replies":[{"embeddable":true,"href":"https:\/\/ypjrojava.net\/index.php?rest_route=%2Fwp%2Fv2%2Fcomments&post=11035"}],"version-history":[{"count":1,"href":"https:\/\/ypjrojava.net\/index.php?rest_route=\/wp\/v2\/posts\/11035\/revisions"}],"predecessor-version":[{"id":11036,"href":"https:\/\/ypjrojava.net\/index.php?rest_route=\/wp\/v2\/posts\/11035\/revisions\/11036"}],"wp:featuredmedia":[{"embeddable":true,"href":"https:\/\/ypjrojava.net\/index.php?rest_route=\/wp\/v2\/media\/11026"}],"wp:attachment":[{"href":"https:\/\/ypjrojava.net\/index.php?rest_route=%2Fwp%2Fv2%2Fmedia&parent=11035"}],"wp:term":[{"taxonomy":"category","embeddable":true,"href":"https:\/\/ypjrojava.net\/index.php?rest_route=%2Fwp%2Fv2%2Fcategories&post=11035"},{"taxonomy":"post_tag","embeddable":true,"href":"https:\/\/ypjrojava.net\/index.php?rest_route=%2Fwp%2Fv2%2Ftags&post=11035"}],"curies":[{"name":"wp","href":"https:\/\/api.w.org\/{rel}","templated":true}]}}