{"id":11038,"date":"2021-12-04T17:21:10","date_gmt":"2021-12-04T17:21:10","guid":{"rendered":"https:\/\/ypjrojava.net\/?p=11038"},"modified":"2021-12-06T16:42:44","modified_gmt":"2021-12-06T16:42:44","slug":"mam-seid-di-komkirin-u-parastina-civaka-ezidi-de-xwedi-roleke-pir-mezin-bu","status":"publish","type":"post","link":"https:\/\/ypjrojava.net\/?p=11038","title":{"rendered":"Mam Se\u00eed Di Komkirin \u00db Parastina Civaka \u00cazid\u00ee De Xwed\u00ee Rolek\u00ea Pir Mezin Bu"},"content":{"rendered":"<p>Di d\u00eeroka mirovahiy\u00ea de her dem civaka me ya \u00caz\u00eed\u00ee ji bo h\u00eaz\u00ean hegomon \u00fb desthilatdar weke xeter\u00ee hatiye d\u00eetin. Dema em li d\u00eeroka \u00caz\u00eedxan\u00ea m\u00eaze dikin, her dem bi fermanan re r\u00fb bi r\u00fb mane. Ten\u00ea daxwaza civaka \u00caz\u00eed\u00ee xweseriya her\u00eama \u015eengal\u00ea bi destxistine. L\u00ea bel\u00ea ji ber h\u00eaz\u00ean desthilatdar \u00fb dagirker tu caran ev rew\u015f hezim nekirine. Ji bo w\u00ea j\u00ee her demek derbasb\u00fbye gel\u00ea me y\u00ea \u00caz\u00eed\u00ee ji aliy\u00ea h\u00eaz\u00ean desthilatdar, dagirker \u00fb xiyanetkar ve qirkirin \u00fb ferman jiyan kirine.<\/p>\n<p>H\u00eaz\u00ean desthilatdar bi salane dixwazin meha Tebax\u00ea her rojek w\u00ea li gel me y\u00ea \u00caz\u00eed\u00ee bixe roj\u00ean ferman, qirkirin \u00fb komk\u00fbjiy\u00ea. Dema em li pol\u00eet\u00eekay\u00ean h\u00eaz\u00ean dagirker y\u00ean li ser her\u00eama \u015eengal\u00ea di d\u00eeroka \u00caz\u00eediyatiy\u00ea de m\u00eaze dikin, di \u00ear\u00ee\u015f\u00ean xwe y\u00ean dijmirovahiy\u00ea de p\u00ea\u015feg\u00ean civaka me ya \u00caz\u00eed\u00ee kirin hedef\u00ean xwe y\u00ean nemerdane. \u00a0Her\u00ee daw\u00ee di kesayeta p\u00ea\u015feng \u00fb \u015fore\u015fger\u00ea civaka me ya \u00caz\u00eed\u00ee fermandar\u00ea YB\u015e Se\u00eed Hesen de xwestin careke din civaka me ya \u00caz\u00eedxan\u00ea qirkirin\u00ea re derbas bikin. Di \u00ear\u00ee\u015fa her\u00ee daw\u00ee de h\u00eaz\u00ean desthilatdar r\u00fby\u00ea xwe y\u00ea komploger, qirker, qir\u00eaj \u00fb kujer n\u00ee\u015fan\u00ee tevah\u00ee mirovahiy\u00ea kirin. Ev h\u00eaz\u00ean \u00ear\u00ee\u015fkar bi gotina ku qa\u015fo ev kes\u00ean t\u00eane hedef girtin PKK\u2019y\u00ee ne ve dixwazin ku xwe rewa bikin, l\u00ea bel\u00ea her kes dizane ku Fermandar Se\u00eed Hesen ango Mam Se\u00eed kesek\u00ea \u015eengal\u00ee ye, jiyana xwe hem\u00fb li \u015eengal\u00ea derbas kiriye, bi \u00e7anda p\u00eeroz \u00fb berxwed\u00ear a \u00cazdayet\u00ee ve mezin buye. D\u00eesa Fermandar Se\u00eed Hesen ew kese ku li di 3\u2019\u00ea Tebaxa sala 2014\u2019an de li hember hov\u00eetiya \u00e7etey\u00ean DAI\u015e\u2019\u00ea \u015fer kir, berxweda, civaka xwe parast, bi berpirsyart\u00ee, p\u00ea\u015feng\u00ee ji gel\u00ea xwe re kir. Mam Se\u00eed di komkirin \u00fb parastina civaka \u00cazid\u00ee de xwed\u00ee rolek\u00ea pir mezin e. H\u00eaz\u00ean desthilatdar cardin bi \u00ear\u00ee\u015fa xwe ya di kesayeta fermandar\u00ea YB\u015e\u2019\u00ea Se\u00eed Hesen de p\u00eakan\u00ee, civaka me ya \u00caz\u00eed\u00ee b\u00ea p\u00ea\u015feng bih\u00ealin \u00fb YB\u015e\u2019\u00ea b\u00ea fermandar bih\u00ealin.<\/p>\n<p>Fermana ku di 3\u2019\u00ea Tebaxa 2014\u2019an DA\u00ce\u015e da destp\u00eakirin serneket \u00eero bi van \u00ear\u00ee\u015fan bi dest\u00ea \u015eef\u00ea fa\u015f\u00eest Erdo\u011fan \u00fb hevakr\u00ean w\u00ee dixwazin bi hedef girtina p\u00ea\u015feng\u00ean \u015eengal\u00ea bi serbixin. B\u00eaguman ev \u00ear\u00ee\u015f berdewama ferman\u00ea ne. Dixwazin bi van \u00ear\u00ee\u015fan \u015eengaliyan ji axa wan a p\u00eeroz derx\u00eenin, gel\u00ea \u00cazid\u00ee bikin gelek\u00ea b\u00ea h\u00eaz, b\u00ea parastin. Y\u00ean ku di ferman\u00ea de xwed\u00ee li \u015eengal\u00ea derneketin \u00eero nikarin tu maf\u00ea xwe li ser \u015eengal\u00ea idda bikin. D\u00eesa em ji b\u00eer nekin ku ger NY \u00fb YE xweseriya \u015eengal\u00ea nas bikin w\u00ea \u00ear\u00ee\u015f\u00ean bi v\u00ee reng\u00ee nikaribin z\u00fb bi z\u00fb werin jiyan kirin di v\u00ea rew\u015f\u00ea de ev \u00ear\u00ee\u015f di war\u00ea hiq\u00fbq\u00ee de ji dibe s\u00fbc\u00ea mirovahiy\u00ea.<\/p>\n<p>Em weke YPJ \u00ear\u00ee\u015fa dewleta fa\u015f\u00eest \u00fb dagirker li ser her\u00eama \u015eengal\u00ea ku di kesayeta Se\u00eed Hesen de p\u00eakhat\u00ee \u015fermezar dikin \u00fb ji civaka me ya \u00caz\u00eed\u00ee re sersaxiy\u00ea dixwazin. Banga me ji tevah\u00ee gel\u00ea c\u00eehan\u00ea ew e ku herkes xwed\u00ee \u015eengal\u00ea derbikev, gel\u00ea \u00caz\u00eed\u00ee xwe bi xwe\u00a0 \u00fb bi taybet j\u00ee ciwan\u00ean \u00caz\u00eed\u00ee bi awayek xurttir xwed\u00ee li \u015eengal\u00ea\u00a0\u00a0 derbikevin. Em di w\u00ea baweriy\u00ea de ne ku civaka me ya \u00caz\u00eed\u00eexan\u00ea w\u00ea bi yekitiyek h\u00een xurttir li ked \u00fb fedekariya ku ji Mam Zek\u00ee heya Mam Se\u00eed Hesen ango, fermandar\u00ea YB\u015e\u2019\u00ea Se\u00eed Hesenan hatiye ava kirin, xwed\u00ee derkevin \u00fb ev v\u00eena berxwed\u00ear w\u00ea \u015eengala xweser misoger bike.<\/p>\n<p><strong>Fermandariya Gi\u015ft\u00ee ya YPJ\u2019\u00ea<\/strong><\/p>\n<p><strong>17.8.2021<\/strong><\/p>\n","protected":false},"excerpt":{"rendered":"<p>Di d\u00eeroka mirovahiy\u00ea de her dem civaka me ya \u00caz\u00eed\u00ee ji bo h\u00eaz\u00ean hegomon \u00fb desthilatdar weke xeter\u00ee hatiye d\u00eetin. Dema em li d\u00eeroka \u00caz\u00eedxan\u00ea m\u00eaze dikin, her dem bi fermanan re r\u00fb bi r\u00fb mane. Ten\u00ea daxwaza civaka \u00caz\u00eed\u00ee xweseriya her\u00eama \u015eengal\u00ea bi destxistine. L\u00ea bel\u00ea ji ber h\u00eaz\u00ean desthilatdar \u00fb dagirker tu caran [&hellip;]<\/p>\n","protected":false},"author":1,"featured_media":11039,"comment_status":"closed","ping_status":"closed","sticky":false,"template":"","format":"standard","meta":{"footnotes":""},"categories":[39],"tags":[],"class_list":{"0":"post-11038","1":"post","2":"type-post","3":"status-publish","4":"format-standard","5":"has-post-thumbnail","7":"category-daxuyani"},"_links":{"self":[{"href":"https:\/\/ypjrojava.net\/index.php?rest_route=\/wp\/v2\/posts\/11038","targetHints":{"allow":["GET"]}}],"collection":[{"href":"https:\/\/ypjrojava.net\/index.php?rest_route=\/wp\/v2\/posts"}],"about":[{"href":"https:\/\/ypjrojava.net\/index.php?rest_route=\/wp\/v2\/types\/post"}],"author":[{"embeddable":true,"href":"https:\/\/ypjrojava.net\/index.php?rest_route=\/wp\/v2\/users\/1"}],"replies":[{"embeddable":true,"href":"https:\/\/ypjrojava.net\/index.php?rest_route=%2Fwp%2Fv2%2Fcomments&post=11038"}],"version-history":[{"count":2,"href":"https:\/\/ypjrojava.net\/index.php?rest_route=\/wp\/v2\/posts\/11038\/revisions"}],"predecessor-version":[{"id":11048,"href":"https:\/\/ypjrojava.net\/index.php?rest_route=\/wp\/v2\/posts\/11038\/revisions\/11048"}],"wp:featuredmedia":[{"embeddable":true,"href":"https:\/\/ypjrojava.net\/index.php?rest_route=\/wp\/v2\/media\/11039"}],"wp:attachment":[{"href":"https:\/\/ypjrojava.net\/index.php?rest_route=%2Fwp%2Fv2%2Fmedia&parent=11038"}],"wp:term":[{"taxonomy":"category","embeddable":true,"href":"https:\/\/ypjrojava.net\/index.php?rest_route=%2Fwp%2Fv2%2Fcategories&post=11038"},{"taxonomy":"post_tag","embeddable":true,"href":"https:\/\/ypjrojava.net\/index.php?rest_route=%2Fwp%2Fv2%2Ftags&post=11038"}],"curies":[{"name":"wp","href":"https:\/\/api.w.org\/{rel}","templated":true}]}}