{"id":11054,"date":"2021-12-06T20:48:17","date_gmt":"2021-12-06T20:48:17","guid":{"rendered":"https:\/\/ypjrojava.net\/?p=11054"},"modified":"2022-06-19T15:18:53","modified_gmt":"2022-06-19T15:18:53","slug":"em-e-bi-ruhe-19e-tirmehe-li-ber-xwe-bidin-u-tekosina-xwe-xurt-bikin","status":"publish","type":"post","link":"https:\/\/ypjrojava.net\/?p=11054","title":{"rendered":"Em \u00ea Bi Ruh\u00ea 19`\u00ea T\u00eermeh\u00ea Li Ber Xwe Bidin \u00fb T\u00eako\u015f\u00eena Xwe Xurt Bikin"},"content":{"rendered":"<p>Em salvegera 9\u2019an a \u015eore\u015fa Rojava di ser\u00ee de li r\u00eaber\u00ea konfederal\u00eezma demokrat\u00eek li R\u00eaber Apo, \u015feh\u00eed\u00ean \u015fore\u015f\u00ea hem\u00fbyan, berxwed\u00ear\u00ean li zindanan, malbat\u00ean \u015feh\u00eedan, gel\u00ean Rojava \u00fb Bakur-Rojhilat\u00ea S\u00fbriyey\u00ea \u00fb li tevahiya gel\u00ean c\u00eehan\u00ea p\u00eeroz dikin. Ar\u00een M\u00eerkan, Z\u00een Koban\u00ea, Avesta Xab\u00fbr, Anna Campbell, Hevr\u00een Xelef, Yad\u00ea Eq\u00eede, Zehra Berkel, Karker Efr\u00een \u00fb Gelhatan bi r\u00eaz, hezkirin \u00fb minet bi b\u00eer t\u00eenin \u00fb soza xwe dubare dikin ku \u015fore\u015f\u00ea mezintir bikin, bigih\u00eenin qadan \u00fb dib\u00eajin, \u2018Dem dema tolhildan\u00ea ye. Dem dema xwed\u00eederketina li \u015fore\u015f\u00ea ye. Dem ew dem e ku li dora r\u00eaber\u00ea konfederal\u00eezma demokrat\u00eek bibin xeleka ji agir \u00fb tecr\u00eed\u00ea bi\u015fik\u00eene\u2019.<\/p>\n<p>Sala 2011\u2019an li dij\u00ee s\u00eestema netewe dewletan li gelek welat\u00ean Ereb ser\u00ee hate hildan. T\u00fbnis, Misr, L\u00eebya \u00fb Yemen\u00ea p\u00ea\u015feng\u00ee ji v\u00ea serhildan\u00ea re kirin. Di demeke wiha de ku gelan dest bi me\u015fa diyarkirina \u00e7aren\u00fbsa xwe kirin, b\u00eaguman gel\u00eaw Kurd j\u00ee ku ji d\u00eeroka heb\u00fbna xwe \u00fb vir ve ji bo azadiy\u00ea t\u00eadiko\u015fe, di v\u00ea p\u00earvajoya serhildan\u00ea ya Rojhilata Nav\u00een de r\u00eaxistiniya xwe xurt kirin \u00fb 19\u2019\u00ea T\u00eermeha 2012\u2019an di ser\u00ee de li Koban\u00ea li Rojava h\u00eem\u00ean s\u00eestemeke demokrat\u00eek dan\u00een. \u015eore\u015fa Rojava \u015f\u00eanberiya keda 20 salan a R\u00eaber Apo y a li xaka Rojava ye. Ev \u015fore\u015fa ku p\u00eak hat, bi p\u00ea\u015fengiya jin\u00ean Kurd \u00fb gel\u00ea Kurd hest\u00ean gelan hem\u00fbyan \u00ean li her\u00eam\u00ea hi\u015fyar kir, b\u00fb sembol \u00fb yek\u00eetiya gelan a Kurd, Ereb, Suryan, As\u00fbr\u00ee, Ermen\u00ee \u00fb Tirkmen, b\u00fb h\u00eaviya jiyana azad ji c\u00eehan\u00ea re. Gel bi \u00eeradeya xwe, bi parad\u00eegmaya azad\u00eepar\u00eaziya jin\u00ea, demokrat\u00eek \u00fb ekoloj\u00eek derbas\u00ee s\u00eestema konfederal\u00eest demokrat\u00eek b\u00fb \u00fb r\u00eaveberiya xwe afirand. Jin\u00ean Kurd \u00ean ku p\u00ea\u015feng\u00ee ji \u015fore\u015f\u00ea re kirin, bandor li jin \u00fb ciwan\u00ean her\u00eam\u00ea kirin, pi\u015ftre bi t\u00eako\u015f\u00een \u00fb til\u00eeliy\u00ean xwe y\u00ean azadiy\u00ea bandor li jin \u00fb ciwan\u00ean c\u00eehan\u00ea kir \u00fb kirin ku ji her devera c\u00eehan\u00ea jin tevl\u00ee v\u00ea govenda azadiy\u00ea bibin. \u015eore\u015fa Rojava \u015fore\u015feke ku ji bo avakirina civaka azad p\u00eak hatiye. Rewatiya R\u00eaveberiya Xweser ku h\u00eaviya jiyana demokrat\u00eek a gelan e, ji bo gel\u00ean ku \u00eero li l\u00eager\u00eena jiyana demokrat\u00eek e, b\u00fbye modeleke jiyan\u00ea ya n\u00fb. Ji ber v\u00ea yek\u00ea naskirina statuya R\u00eaveberiya Xweser naskirina \u00eeradeya gelan e. Xwed\u00eederketina li v\u00ea model\u00ea ku xala diyarker a serdem\u00ea ye, wez\u00eefeya bingeh\u00een a tevger\u00ean gel \u00ean azad\u00eexwaz \u00fb demokrat\u00eek hem\u00fbyan e.<\/p>\n<p>Ji dema ku h\u00eem\u00ean \u015fore\u015f\u00ea hatin dan\u00een \u00fb p\u00ea ve, dewleta \u00e7ete \u00fb mafya ya Tirk xwe li v\u00ea \u015fore\u015f\u00ea ranegirt, \u00e7etey\u00ean DA\u00ce\u015e\u2019\u00ea ji her al\u00ee ve f\u00eenanse kir, her\u00ee daw\u00ee di bin nav\u00ea pirsgir\u00eaka \u2018man \u00fb neman\u00ea\u2019 de bi \u00eed\u00eeaya parastina s\u00eenor\u00ean xwe, ji bo xeyal\u00ean xwe y\u00ean Osmaniya N\u00fb p\u00eak b\u00eene, \u00eari\u015f\u00ean dagirkeriy\u00ea bir ser xaka rizgarkir\u00ee. Efr\u00een, Ser\u00eakaniy\u00ea \u00fb Gir\u00ea Sp\u00ee di encama van \u00eari\u015fan de hatin dagirkirin.<\/p>\n<p>Di encama \u00eari\u015f\u00ean dewleta \u00e7ete \u00fb mafya ya Tirk de bi hezaran mirov\u00ean me bi xw\u00eenxwar\u00ee hatin qetilkirin. \u00cero j\u00ee li Efr\u00een\u00ea destdir\u00eaj\u00ee li jinan t\u00ea kirin, siv\u00eel t\u00eane revandin, extiyar \u00fb zarok t\u00ean ku\u015ftin, li bajar\u00ean ji aliy\u00ea dewleta \u00e7ete \u00fb mafya ya Tirk ve hatine dagirkirin bi her away\u00ee s\u00fbc\u00ean li dij\u00ee mirovahiy\u00ea t\u00eane kirin.<\/p>\n<p>Ji bo guhertina demografiya bajar\u00ea Efr\u00een\u00ea pol\u00eet\u00eekay\u00ean qirkirin\u00ea t\u00eane me\u015fandin. Bi heman reng\u00ee li bajar\u00ea Ser\u00eakaniy\u00ea li qa\u015fo dibistanan perwerdeya \u00e7ek\u00ea didin zarokan. Tev\u00ee ku ev yek di \u00e7apemeniy\u00ea de hate we\u015fandin j\u00ee c\u00eehan li p\u00ea\u015fber\u00ee v\u00ea yek\u00ea xwe li kerr, lal \u00fb korb\u00fbn\u00ea dat\u00eene \u00fb van s\u00fbc\u00ean li dij\u00ee mirovahiy\u00ea ji ned\u00eet\u00ee ve t\u00ea. Ji ber ku Netewey\u00ean Yekb\u00fby\u00ee \u00fb Yek\u00eetiya Ewropa statuya Rojava nas nakin, \u00eari\u015f\u00ean dewleta \u00e7ete \u00fb mafya ya dewleta Tirk rewa dikin.<\/p>\n<p>Bi nav\u00ea Yek\u00eeney\u00ean Parastina Jin\u00ea (YPJ) em soza xwe dubare dikin, em \u00ea \u015eore\u015fa 19\u2019\u00ea T\u00eermeh\u00ea heta dawiy\u00ea bipar\u00eazin \u00fb mezin bikin ku li dij\u00ee h\u00eaz\u00ean hegemon h\u00eaviya jiyan\u00ea ya gelan e. Li dij\u00ee \u00eari\u015f\u00ean t\u00ean kirin \u00fb y\u00ean b\u00ean kirin, em \u00ea gel\u00ea xwe bipar\u00eazin, erk \u00fb berpirsyariy\u00ean v\u00ea m\u00eerateya d\u00eerok\u00ee \u00fb berxwedana destan\u00ee bi cih b\u00eenin. Em soza xwe ya di v\u00ea der bar\u00ea de dubare dikin.<\/p>\n<p>Em li ser nav\u00ea YPJ\u2019\u00ea destn\u00ee\u015fan dikin ku li gel gel\u00ea Kurd \u00fb hem\u00fb gel\u00ean bindest in. Di salvegera 9\u2019em\u00een a \u015fore\u015f\u00ea de bi biryardariya bicihan\u00eena erk \u00fb wez\u00eefey\u00ean xwe em soz didin ku armanca xwe ya azadkirina Efr\u00een, Ser\u00eakaniy\u00ea \u00fb Gir\u00ea Sp\u00ee bi cih b\u00eenin, xewn \u00fb xeyal\u00ean n\u00eevcomay\u00ee y\u00ean gel\u00ea xwe p\u00eak b\u00eenin \u00fb bersiv\u00ea bidin h\u00eav\u00ee \u00fb bendewariy\u00ean gel\u00ea xwe.\u201d<\/p>\n<p><strong>Fermendariya Gil\u015ft\u00ee ya YPJ&#8217; \u00ea<\/strong><\/p>\n<p><strong>19.07.2021<\/strong><\/p>\n","protected":false},"excerpt":{"rendered":"<p>Em salvegera 9\u2019an a \u015eore\u015fa Rojava di ser\u00ee de li r\u00eaber\u00ea konfederal\u00eezma demokrat\u00eek li R\u00eaber Apo, \u015feh\u00eed\u00ean \u015fore\u015f\u00ea hem\u00fbyan, berxwed\u00ear\u00ean li zindanan, malbat\u00ean \u015feh\u00eedan, gel\u00ean Rojava \u00fb Bakur-Rojhilat\u00ea S\u00fbriyey\u00ea \u00fb li tevahiya gel\u00ean c\u00eehan\u00ea p\u00eeroz dikin. Ar\u00een M\u00eerkan, Z\u00een Koban\u00ea, Avesta Xab\u00fbr, Anna Campbell, Hevr\u00een Xelef, Yad\u00ea Eq\u00eede, Zehra Berkel, Karker Efr\u00een \u00fb Gelhatan bi [&hellip;]<\/p>\n","protected":false},"author":1,"featured_media":13727,"comment_status":"closed","ping_status":"closed","sticky":false,"template":"","format":"standard","meta":{"footnotes":""},"categories":[39],"tags":[],"class_list":{"0":"post-11054","1":"post","2":"type-post","3":"status-publish","4":"format-standard","5":"has-post-thumbnail","7":"category-daxuyani"},"_links":{"self":[{"href":"https:\/\/ypjrojava.net\/index.php?rest_route=\/wp\/v2\/posts\/11054","targetHints":{"allow":["GET"]}}],"collection":[{"href":"https:\/\/ypjrojava.net\/index.php?rest_route=\/wp\/v2\/posts"}],"about":[{"href":"https:\/\/ypjrojava.net\/index.php?rest_route=\/wp\/v2\/types\/post"}],"author":[{"embeddable":true,"href":"https:\/\/ypjrojava.net\/index.php?rest_route=\/wp\/v2\/users\/1"}],"replies":[{"embeddable":true,"href":"https:\/\/ypjrojava.net\/index.php?rest_route=%2Fwp%2Fv2%2Fcomments&post=11054"}],"version-history":[{"count":1,"href":"https:\/\/ypjrojava.net\/index.php?rest_route=\/wp\/v2\/posts\/11054\/revisions"}],"predecessor-version":[{"id":11055,"href":"https:\/\/ypjrojava.net\/index.php?rest_route=\/wp\/v2\/posts\/11054\/revisions\/11055"}],"wp:featuredmedia":[{"embeddable":true,"href":"https:\/\/ypjrojava.net\/index.php?rest_route=\/wp\/v2\/media\/13727"}],"wp:attachment":[{"href":"https:\/\/ypjrojava.net\/index.php?rest_route=%2Fwp%2Fv2%2Fmedia&parent=11054"}],"wp:term":[{"taxonomy":"category","embeddable":true,"href":"https:\/\/ypjrojava.net\/index.php?rest_route=%2Fwp%2Fv2%2Fcategories&post=11054"},{"taxonomy":"post_tag","embeddable":true,"href":"https:\/\/ypjrojava.net\/index.php?rest_route=%2Fwp%2Fv2%2Ftags&post=11054"}],"curies":[{"name":"wp","href":"https:\/\/api.w.org\/{rel}","templated":true}]}}