{"id":11060,"date":"2021-12-09T06:16:32","date_gmt":"2021-12-09T06:16:32","guid":{"rendered":"https:\/\/ypjrojava.net\/?p=11060"},"modified":"2021-12-09T06:16:32","modified_gmt":"2021-12-09T06:16:32","slug":"ji-gele-me-u-raya-gisti-re-6","status":"publish","type":"post","link":"https:\/\/ypjrojava.net\/?p=11060","title":{"rendered":"Ji Gel\u00ea me \u00fb Raya Gi\u015ft\u00ee Re"},"content":{"rendered":"<p><strong>Ji Gel\u00ea me \u00fb Raya Gi\u015ft\u00ee Re<\/strong><\/p>\n<p>\u015eengala ku pi\u015ft\u00ee fermana 2014\u2019an, bi h\u00eaza ke\u00e7 \u00fb xort\u00ean xwe, xweseriya xwe ava kir \u00fb ruxm\u00ea hem\u00fb gef \u00fb \u00ear\u00ee\u015fan d\u00eesa bi h\u00eaza \u015fervan\u00ean xwe ve ax, welat, heb\u00fbn \u00fb \u00e7anda xwe parast \u00fb wisa heb\u00fbna xwe diyar kir, tu caran ji aliye h\u00eaz\u00ean \u00e7avnebar re nehate hezim kirin \u00fb herdem weke berdewama ferman\u00ea p\u00ea\u015feng\u00ean civaka \u00caz\u00eedxan\u00ea hatin hedef girtin. Fermandar\u00ean weke Mam Zek\u00ee, Mam Seid, Zerde\u015ft \u015eengal\u00ee \u00fb\u00a0ji bo gele \u00caz\u00eedxan\u00ea b\u00fbne p\u00ea\u015feng, b\u00fbne h\u00eaz, b\u00fbne v\u00eena xwe parastin\u00ea, bi heb\u00fbn, kar \u00fb xebat\u00ean xwe j\u00ee h\u00eaz \u00fb morala xwed\u00ee derketina \u015eengal\u00ea di gel\u00ea \u00caz\u00eedxan\u00ea de ava kirin.<\/p>\n<p>Dewleta Tirk a dagirker di fermana li ser \u015eengal\u00ea de hevkar\u00ee \u00fb finansekirina \u00e7eteyan de xwed\u00ee rolek\u00ea diyarker b\u00fb. Pi\u015ft\u00ee rizgarkirina \u015eengal\u00ea a ji \u00e7etey\u00ean DA\u0130\u015e\u2019\u00ea her tim gef \u00fb \u00ear\u00ee\u015f\u00ean Dewleta Tirk \u00fb PDK\u2019\u00ea li ser axa p\u00eeroz berdewam kir. Her\u00ee daw\u00ee Hevserok\u00ea Konseya R\u00eaveber a R\u00eaveberiya Xweser a \u015eengal\u00ea Merwan Bedel bi hevkariya istixbarata M\u0130T \u00fb Parastin \u00fb di encama b\u00eadengiya hik\u00fbmeta \u0130raq\u00ea\u00a0 ve p\u00ea\u015feng\u00ea mezin Merwan Bedel hate hedef girtin \u00fb bi awayek\u00ea namerdane hate \u015feh\u00eed xistin. PDK ji bo berjewendiy\u00ean xwe y\u00ean malbat\u00ee bi salan e axa Ba\u015f\u00fbr\u00ea Kurdistan\u00ea a ku bi xw\u00eena sedhezaran \u015feh\u00eed hatiye rizgarkirin bi awayek\u00ea qir\u00eaj ji dewleta Tirk a dagirker re p\u00ea\u015fk\u00ea\u015f dike. Ji ber v\u00ea sedem\u00ea di asta yekem\u00een de berpirsyar\u00ea v\u00ea \u00ear\u00ee\u015fa qir\u00eaj PDK ye.<\/p>\n<p>Weke h\u00eaz\u00ean YPJ\u2019\u00ea em van \u00ear\u00ee\u015f\u00ean ku weke berdewama ferman\u00ea didomin, fermandar \u00fb p\u00ea\u015feng\u00ean civaka gel\u00ea \u00caz\u00eed\u00ee hedef digrin \u00fb h\u00eaz\u00ean di van \u00ear\u00ee\u015fan de hevkariy\u00ea dikin \u00fb xwe li hember van kiryar\u00ean Dewleta Tirk a dagirker b\u00eadeng dih\u00ealin \u015fermezar dikin \u00fb em ji malbata Merwan Bedel, civaka me ya \u00caz\u00eed\u00ee \u00fb hem\u00fb gel\u00ea me y\u00ea welatpar\u00eaz re sersaxiy\u00ea dixwazin. Weke YPJ em \u00ea\u015fa gel\u00ea xwe parve dikin \u00fb banga me li hem\u00fb jin\u00ean c\u00eehan\u00ea, derdor\u00ean demokras\u00eexwaz ew e ku herkes bi awayek\u00ea berpirsyar\u00ee\u00a0 xwed\u00ee li \u015eengal\u00ea derbikeve. Em di w\u00ea baweriy\u00ea de ne ku ser\u00ee de jin, ciwan \u00fb hem\u00fb gel\u00ea \u00caz\u00eed\u00ee bi awayek\u00ea xurttir bi h\u00eaz \u00fb v\u00eena cewher\u00ee li \u00e7anda berxwedan \u00fb parastina \u015eengal\u00ea a ji Mam Zek\u00ee, Zerde\u015ft \u015eengal\u00ee, Mam Se\u00eed heya Merwan Bedelan t\u00ea xwed\u00ee derbikevin, hevgirtina xwe xurt bikin, ax \u00fb \u00e7anda \u00caz\u00eedxana p\u00eeroz bipar\u00eazin.<\/p>\n<p><strong>Fermandariya Gi\u015ft\u00ee a YPJ\u2019\u00ea<\/strong><\/p>\n<p><strong>08.12.2021<\/strong><\/p>\n","protected":false},"excerpt":{"rendered":"<p>Ji Gel\u00ea me \u00fb Raya Gi\u015ft\u00ee Re \u015eengala ku pi\u015ft\u00ee fermana 2014\u2019an, bi h\u00eaza ke\u00e7 \u00fb xort\u00ean xwe, xweseriya xwe ava kir \u00fb ruxm\u00ea hem\u00fb gef \u00fb \u00ear\u00ee\u015fan d\u00eesa bi h\u00eaza \u015fervan\u00ean xwe ve ax, welat, heb\u00fbn \u00fb \u00e7anda xwe parast \u00fb wisa heb\u00fbna xwe diyar kir, tu caran ji aliye h\u00eaz\u00ean \u00e7avnebar re nehate [&hellip;]<\/p>\n","protected":false},"author":1,"featured_media":11008,"comment_status":"closed","ping_status":"closed","sticky":false,"template":"","format":"standard","meta":{"footnotes":""},"categories":[39],"tags":[],"class_list":{"0":"post-11060","1":"post","2":"type-post","3":"status-publish","4":"format-standard","5":"has-post-thumbnail","7":"category-daxuyani"},"_links":{"self":[{"href":"https:\/\/ypjrojava.net\/index.php?rest_route=\/wp\/v2\/posts\/11060","targetHints":{"allow":["GET"]}}],"collection":[{"href":"https:\/\/ypjrojava.net\/index.php?rest_route=\/wp\/v2\/posts"}],"about":[{"href":"https:\/\/ypjrojava.net\/index.php?rest_route=\/wp\/v2\/types\/post"}],"author":[{"embeddable":true,"href":"https:\/\/ypjrojava.net\/index.php?rest_route=\/wp\/v2\/users\/1"}],"replies":[{"embeddable":true,"href":"https:\/\/ypjrojava.net\/index.php?rest_route=%2Fwp%2Fv2%2Fcomments&post=11060"}],"version-history":[{"count":1,"href":"https:\/\/ypjrojava.net\/index.php?rest_route=\/wp\/v2\/posts\/11060\/revisions"}],"predecessor-version":[{"id":11061,"href":"https:\/\/ypjrojava.net\/index.php?rest_route=\/wp\/v2\/posts\/11060\/revisions\/11061"}],"wp:featuredmedia":[{"embeddable":true,"href":"https:\/\/ypjrojava.net\/index.php?rest_route=\/wp\/v2\/media\/11008"}],"wp:attachment":[{"href":"https:\/\/ypjrojava.net\/index.php?rest_route=%2Fwp%2Fv2%2Fmedia&parent=11060"}],"wp:term":[{"taxonomy":"category","embeddable":true,"href":"https:\/\/ypjrojava.net\/index.php?rest_route=%2Fwp%2Fv2%2Fcategories&post=11060"},{"taxonomy":"post_tag","embeddable":true,"href":"https:\/\/ypjrojava.net\/index.php?rest_route=%2Fwp%2Fv2%2Ftags&post=11060"}],"curies":[{"name":"wp","href":"https:\/\/api.w.org\/{rel}","templated":true}]}}