{"id":11098,"date":"2021-12-14T18:01:00","date_gmt":"2021-12-14T18:01:00","guid":{"rendered":"https:\/\/ypjrojava.net\/?p=11098"},"modified":"2021-12-14T18:01:00","modified_gmt":"2021-12-14T18:01:00","slug":"akademiya-sehid-berivan-dewreya-sehid-zeynep-serekaniye-bi-dawi-bu","status":"publish","type":"post","link":"https:\/\/ypjrojava.net\/?p=11098","title":{"rendered":"Akademiya \u015eeh\u00eed B\u00ear\u00eevan Dewreya \u015eeh\u00eed Zeynep Ser\u00eakaniy\u00ea Bi Daw\u00ee Bu"},"content":{"rendered":"<p style=\"text-align: left;\">Dewreya \u015eeh\u00eed Zeynep Ser\u00eakaniy\u00ea a ku beriya 45 rojan destp\u00ea perwerd\u00ea kiri b\u00fb, bi meras\u00eemeke le\u015fker\u00ee \u00fb bi soz day\u00eena \u015fervanan re bi daw\u00ee bu.<\/p>\n<p style=\"text-align: left;\">Fermandara YPJ&#8217;\u00ea Ev\u00eendar Efr\u00een be\u015fdar\u00ee meras\u00eema le\u015fker\u00ee b\u00fb, bi daw\u00ee buy\u00eena dewreya perwerd\u00ea p\u00eeroz kir \u00fb wiha got: \u201cWe 45 rojan perwerde d\u00eet ev perwerde hem di aliy\u00ea siyas\u00ee, hem j\u00ee di aliy\u00ea \u00eedeoloj\u00eek \u00fb le\u015fker\u00ee da bu. Perwerdeya \u00a0ku t\u00ean d\u00eetin de naskirina pol\u00eet\u00eekay\u00ean dagirkeran de asteke w\u00ea ya birdoz\u00ee \u00e7\u00eab\u00fb. \u00cero herkes dib\u00eene, \u00ear\u00ee\u015feke topyek\u00fbn li ser Rojavay\u00ea Kurdistan\u00ea \u00fb\u00a0 li ser tevahiya gel\u00ea Kurd heye. Ji bo w\u00ea j\u00ee em wek\u00ee jin\u00ean Kurd,Ereb bi nav\u00ea\u00a0 YPJ&#8217;\u00ea li hember\u00ee van \u00ear\u00ee\u015fan disekinin, p\u00eaw\u00eeste em b\u00ea rawest\u00een b\u00eawestandin teko\u015f\u00eena xwe bilind bikin.\u201d<\/p>\n<p style=\"text-align: left;\"><strong>\u2018BILA TU JINEK B\u00ca R\u00caXISTIN NEM\u00ceNE\u2019<\/strong><\/p>\n<p style=\"text-align: left;\">Em wek\u00ee yek\u00eeney\u00ean parastina jin YPJ&#8217;\u00ea amadene ku hemu jinan bipar\u00eazin,bi taybet \u00ear\u00ee\u015f\u00ean ku li ser Rojavay\u00ea Kurdistan\u00ea t\u00ean me\u015fandin li gor\u00ee w\u00ea xwe perwerde kirin, bi amadekariyeke berfireh\u00a0 li hember\u00ee w\u00ea sekinandin erka me ye. \u00a0Em bang li hemu jinan dikin; her jineke ku dil\u00ea w\u00ea ji bo azadiy\u00ea l\u00eadide bila were tevl\u00ee nava ref\u00ean YPJ&#8217;\u00ea bibe. Ji ber ya ku azadiy\u00ea misoger bike h\u00eaza Jine ye yan\u00ee YPJ ye. P\u00eaw\u00eeste tu jinek li hember\u00ee h\u00eaz\u00ean desthildar y\u00ean ku bi tu away\u00ee maf\u00ea mirovan \u00fb jinan nas nakin b\u00ea r\u00eaxistin nemine.<\/p>\n<p style=\"text-align: left;\">Em d\u00eesa bang dikin ku her jinek\u00ee ku dixwaze jiyaneke azad jiyan bike bila ber\u00ea xwe bide nava ref\u00ean YPJ&#8217;\u00ea \u00fb xwe bi r\u00eaxistin bike. Li k\u00fbder\u00ea dibe bila bibe p\u00eaw\u00eeste her jinek bibe p\u00ea\u015fenga t\u00eak birina fa\u015f\u00eezim\u00ea.<\/p>\n<p style=\"text-align: left;\">Pi\u015ft\u00ee Fermandara YPJ&#8217;\u00ea Ev\u00eendar Efr\u00een axaftina xwe bi daw\u00ee kir, merasim bi dir\u00fb\u015fmey\u00ean \u2018Jin Jiyan Azad\u00ee\u2019\u00a0 bi daw\u00ee b\u00fb.<\/p>\n","protected":false},"excerpt":{"rendered":"<p>Dewreya \u015eeh\u00eed Zeynep Ser\u00eakaniy\u00ea a ku beriya 45 rojan destp\u00ea perwerd\u00ea kiri b\u00fb, bi meras\u00eemeke le\u015fker\u00ee \u00fb bi soz day\u00eena \u015fervanan re bi daw\u00ee bu. Fermandara YPJ&#8217;\u00ea Ev\u00eendar Efr\u00een be\u015fdar\u00ee meras\u00eema le\u015fker\u00ee b\u00fb, bi daw\u00ee buy\u00eena dewreya perwerd\u00ea p\u00eeroz kir \u00fb wiha got: \u201cWe 45 rojan perwerde d\u00eet ev perwerde hem di aliy\u00ea siyas\u00ee, hem [&hellip;]<\/p>\n","protected":false},"author":1,"featured_media":11099,"comment_status":"closed","ping_status":"closed","sticky":false,"template":"","format":"standard","meta":{"footnotes":""},"categories":[38],"tags":[],"class_list":{"0":"post-11098","1":"post","2":"type-post","3":"status-publish","4":"format-standard","5":"has-post-thumbnail","7":"category-nuce"},"_links":{"self":[{"href":"https:\/\/ypjrojava.net\/index.php?rest_route=\/wp\/v2\/posts\/11098","targetHints":{"allow":["GET"]}}],"collection":[{"href":"https:\/\/ypjrojava.net\/index.php?rest_route=\/wp\/v2\/posts"}],"about":[{"href":"https:\/\/ypjrojava.net\/index.php?rest_route=\/wp\/v2\/types\/post"}],"author":[{"embeddable":true,"href":"https:\/\/ypjrojava.net\/index.php?rest_route=\/wp\/v2\/users\/1"}],"replies":[{"embeddable":true,"href":"https:\/\/ypjrojava.net\/index.php?rest_route=%2Fwp%2Fv2%2Fcomments&post=11098"}],"version-history":[{"count":2,"href":"https:\/\/ypjrojava.net\/index.php?rest_route=\/wp\/v2\/posts\/11098\/revisions"}],"predecessor-version":[{"id":11101,"href":"https:\/\/ypjrojava.net\/index.php?rest_route=\/wp\/v2\/posts\/11098\/revisions\/11101"}],"wp:featuredmedia":[{"embeddable":true,"href":"https:\/\/ypjrojava.net\/index.php?rest_route=\/wp\/v2\/media\/11099"}],"wp:attachment":[{"href":"https:\/\/ypjrojava.net\/index.php?rest_route=%2Fwp%2Fv2%2Fmedia&parent=11098"}],"wp:term":[{"taxonomy":"category","embeddable":true,"href":"https:\/\/ypjrojava.net\/index.php?rest_route=%2Fwp%2Fv2%2Fcategories&post=11098"},{"taxonomy":"post_tag","embeddable":true,"href":"https:\/\/ypjrojava.net\/index.php?rest_route=%2Fwp%2Fv2%2Ftags&post=11098"}],"curies":[{"name":"wp","href":"https:\/\/api.w.org\/{rel}","templated":true}]}}