{"id":11121,"date":"2021-12-31T11:23:18","date_gmt":"2021-12-31T11:23:18","guid":{"rendered":"https:\/\/ypjrojava.net\/?p=11121"},"modified":"2022-06-28T06:56:15","modified_gmt":"2022-06-28T06:56:15","slug":"bi-heza-jinen-berxweder-we-sala-2022an-bibe-sala-azadiya-gelan","status":"publish","type":"post","link":"https:\/\/ypjrojava.net\/?p=11121","title":{"rendered":"BI H\u00caZA JIN\u00caN BERXWED\u00caR W\u00ca SALA 2022\u2019AN BIBE SALA AZADIYA GELAN"},"content":{"rendered":"<p>Sala 2021\u2019 an li Bak\u00fbr \u00fb Rojhilat\u00ea S\u00fbr\u00ee hewldan\u00ean dagirker\u00ee \u00fb her cure er\u00ee\u015f\u00ean dijmin\u00ea dagirker bi awayek\u00ee b\u00ea navber devam kirin. Di van er\u00ee\u015fan da gelek welatpar\u00eaz\u00ean me y\u00ea heja jiyana xwe ji dest dan. D\u00eesa Fermandara meya heja Sosin B\u00eerhat \u00fb her wek\u00ee din r\u00eaheval\u00ean me y\u00ean heja \u015feh\u00eed ketin. L\u00ea bel\u00ea bi saya \u015feh\u00eed\u00ea me y\u00ean heja, bi b\u00eer \u00fb baweriya gel\u00ea me y\u00ea berxwed\u00ear, \u00eerade \u00fb ruh\u00ea feday\u00ee y\u00ea \u015fervan\u00ean azad\u00eey\u00ea plan\u00ean qir\u00eaj y\u00ea dijmin nikarib\u00fbn bi serbikevin. Li beramber\u00ee v\u00ea rast\u00eey\u00ea em di ser\u00ee de \u015feh\u00eed\u00ean xwe bi r\u00eazdar\u00ee bi b\u00eert\u00eenin \u00fb soza \u015fopandina r\u00eaya wan n\u00fb dikin. D\u00eesa ked \u00fb fedakariya gel\u00ea xwe ya ku bi p\u00ea\u015fengtiya jinan de hat me\u015fandin bi m\u00eenetdar\u00ee slav dikin.<\/p>\n<p>Her wiha sala di 2021\u2019 an li ser jinan bi taybet li Rojhilata Navin \u00fb hem\u00fb c\u00eehan\u00ea zext, l\u00eadan, ku\u015ftin, dest dir\u00eaj\u00ee \u00fb her wek\u00ee din her cure er\u00ee\u015f hatin p\u00eakan\u00een. Li beramber\u00ee v\u00ea rastiy\u00ea pergala zilamsar bi b\u00eadeng\u00ee \u00fb er\u00eakirina kiryar\u00ean bi v\u00ee reng\u00ee tund\u00eeya li ser jinan z\u00eadetir kir \u00fb jiyan ji bo jinan vegerand dojeh\u00ea. Li beramber\u00ee van er\u00ee\u015fan li her qad\u00ean c\u00eehan\u00ea jin li ser linga b\u00fbn \u00fb berxwedaneke b\u00ea hempa dan me\u015fandin. Bi taybet jin\u00ean Bakur-Rojhilat\u00ea S\u00fbr\u00ee bi yek girtina jin\u00ean K\u00fbrd, Ereb, As\u00fbr\u00ee \u00fb Ermen li beramber\u00ee er\u00ee\u015f\u00ean dagirkeriy\u00ea \u00fb hi\u015fmendiya baviksalar\u00ee bi awayek\u00ee b\u00ea navber teko\u015f\u00een kirin.<\/p>\n<p>Ji bo t\u00eako\u015fin \u00fb r\u00eaxistina ku li beramber\u00ee feraseta desthilatdar \u00fb pergala fa\u015f\u00eest ya dagirker may\u00eende bibe \u00fb teko\u015f\u00eena azad\u00eey\u00ea bigih\u00eeje serkeftin\u00ea p\u00eaw\u00eestiya hem\u00fb jin\u00ean c\u00eehan\u00ea bi ava kirina pergala parastina cewher\u00ee heye. \u00a0Em d\u00eeb\u00eajin \u00ead\u00ee dema azad\u00eeya jin hatiye. Jin \u00ead\u00ee xwed\u00ee bawer\u00ee, r\u00eaxist\u00een \u00fb art\u00ea\u015fe. Di rast\u00eeya \u015fore\u015fa Bakur-Rojhilat\u00ea S\u00fbr\u00ee de derket hole ku jin dikare p\u00ea\u015fengtiya civaka demokrat\u00eek \u00fb azad bike.<\/p>\n<p>Weke hez\u00ean parastina jin YPJ pergala me ya parastina rewa bi xw\u00eena hezaran \u015feh\u00eedan gih\u00ee\u015ftiye astek\u00ee \u00fb ji bo hem\u00fb jin\u00ean her\u00eam\u00ea \u00fb c\u00eehan\u00ea heviy\u00ean mezin avakiriye. Ji \u00eero \u015funda j\u00ee weke yek\u00eeney\u00ean parastina jin YPJ\u2019\u00ea, ji bo jiyanek azad \u00fb bi rumet \u00e7i erk \u00fb berpirsyariy\u00ea dikeve li\u00a0 ser mil\u00ea me, ji bo azadiya jin \u00fb civak\u00ea berd\u00eal\u00ea w\u00ea \u00e7i dibe bila bibe em amadene di asta her\u00ee jor de t\u00eako\u015f\u00een bikin da ku azadiya jin \u00fb civak\u00ea misoger bikin.<\/p>\n<p>Bi wes\u00eeleya sala nu banga me li hem\u00fb jin\u00ean ku dil\u00ea wan ji bo azad\u00eey\u00ea l\u00ea dide ewe k\u00fb xwe bi fikir \u00fb felsefeya azad\u00eey\u00ea re bi r\u00eaxistin bikin \u00fb h\u00eaza xwe ya parastina cewher\u00ee ava bikin da ku em sala 2022\u2019yan bi h\u00eaz \u00fb p\u00ea\u015fengtiya jina azad bi serkeftin\u00ea ve tac\u00eedar bikin.<\/p>\n<p>Em li ser v\u00ea b\u00eer \u00fb baweriy\u00ea careke din sala 2022\u2019yan li hem\u00fb mirovahiy\u00ea \u00fb tevah\u00ee jin\u00ean c\u00eehan\u00ea y\u00ea kedkar \u00fb azad\u00eexwaz p\u00eeroz dikin \u00fb em dib\u00eajin <strong>JIN JIYAN AZAD\u00ce<\/strong><\/p>\n<p>Fermandariya Gi\u015ft\u00ee Ya YPJ<\/p>\n<p>31.12.2021<\/p>\n","protected":false},"excerpt":{"rendered":"<p>Sala 2021\u2019 an li Bak\u00fbr \u00fb Rojhilat\u00ea S\u00fbr\u00ee hewldan\u00ean dagirker\u00ee \u00fb her cure er\u00ee\u015f\u00ean dijmin\u00ea dagirker bi awayek\u00ee b\u00ea navber devam kirin. Di van er\u00ee\u015fan da gelek welatpar\u00eaz\u00ean me y\u00ea heja jiyana xwe ji dest dan. D\u00eesa Fermandara meya heja Sosin B\u00eerhat \u00fb her wek\u00ee din r\u00eaheval\u00ean me y\u00ean heja \u015feh\u00eed ketin. L\u00ea bel\u00ea bi [&hellip;]<\/p>\n","protected":false},"author":1,"featured_media":11117,"comment_status":"closed","ping_status":"closed","sticky":false,"template":"","format":"standard","meta":{"footnotes":""},"categories":[39],"tags":[],"class_list":{"0":"post-11121","1":"post","2":"type-post","3":"status-publish","4":"format-standard","5":"has-post-thumbnail","7":"category-daxuyani"},"_links":{"self":[{"href":"https:\/\/ypjrojava.net\/index.php?rest_route=\/wp\/v2\/posts\/11121","targetHints":{"allow":["GET"]}}],"collection":[{"href":"https:\/\/ypjrojava.net\/index.php?rest_route=\/wp\/v2\/posts"}],"about":[{"href":"https:\/\/ypjrojava.net\/index.php?rest_route=\/wp\/v2\/types\/post"}],"author":[{"embeddable":true,"href":"https:\/\/ypjrojava.net\/index.php?rest_route=\/wp\/v2\/users\/1"}],"replies":[{"embeddable":true,"href":"https:\/\/ypjrojava.net\/index.php?rest_route=%2Fwp%2Fv2%2Fcomments&post=11121"}],"version-history":[{"count":1,"href":"https:\/\/ypjrojava.net\/index.php?rest_route=\/wp\/v2\/posts\/11121\/revisions"}],"predecessor-version":[{"id":11122,"href":"https:\/\/ypjrojava.net\/index.php?rest_route=\/wp\/v2\/posts\/11121\/revisions\/11122"}],"wp:featuredmedia":[{"embeddable":true,"href":"https:\/\/ypjrojava.net\/index.php?rest_route=\/wp\/v2\/media\/11117"}],"wp:attachment":[{"href":"https:\/\/ypjrojava.net\/index.php?rest_route=%2Fwp%2Fv2%2Fmedia&parent=11121"}],"wp:term":[{"taxonomy":"category","embeddable":true,"href":"https:\/\/ypjrojava.net\/index.php?rest_route=%2Fwp%2Fv2%2Fcategories&post=11121"},{"taxonomy":"post_tag","embeddable":true,"href":"https:\/\/ypjrojava.net\/index.php?rest_route=%2Fwp%2Fv2%2Ftags&post=11121"}],"curies":[{"name":"wp","href":"https:\/\/api.w.org\/{rel}","templated":true}]}}