{"id":11148,"date":"2022-02-09T08:17:23","date_gmt":"2022-02-09T08:17:23","guid":{"rendered":"https:\/\/ypjrojava.net\/?p=11148"},"modified":"2022-06-28T06:55:36","modified_gmt":"2022-06-28T06:55:36","slug":"ji-bo-gele-me-u-raya-gisti","status":"publish","type":"post","link":"https:\/\/ypjrojava.net\/?p=11148","title":{"rendered":"Ji bo Gel\u00ea me \u00fb Raya Gi\u015ft\u00ee!"},"content":{"rendered":"<p><strong>Ji bo Gel\u00ea me \u00fb Raya Gi\u015ft\u00ee!<\/strong><\/p>\n<p>Em hevr\u00eaya xwe Ar\u00een Bahoz bi r\u00eazdar\u00ee bib\u00eert\u00eenin \u00fb ji malbata w\u00ea re sersax\u00ee dixwazin. Em careke din ji w\u00ea \u00fb hem\u00fb hevr\u00eay\u00ean xwe y\u00ean \u015feh\u00eed re soza p\u00eakan\u00eena hedef \u00fb armanc\u00ean wan n\u00fb dikin.<\/p>\n<p>Hevr\u00eaya me Ar\u00een a bi nasnav Nes\u00eeme Tetik di p\u00eavajoya \u015fer\u00ea Koban\u00ea a giran de bi rihek\u00ea netew\u00ee \u00fb berpirsyar tevl\u00ee YPJ\u2019\u00ea dibe \u00fb di 31\u2019\u00ea \u00c7iley\u00ea de di encama nexwa\u015fiya pence\u015f\u00ear\u00ea ya ku \u00e7end sale tedawiya w\u00ea li Qami\u015flo did\u00eet de, tevl\u00ee karwana \u015feh\u00eedan dibe.<\/p>\n<p><img loading=\"lazy\" decoding=\"async\" class=\"size-medium wp-image-11150 alignleft\" src=\"https:\/\/ypjrojava.net\/wp-content\/uploads\/2022\/02\/IMG_0022-300x225.jpg\" alt=\"\" width=\"300\" height=\"225\" srcset=\"https:\/\/ypjrojava.net\/wp-content\/uploads\/2022\/02\/IMG_0022-300x225.jpg 300w, https:\/\/ypjrojava.net\/wp-content\/uploads\/2022\/02\/IMG_0022-1024x768.jpg 1024w, https:\/\/ypjrojava.net\/wp-content\/uploads\/2022\/02\/IMG_0022-768x576.jpg 768w, https:\/\/ypjrojava.net\/wp-content\/uploads\/2022\/02\/IMG_0022-1536x1152.jpg 1536w, https:\/\/ypjrojava.net\/wp-content\/uploads\/2022\/02\/IMG_0022-2048x1536.jpg 2048w, https:\/\/ypjrojava.net\/wp-content\/uploads\/2022\/02\/IMG_0022-86x64.jpg 86w\" sizes=\"auto, (max-width: 300px) 100vw, 300px\" \/>Hevr\u00ea ya me Ar\u00een a ku ji Ciz\u00eer\u00ea ye di nava malbateke welatpar\u00eaz de bi \u00e7anda her\u00eama Botan\u00ea a berxwed\u00ear ve mezin dibe. Heval Ar\u00een di zarokatiya xwe heya jiyana xwe ya \u015fore\u015fger\u00ee her di nava l\u00eager\u00eena azadiy\u00ea dij\u00ee \u00fb di temen\u00ea xwe y\u00ea ciwan de di sala 2015\u2019an dema ku \u00e7etey\u00ean DA\u0130\u015e\u2019\u00ea \u00eari\u015f\u00ea ser Koban\u00ea dikin li hember van \u00ear\u00ee\u015fan ji bo axa xwe \u00fb nirx\u00ean xwe bipar\u00eaze tevl\u00ee ref\u00ean YPJ\u2019\u00ea dibe bersiva l\u00eager\u00een\u00ean xwe di \u015fore\u015fa Rojava dib\u00eene. L\u00eager\u00eena xwe bi naskirin \u00fb xwe k\u00fbr kirina felsefeya birdoziya rizgariya jin p\u00eanase dike. Co\u015f \u00fb kelecana xwe ya jiyan\u00ea ji b\u00eer \u00fb baweriya azadiy\u00ea digre \u00fb bi rih\u00ea hevaltiy\u00ea mil\u00eetaniya jin dixemil\u00eene. Ji bo azadiya jin, welat \u00fb ax bi heskirina azadiy\u00ea teko\u015f\u00een kiriye. Her k\u00ealiya jiyana xwe bi e\u015fqa welatek azad teko\u015f\u00een daye me\u015fandin. Ji bo heval\u00ean derdora xwe j\u00ee b\u00fbye \u00e7avkaniya j\u00eena azad.<\/p>\n<p>Di heman dem\u00ea de r\u00eahevala me Ar\u00een bi fereseta j\u00eena azad a netewa demokratik di p\u00eangav\u00ean rizgarkirina bak\u00fbr \u00fb rojhilat\u00ea Suriy\u00ea de cih\u00ea xwe girtiye. Bi taybet p\u00eangava rizgarkirina bajar\u00ea Minbic\u00ea bi hewar jin \u00fb gel\u00ea Minbic\u00ea ve di\u00e7e \u00fb heya rizgarkirina bajar bi tevl\u00eeb\u00fbnek b\u00ea hempa teko\u015f\u00een dike li hember hov\u00eetiya \u00e7etey\u00ean Da\u00ee\u015f\u2019\u00ea. Weke jinek azad\u00eexwaz bi heskirina xwe ya azadiya jin \u00fb xaka bak\u00fbr \u00fb Rojhilat\u00ea Suriy\u00ea ber\u00ea xwe dide bajar\u00ea Reqa bi hewara jin \u00fb ke\u00e7\u00ean \u00caz\u00eed\u00ee ve di\u00e7e ta ku rizgarkirina bajar\u00ea Reqa.<\/p>\n<p>Di p\u00eavajoya tedaw\u00eeya nexwe\u015fiya pence\u015f\u00ear\u00ea did\u00eet tu caran dev ji co\u015f \u00fb morala xwe ya jiyan\u00ea berneda. Ji bo carek din di eniy\u00ean \u015fer de cih\u00ea xwe bigre xaka welat\u00ea xwe \u00fb gel\u00ea xwe bipar\u00eaze bi xwestek \u00fb bi israr tevl\u00ee jiyan\u00ea b\u00fb. Heta k\u00ealiya jiyana xwe ya daw\u00ee j\u00ee bi v\u00ea h\u00eav\u00ee \u00fb baweriy\u00ea jiyan kir.<\/p>\n<p>Weke Yek\u00eeney\u00ean Parastina Jin YPJ\u2019\u00ea, em careke din ji malbata bi nirx a hevr\u00ea Ar\u00een re sersaxiy\u00ea dixwazin. Em ji hem\u00fb malbat\u00ean \u015feh\u00eedan re soz didin ku w\u00ea tola \u015feh\u00eed\u00ean me li erd\u00ea nem\u00eene. Em\u00ea bi rih\u00ea berxwed\u00ear \u00ea hevr\u00ea Ar\u00een xwed\u00ee erk\u00ean dem\u00ea derbikevin \u00fb em\u00ea gir\u00eadana xwe a bi \u015feh\u00eed\u00ean xwe re bi misogerkirina azadiy\u00ea ve diyar<\/p>\n<p>Nasnav: Ar\u00een Bahoz<\/p>\n<p>Nav \u00fb Pa\u015fnav: Nes\u00eeme Tet\u00eek<\/p>\n<p>Nav\u00ea day\u00eek: Fatma<\/p>\n<p>Nav\u00ea bav: Osman<\/p>\n<p>Cih\u00ea ji Day\u00eekb\u00fbn\u00ea: \u015eirnex<\/p>\n<p>Cih \u00fb D\u00eeroka \u015fehadete: Qami\u015flo 31\u2019\u00ea \u00c7ileya 2022<\/p>\n<p><strong>Fermandariya Gi\u015ft\u00ee YPJ\u2019\u00ea<\/strong><\/p>\n<p><strong>09.02.2022<\/strong><\/p>\n","protected":false},"excerpt":{"rendered":"<p>Ji bo Gel\u00ea me \u00fb Raya Gi\u015ft\u00ee! Em hevr\u00eaya xwe Ar\u00een Bahoz bi r\u00eazdar\u00ee bib\u00eert\u00eenin \u00fb ji malbata w\u00ea re sersax\u00ee dixwazin. Em careke din ji w\u00ea \u00fb hem\u00fb hevr\u00eay\u00ean xwe y\u00ean \u015feh\u00eed re soza p\u00eakan\u00eena hedef \u00fb armanc\u00ean wan n\u00fb dikin. Hevr\u00eaya me Ar\u00een a bi nasnav Nes\u00eeme Tetik di p\u00eavajoya \u015fer\u00ea Koban\u00ea a [&hellip;]<\/p>\n","protected":false},"author":1,"featured_media":11149,"comment_status":"closed","ping_status":"closed","sticky":false,"template":"","format":"standard","meta":{"footnotes":""},"categories":[39],"tags":[],"class_list":{"0":"post-11148","1":"post","2":"type-post","3":"status-publish","4":"format-standard","5":"has-post-thumbnail","7":"category-daxuyani"},"_links":{"self":[{"href":"https:\/\/ypjrojava.net\/index.php?rest_route=\/wp\/v2\/posts\/11148","targetHints":{"allow":["GET"]}}],"collection":[{"href":"https:\/\/ypjrojava.net\/index.php?rest_route=\/wp\/v2\/posts"}],"about":[{"href":"https:\/\/ypjrojava.net\/index.php?rest_route=\/wp\/v2\/types\/post"}],"author":[{"embeddable":true,"href":"https:\/\/ypjrojava.net\/index.php?rest_route=\/wp\/v2\/users\/1"}],"replies":[{"embeddable":true,"href":"https:\/\/ypjrojava.net\/index.php?rest_route=%2Fwp%2Fv2%2Fcomments&post=11148"}],"version-history":[{"count":1,"href":"https:\/\/ypjrojava.net\/index.php?rest_route=\/wp\/v2\/posts\/11148\/revisions"}],"predecessor-version":[{"id":11151,"href":"https:\/\/ypjrojava.net\/index.php?rest_route=\/wp\/v2\/posts\/11148\/revisions\/11151"}],"wp:featuredmedia":[{"embeddable":true,"href":"https:\/\/ypjrojava.net\/index.php?rest_route=\/wp\/v2\/media\/11149"}],"wp:attachment":[{"href":"https:\/\/ypjrojava.net\/index.php?rest_route=%2Fwp%2Fv2%2Fmedia&parent=11148"}],"wp:term":[{"taxonomy":"category","embeddable":true,"href":"https:\/\/ypjrojava.net\/index.php?rest_route=%2Fwp%2Fv2%2Fcategories&post=11148"},{"taxonomy":"post_tag","embeddable":true,"href":"https:\/\/ypjrojava.net\/index.php?rest_route=%2Fwp%2Fv2%2Ftags&post=11148"}],"curies":[{"name":"wp","href":"https:\/\/api.w.org\/{rel}","templated":true}]}}