{"id":11155,"date":"2022-03-08T11:41:19","date_gmt":"2022-03-08T11:41:19","guid":{"rendered":"https:\/\/ypjrojava.net\/?p=11155"},"modified":"2022-03-08T11:41:19","modified_gmt":"2022-03-08T11:41:19","slug":"ypje-bi-merasimeke-leskeri-8e-adare-piroz-kir","status":"publish","type":"post","link":"https:\/\/ypjrojava.net\/?p=11155","title":{"rendered":"YPJ\u2019\u00ea Bi Meras\u00eemeke Le\u015fker\u00ee 8\u2019\u00ea Adar\u00ea P\u00eeroz Kir"},"content":{"rendered":"<p><strong><img loading=\"lazy\" decoding=\"async\" class=\"size-medium wp-image-11160 alignleft\" src=\"https:\/\/ypjrojava.net\/wp-content\/uploads\/2022\/03\/IMG_8275-300x200.jpg\" alt=\"\" width=\"300\" height=\"200\" srcset=\"https:\/\/ypjrojava.net\/wp-content\/uploads\/2022\/03\/IMG_8275-300x200.jpg 300w, https:\/\/ypjrojava.net\/wp-content\/uploads\/2022\/03\/IMG_8275-1024x683.jpg 1024w, https:\/\/ypjrojava.net\/wp-content\/uploads\/2022\/03\/IMG_8275-768x512.jpg 768w, https:\/\/ypjrojava.net\/wp-content\/uploads\/2022\/03\/IMG_8275-1536x1024.jpg 1536w, https:\/\/ypjrojava.net\/wp-content\/uploads\/2022\/03\/IMG_8275-2048x1365.jpg 2048w\" sizes=\"auto, (max-width: 300px) 100vw, 300px\" \/>YPJ\u2019\u00ea Bi Meras\u00eemeke Le\u015fker\u00ee 8\u2019\u00ea Adar\u00ea P\u00eeroz Kir <\/strong><\/p>\n<p>\u015eervan\u00ean YPJ\u2019\u00ea bi meras\u00eemeke bi heybet\u00a0 8\u2019\u00ea\u00a0 Adar\u00ea p\u00eeroz kirin. Di meras\u00eema le\u015fker\u00ee de Fermandara Gi\u015ft\u00ee a YPJ\u2019\u00ea Newroz Ehmed got: \u201cEm\u00ea\u00a0 ji bil\u00ee azadiy\u00ea \u00fb wekheviy\u00ea tu ti\u015ftek\u00ee din nasnekin.\u201d<\/p>\n<p>Jin\u00ean Rojava \u00fb Bak\u00fbr-Rojhilat\u00ea S\u00fbr\u00ee bi dir\u00fb\u015fmaya \u201cEm\u00ea bi hevdu re \u015fore\u015fa xwe bipar\u00eazin \u00fb axa xwe azad bikin\u201d di 23\u2019\u00ea Sibat\u00ea de ji bo Roja Jin\u00ean Kedkar y\u00ean C\u00eehan\u00ea \u015fahiy\u00ean ku heta 10\u2019\u00ea Adar\u00ea li darbixin e\u015fkere kirib\u00fbn. Li seranser\u00ea Rojava \u00fb Bak\u00fbr-Rojhilat\u00ea S\u00fbr\u00ee \u015fahiy\u00ean 8\u2019\u00ea Adar\u00ea bi co\u015f \u00fb kelecaneke mezin hate p\u00eeroz kirin. Meras\u00eema le\u015fker\u00ee bi be\u015fdarb\u00fby\u00eena Fermandara Gi\u015ft\u00ee a YPJ\u2019\u00ea Newroz Ehmed, ji Fermandar\u00ean YPJ\u2019\u00ea Ax\u00een Efr\u00een, Ji Mecl\u00eesa Parastina Xabur a Asur\u00ee Madlen Xem\u00ees, Mecl\u00eesa Le\u015fker\u00ee ya D\u00earazor\u00ea L\u00eelva Abdullah, Fermandara Tabura Nubar Ozanyan Zabel Koban\u00ea p\u00eak hat. Di meras\u00eem\u00ea de Fermandara Gi\u015ft\u00ee ya YPJ\u2019\u00ea Newroz Ehmed balki\u015fand li ser wate \u00fb gir\u00eengiya roj\u00ea \u00fb wiha got:\u00a0 \u201cEm di ser\u00ee de roja Jin\u00ean Kedkar a C\u00eehan\u00ea li hem\u00fb jin\u00ean ku berxwedidin, teko\u015f\u00een dikin, li hem\u00fb qadan di nava raper\u00eenan dane, di heman dem\u00ea de dayik\u00ean \u015feh\u00eedan \u00fb hem\u00fb jin\u00ean kedkar p\u00eeroz dikin. Jinan di encama teko\u015f\u00een, berxwedaniyeke mezin \u00fb berdel\u00ean\u00a0 giran de v\u00ea roj\u00ea bidestxistin \u00fb v\u00ea roj\u00ea weke cejnek\u00ee diyar\u00ee me kirin. Em j\u00ee \u00eero weke jin\u00ean \u015fore\u015fger \u00fb kedkar, ji hem\u00fb p\u00eakhateyan li v\u00ea der\u00ea kom b\u00fbne, em di \u015fexse hem\u00fb jin\u00ean ku di oxira azadiy\u00ea de teko\u015f\u00een kirin \u00fb \u015feh\u00eed b\u00fbn, bi taybet j\u00ee di \u015fexs\u00ea Silava \u00fb Ber\u00eevanan de \u00fb her\u00ee daw\u00ee j\u00ee di P\u00eangava G\u00fbrz\u00ea Gelan de di \u015fexs\u00ea \u015eeh\u00eed Awaz de em hem\u00fb \u015feh\u00eed\u00ean \u015fore\u015f\u00ea bi r\u00eazdar\u00ee \u00fb minetdar\u00ee bib\u00eert\u00eenin. W\u00ea teko\u015f\u00een \u00fb berxwedaniya wan her tim r\u00eaya me ron\u00ee bike \u00fb w\u00ea teko\u015f\u00eena wan her tim ji me re bibe bingeh heta ku hem\u00fb jin bigeh\u00eajin azadiy\u00ea.\u201d<\/p>\n<p><strong>R\u00caBER APO AF\u00ceR\u00ceNER\u00ca \u00a0FELSEFEYA JINA AZADE<\/strong><\/p>\n<p>R\u00eaber Apo heta niha li Girava \u00cemraliy\u00ea\u00a0 ji bo mirovahiy\u00ea \u00fb jinan li ber xwe dide. Raman \u00fb felsefa jina azad ya ku R\u00eaber Apo b\u00fb af\u00eer\u00eener\u00ee w\u00ea ji bo me bu bingeheke x\u00fbrt \u00fb \u00eero li ser v\u00ea bingeh\u00ea em xwe r\u00eaxistin dikin, teko\u015f\u00eena xwe bilind dikin \u00fb art\u00ea\u015f b\u00fby\u00eena xwe x\u00fbrt dikin. Em ji vir heta \u00cemraliy\u00ea silav\u00ean di\u015f\u00eenin, ten\u00ea armanca me eve ku em layiq\u00ee v\u00ea ked\u00ea derbikevin. Em hem\u00fb dilgirtiy\u00ean azadiy\u00ea y\u00ean ku li hember\u00ee c\u00fbre hov\u00eetiy\u00ea\u00a0 li ber xwe didin silav dikin.<\/p>\n<p><strong>TEKO\u015e\u00ceNA JINA KURD B\u00db H\u00caVIYA TEVAH\u00ce JINAN<img loading=\"lazy\" decoding=\"async\" class=\"size-medium wp-image-11158 alignright\" src=\"https:\/\/ypjrojava.net\/wp-content\/uploads\/2022\/03\/IMG_0182-300x200.jpg\" alt=\"\" width=\"300\" height=\"200\" srcset=\"https:\/\/ypjrojava.net\/wp-content\/uploads\/2022\/03\/IMG_0182-300x200.jpg 300w, https:\/\/ypjrojava.net\/wp-content\/uploads\/2022\/03\/IMG_0182-1024x683.jpg 1024w, https:\/\/ypjrojava.net\/wp-content\/uploads\/2022\/03\/IMG_0182-768x512.jpg 768w, https:\/\/ypjrojava.net\/wp-content\/uploads\/2022\/03\/IMG_0182-1536x1024.jpg 1536w, https:\/\/ypjrojava.net\/wp-content\/uploads\/2022\/03\/IMG_0182-2048x1365.jpg 2048w\" sizes=\"auto, (max-width: 300px) 100vw, 300px\" \/> <\/strong><\/p>\n<p>Li v\u00ea der\u00ea, li ser axa Mezopotamya weke ku di \u00ear\u00ee\u015fa her\u00ee daw\u00ee ya ku li ser Girt\u00eegeha S\u00eenaa li \u00a0bajar\u00ea Hesek\u00ea j\u00ee hate p\u00eakan\u00een de x\u00fbya kir, h\u00eaz\u00ean desthildar xwestin wan \u00e7eteyan\u00a0 careke din z\u00eend\u00ee bikin l\u00ea ev hewldan\u00ean wan hate t\u00eak birin. Gel\u00ea me y\u00ea li \u00a0her\u00eam\u00ea \u00ea\u015fa v\u00ea ve yeke jiyan kirin, \u015fervan\u00ean azadiy\u00ea j\u00ee ji bo ku ji daxwaz\u00ean gel re bibin bersiv li hember\u00ee v\u00ea \u00ear\u00ee\u015fa hovane teko\u015f\u00eeneke b\u00eahempa ve dane me\u015fandin. \u00ca\u015fa pergala desthildar li hem\u00fb her\u00eaman wekheve, ji ber ku ev pergal di \u015fex\u015f\u00ea jin\u00ea de jiyan\u00ea \u00fb hem\u00fb mirovahiy\u00ea qetil dike. L\u00ea \u00eero hem\u00fb dever\u00ean c\u00eehan\u00ea jin bi hevd\u00fb re di nava raper\u00een\u00ea de ne. Bi p\u00ea\u015fengtiya jina Kurd teko\u015f\u00eena ku hate me\u015fandin ji bo tevah\u00ee jin\u00ean c\u00eehan\u00ea b\u00fb heviya azadiy\u00ea. Ev rast\u00ee cih\u00ea \u015fanaziy\u00ea ye. Her ku di\u00e7e jin xwed\u00ee nasnameya xwe derdikeve \u00fb \u00a0dibe xwed\u00ee zaneb\u00fbn ji ber v\u00ea j\u00ee bi \u00ear\u00ee\u015f\u00ean dijwar re r\u00fb bi r\u00fb dim\u00eene. Ev j\u00ee cardin dide n\u00ee\u015fandan ku azad\u00ee neh\u00easane ger ku h\u00easan b\u00fbya ewqas berdel\u00ean giran j\u00ee nedihate day\u00een. Ji bo v\u00ea yek\u00ea j\u00ee dervay\u00ee teko\u015f\u00een\u00ea tu r\u00eayeke din ji bo jinan nemaye. R\u00eaheval\u00ean me bi rihek\u00ee leheng\u00ee li ser dijmin de di\u00e7in, em dizanin ku doza azadiya jin\u00ea \u00ead\u00ee ne b\u00eaxwediye. Teko\u015f\u00eena jinan ev ast bidestxistine. Y\u00ean dixwestin jin\u00ean xeyal \u00fb heb\u00fbna jinan t\u00fbne bikin, em\u00ea j\u00ee tu car\u00ee v\u00ea derkefet\u00ea nedine wan.<\/p>\n<p><strong>Ji BIL\u00ce SERKEFTIN\u00ca TU R\u00caYEK DIN N\u00ceNE<\/strong><\/p>\n<p>Em careke din dikarin bibejin pi\u015ft\u00ee ewqas berdel\u00ean giran ji bil\u00ee serkeftin\u00ea tu rey\u00eake din em\u00ea nas nekin. Em di v\u00ea roj\u00ea de soza berxwedan\u00ea,serkeftin\u00ea, destxistina azadiy\u00ea ya li hember\u00ee r\u00eaheval\u00ean xwe y\u00ea \u015feh\u00eed n\u00fb dikin. Ji ber ku ji bil\u00ee jin\u00ean teko\u015fer tu kes n\u00eene ku xwed\u00ee li\u00a0 v\u00ea m\u00eeratey\u00ea derbikeve. Em\u00ea ji bo ku bikaribin ji civak\u00ea re p\u00ea\u015fengityeke x\u00fbrt bikin r\u00eaxistina xwe berfirehtir bikin. Her\u00eam\u00ean me y\u00ean dagirker\u00ee heta ku neye rizgar kirin, em nikarin b\u00eajin em azad jiyan dikin. Berxwedaniya ku di \u015fexs\u00ea Avesta \u00fb Bar\u00eenan de hate n\u00ee\u015fadan r\u00eaya me ya serkeftin\u00ea dide n\u00ee\u015fandan, w\u00ea\u00a0 niha \u015f\u00fbnda j\u00ee me\u015fa me li ser v\u00ea esas\u00ea xwe bidom\u00eene. Li hem\u00fb dever\u00ean c\u00eehan\u00ea herkes bang dike; \u00ead\u00ee dem dema azadiy\u00ea, xwe r\u00eaxistin kirina jinane \u00fb \u00ead\u00ee gav pa\u015f de av\u00eatin n\u00eene. Li ser v\u00ea esas\u00ea\u00a0 j\u00ee em\u00ea ji demek ya din z\u00fbtir \u00a0her\u00eam\u00ean xwe ye di bin dagirkeriya dewleta Tirk de rizgar bikin. Em\u00ea ji bil\u00ee azadiy\u00ea \u00fb wekheviy\u00ea tu ti\u015ftek\u00ee din nasnekin.<\/p>\n<p>Meras\u00eema le\u015fker\u00ee bi dir\u00fb\u015fmay\u00ean \u2018J\u0131n Jiyan Azad\u00ee, Bi Can Bi Xw\u00een Em Te re ne Ey Serok,\u00a0 B\u00ea Serok Jiyan Nabe \u00a0\u00fb \u015eeh\u00eed Namirin, bi daw\u00ee b\u00fb.<\/p>\n","protected":false},"excerpt":{"rendered":"<p>\u201cEm\u00ea  ji bil\u00ee azadiy\u00ea \u00fb wekheviy\u00ea tu ti\u015ftek\u00ee din nasnekin.\u201d<\/p>\n","protected":false},"author":1,"featured_media":11157,"comment_status":"closed","ping_status":"closed","sticky":false,"template":"","format":"standard","meta":{"footnotes":""},"categories":[39],"tags":[],"class_list":{"0":"post-11155","1":"post","2":"type-post","3":"status-publish","4":"format-standard","5":"has-post-thumbnail","7":"category-daxuyani"},"_links":{"self":[{"href":"https:\/\/ypjrojava.net\/index.php?rest_route=\/wp\/v2\/posts\/11155","targetHints":{"allow":["GET"]}}],"collection":[{"href":"https:\/\/ypjrojava.net\/index.php?rest_route=\/wp\/v2\/posts"}],"about":[{"href":"https:\/\/ypjrojava.net\/index.php?rest_route=\/wp\/v2\/types\/post"}],"author":[{"embeddable":true,"href":"https:\/\/ypjrojava.net\/index.php?rest_route=\/wp\/v2\/users\/1"}],"replies":[{"embeddable":true,"href":"https:\/\/ypjrojava.net\/index.php?rest_route=%2Fwp%2Fv2%2Fcomments&post=11155"}],"version-history":[{"count":2,"href":"https:\/\/ypjrojava.net\/index.php?rest_route=\/wp\/v2\/posts\/11155\/revisions"}],"predecessor-version":[{"id":11162,"href":"https:\/\/ypjrojava.net\/index.php?rest_route=\/wp\/v2\/posts\/11155\/revisions\/11162"}],"wp:featuredmedia":[{"embeddable":true,"href":"https:\/\/ypjrojava.net\/index.php?rest_route=\/wp\/v2\/media\/11157"}],"wp:attachment":[{"href":"https:\/\/ypjrojava.net\/index.php?rest_route=%2Fwp%2Fv2%2Fmedia&parent=11155"}],"wp:term":[{"taxonomy":"category","embeddable":true,"href":"https:\/\/ypjrojava.net\/index.php?rest_route=%2Fwp%2Fv2%2Fcategories&post=11155"},{"taxonomy":"post_tag","embeddable":true,"href":"https:\/\/ypjrojava.net\/index.php?rest_route=%2Fwp%2Fv2%2Ftags&post=11155"}],"curies":[{"name":"wp","href":"https:\/\/api.w.org\/{rel}","templated":true}]}}