{"id":11165,"date":"2022-04-03T06:46:40","date_gmt":"2022-04-03T06:46:40","guid":{"rendered":"https:\/\/ypjrojava.net\/?p=11165"},"modified":"2022-04-03T06:46:40","modified_gmt":"2022-04-03T06:46:40","slug":"be-azadi-jiyan-li-me-herame","status":"publish","type":"post","link":"https:\/\/ypjrojava.net\/?p=11165","title":{"rendered":"\u2018B\u00ea Azad\u00ee Jiyan Li Me Herame\u2019"},"content":{"rendered":"<p><strong><img loading=\"lazy\" decoding=\"async\" class=\"size-medium wp-image-11170 alignleft\" src=\"https:\/\/ypjrojava.net\/wp-content\/uploads\/2022\/04\/SALVEGERA-DAMEZIRANDINA-YPJ-MERASIM-03-04-2022-18-300x200.jpg\" alt=\"\" width=\"300\" height=\"200\" srcset=\"https:\/\/ypjrojava.net\/wp-content\/uploads\/2022\/04\/SALVEGERA-DAMEZIRANDINA-YPJ-MERASIM-03-04-2022-18-300x200.jpg 300w, https:\/\/ypjrojava.net\/wp-content\/uploads\/2022\/04\/SALVEGERA-DAMEZIRANDINA-YPJ-MERASIM-03-04-2022-18-1024x683.jpg 1024w, https:\/\/ypjrojava.net\/wp-content\/uploads\/2022\/04\/SALVEGERA-DAMEZIRANDINA-YPJ-MERASIM-03-04-2022-18-768x512.jpg 768w, https:\/\/ypjrojava.net\/wp-content\/uploads\/2022\/04\/SALVEGERA-DAMEZIRANDINA-YPJ-MERASIM-03-04-2022-18-1536x1024.jpg 1536w, https:\/\/ypjrojava.net\/wp-content\/uploads\/2022\/04\/SALVEGERA-DAMEZIRANDINA-YPJ-MERASIM-03-04-2022-18-2048x1365.jpg 2048w\" sizes=\"auto, (max-width: 300px) 100vw, 300px\" \/>\u2018B\u00ea Azad\u00ee Jiyan Li Me Herame\u2019<\/strong><\/p>\n<p>\u015eervan\u00ean YPJ\u2019\u00ea, \u00a09\u2019em\u00een salvegera damezirandina YPJ\u2019\u00ea li bajarok\u00ea \u015eedad\u00ea bi meras\u00eemeke le\u015fker\u00ee p\u00eeroz kirin.<\/p>\n<p>Endama Fermandariya Gi\u015ft\u00ee a YPJ\u2019\u00ea Sozdar D\u00ear\u00eek 9\u2019em\u00een salvegera damezirandina YPJ\u2019\u00ea li R\u00eaber Gel\u00ea Kurd Abdullah Ocelan, \u015feh\u00eed\u00ean \u015eor\u00ea\u015fe, malbat\u00ean \u015eeh\u00eedan \u00fb tevah\u00ee jin\u00ean teko\u015f\u00ear y\u00ean ku li de\u015ftan,bajaran \u00fb \u00e7iyay\u00ean Kurdistan\u00ea ji bo parastina v\u00ea ax\u00ea teko\u015f\u00een dikin,p\u00eeroz kir. D\u00ear\u00eek di berdewamiya axaftina xwe de balki\u015fand \u00e7avkaniya ku YPJ\u2019\u00ea \u00a0ji xwe re esas girt \u00fb axaftin\u00ean xwe wiha domand: \u201c W\u00ea azadiya me \u015fopandina r\u00eaka \u015feh\u00eedan re m\u00eesoger bibe. Her wiha roja 4\u2019\u00ea N\u00eesan\u00ea rojb\u00fbna R\u00eaber Apo\u2019y\u00ea, zayina R\u00eaber Apo zayina me tevahiya ne. Zayina ku \u00e7\u00eab\u00fbye ne ya \u015fexseki ye. Ji ber, y\u00ea ku h\u00ee\u015ft \u00e7av\u00ean me azadiy\u00ea bib\u00eene \u00fb em bikevin ferqa jin b\u00fbyina xwe R\u00eaber\u00ea Gel\u00ea Kurd e. Ji bo v\u00ea yek\u00ea j\u00ee em v\u00ea roj\u00ea li tevah\u00ee jin\u00ean c\u00eehan\u00ea p\u00eeroz dikin.\u201d<\/p>\n<p><strong><img loading=\"lazy\" decoding=\"async\" class=\"size-medium wp-image-11172 alignright\" src=\"https:\/\/ypjrojava.net\/wp-content\/uploads\/2022\/04\/SALVEGERA-DAMEZIRANDINA-YPJ-MERASIM-03-04-2022-18-1-300x200.jpg\" alt=\"\" width=\"300\" height=\"200\" srcset=\"https:\/\/ypjrojava.net\/wp-content\/uploads\/2022\/04\/SALVEGERA-DAMEZIRANDINA-YPJ-MERASIM-03-04-2022-18-1-300x200.jpg 300w, https:\/\/ypjrojava.net\/wp-content\/uploads\/2022\/04\/SALVEGERA-DAMEZIRANDINA-YPJ-MERASIM-03-04-2022-18-1-1024x683.jpg 1024w, https:\/\/ypjrojava.net\/wp-content\/uploads\/2022\/04\/SALVEGERA-DAMEZIRANDINA-YPJ-MERASIM-03-04-2022-18-1-768x512.jpg 768w, https:\/\/ypjrojava.net\/wp-content\/uploads\/2022\/04\/SALVEGERA-DAMEZIRANDINA-YPJ-MERASIM-03-04-2022-18-1-1536x1024.jpg 1536w, https:\/\/ypjrojava.net\/wp-content\/uploads\/2022\/04\/SALVEGERA-DAMEZIRANDINA-YPJ-MERASIM-03-04-2022-18-1-2048x1365.jpg 2048w\" sizes=\"auto, (max-width: 300px) 100vw, 300px\" \/>ME ERKA PARASTINA CIVAK\u00ca DAYE SER MIL\u00caN XWE <\/strong><\/p>\n<p>B\u00fbyer\u00ean ku li ser axa Bak\u00fbr-Rojhilat\u00ea,Rojavay\u00ea Kurdistan\u00ea \u00fb tevah\u00ee c\u00eehan\u00ea t\u00ea jiyan kirin, weke jin ji me re \u00a0gelek sedem\u00ean teko\u015f\u00een\u00ea ava kir \u00fb me j\u00ee li ser v\u00ea esase teko\u015f\u00eena xwe da me\u015fandin. Ji ber ku \u00ear\u00ee\u015f\u00ean pir dijwar \u00fb hovane li ser xaka me hate p\u00eakan\u00een \u00fb her wiha weke jin j\u00ee\u00a0 gelek sedem\u00ean me y\u00ean ku y\u00ean weke parastina xwe kirin \u00fb ji bo azadiya xwe \u015fer kirin\u00ea heb\u00fb ku \u00a0me destp\u00ea teko\u015f\u00eeneke wiha kir. Em\u00ea van sedem\u00ean hey\u00ee ji bo azadiy\u00ea ba\u015f binirx\u00eenin \u00fb me ji bo v\u00ea yek\u00ea j\u00ee xwe weke yek\u00eeney\u00ean parastin\u00ea \u00a0damezirand. Me parastina tevah\u00ee jinan\u00a0 ji xwe re weke erkek\u00ee d\u00eetiye. Ne ten\u00ea jin ji ber ku em tems\u00eela \u00a0civak\u00ea j\u00ee dikin wek\u00ee jin em\u00ea ji bo tevahiya civakan j\u00ee teko\u015f\u00een bikin, em\u00ea di felsefa civaka azad\u00a0 de israr bikin \u00fb em\u00ea xebat\u00ean netewa demokrat\u00eek berfirehtir bikin. Her jina ku rast\u00ee zilm\u00ea t\u00ea p\u00eaw\u00eestiya xwe bi r\u00eaxistin\u00ea kirin\u00ea heye heta yek jinek j\u00ee bi zilm \u00fb zordariy\u00ea re r\u00fb bi r\u00fb bim\u00eene \u00a0em\u00ea li hember\u00ee v\u00ea nesekinin \u00fb teko\u015f\u00eena xwe bilind bikin.<\/p>\n<p><strong><img loading=\"lazy\" decoding=\"async\" class=\"size-medium wp-image-11169 alignleft\" src=\"https:\/\/ypjrojava.net\/wp-content\/uploads\/2022\/04\/SALVEGERA-DAMEZIRANDINA-YPJ-MERASIM-03-04-2022-15-300x200.jpg\" alt=\"\" width=\"300\" height=\"200\" srcset=\"https:\/\/ypjrojava.net\/wp-content\/uploads\/2022\/04\/SALVEGERA-DAMEZIRANDINA-YPJ-MERASIM-03-04-2022-15-300x200.jpg 300w, https:\/\/ypjrojava.net\/wp-content\/uploads\/2022\/04\/SALVEGERA-DAMEZIRANDINA-YPJ-MERASIM-03-04-2022-15-1024x683.jpg 1024w, https:\/\/ypjrojava.net\/wp-content\/uploads\/2022\/04\/SALVEGERA-DAMEZIRANDINA-YPJ-MERASIM-03-04-2022-15-768x512.jpg 768w, https:\/\/ypjrojava.net\/wp-content\/uploads\/2022\/04\/SALVEGERA-DAMEZIRANDINA-YPJ-MERASIM-03-04-2022-15-1536x1024.jpg 1536w, https:\/\/ypjrojava.net\/wp-content\/uploads\/2022\/04\/SALVEGERA-DAMEZIRANDINA-YPJ-MERASIM-03-04-2022-15-2048x1365.jpg 2048w\" sizes=\"auto, (max-width: 300px) 100vw, 300px\" \/>ME \u00ceLHAMA XWE JI JIN\u00caN TEKO\u015eER GIRT<\/strong><\/p>\n<p>Me \u00eelhama xwe ji jin\u00ean teko\u015fer y\u00ean ku bi sedsalane rast\u00ee zilm \u00fb zordariye hatine \u00fb ser\u00ee netewandine, girtiye. Me li tevahiya jin\u00ean c\u00eehan\u00ea bi taybet j\u00ee ji jin\u00ean ger\u00eella y\u00ean li \u00e7iyay\u00ea Kurdistan\u00ea teko\u015f\u00een dikin, \u00a0\u00eelhama xwe girtiye. Em ji tevah\u00ee jin\u00ean re dibejin; em\u00ea v\u00ea teko\u015f\u00een\u00ea bilindtir bikin \u00fb em\u00ea b\u00ea rawest\u00een j\u00ee di v\u00ea\u00a0 teko\u015f\u00eena de bi\u00a0 israr bin. Ji ber ku h\u00een j\u00ee\u00a0 p\u00eaw\u00eestiya azad jiyan kirin\u00ea, mezin kirin \u00fb x\u00fbrt kirina teko\u015f\u00eena jinan heye. Ji bo me cih\u00ea \u015fanaziy\u00ea ye ku em \u00eero ewqas jin bi hev du li hember\u00ee dijmin\u00ean mirovahiy\u00ea \u015fer dikin \u00fb teko\u015f\u00eena xwe \u00a0berfirehtir \u00a0dikin. Em v\u00ea cardin rojb\u00fbna R\u00eaber\u00ea Gel\u00ea Kurd Abdullah Ocelan \u00fb salvegera damezirandine YPJ\u2019\u00ea li tevah\u00ee c\u00eehan\u00ea p\u00eeroz dikin \u00fb em dib\u00eajin b\u00ea azad\u00ee jiyan li heram e.<\/p>\n<p>\u015eervan\u00ean YPJ \u2018\u00ea bi d\u00fbr\u00ee\u015fmey\u00ean \u2018Bij\u00ee Serok Apo,B\u00ea Serok Jiyan Nabe \u00fb Jin Jiyan Azad\u00ee\u2019 bi daw\u00ee b\u00fb. \u015eervanan di dawiya meras\u00eem\u00ea de govend gerandin \u00fb pi\u015ftra bi me\u015fek\u00ee girsey\u00ee ji bo rojb\u00fbna R\u00eaber\u00ea Gel\u00ea Kurd Abdullah Ocelan dar \u00e7andin.<\/p>\n<p>&nbsp;<\/p>\n","protected":false},"excerpt":{"rendered":"<p>\u201cW\u00ea azadiya me \u015fopandina r\u00eaka \u015feh\u00eedan re m\u00eesoger bibe. Her wiha roja 4\u2019\u00ea N\u00eesan\u00ea rojb\u00fbna R\u00eaber Apo\u2019y\u00ea, zayina R\u00eaber Apo zayina me tevahiya ne. Zayina ku \u00e7\u00eab\u00fbye ne ya \u015fexseki ye. Ji ber, y\u00ea ku h\u00ee\u015ft \u00e7av\u00ean me azadiy\u00ea bib\u00eene \u00fb em bikevin ferqa jin b\u00fbyina xwe R\u00eaber\u00ea Gel\u00ea Kurd e. Ji bo v\u00ea yek\u00ea j\u00ee em v\u00ea roj\u00ea li tevah\u00ee jin\u00ean c\u00eehan\u00ea p\u00eeroz dikin.\u201d<\/p>\n","protected":false},"author":1,"featured_media":11166,"comment_status":"closed","ping_status":"closed","sticky":false,"template":"","format":"standard","meta":{"footnotes":""},"categories":[38],"tags":[],"class_list":{"0":"post-11165","1":"post","2":"type-post","3":"status-publish","4":"format-standard","5":"has-post-thumbnail","7":"category-nuce"},"_links":{"self":[{"href":"https:\/\/ypjrojava.net\/index.php?rest_route=\/wp\/v2\/posts\/11165","targetHints":{"allow":["GET"]}}],"collection":[{"href":"https:\/\/ypjrojava.net\/index.php?rest_route=\/wp\/v2\/posts"}],"about":[{"href":"https:\/\/ypjrojava.net\/index.php?rest_route=\/wp\/v2\/types\/post"}],"author":[{"embeddable":true,"href":"https:\/\/ypjrojava.net\/index.php?rest_route=\/wp\/v2\/users\/1"}],"replies":[{"embeddable":true,"href":"https:\/\/ypjrojava.net\/index.php?rest_route=%2Fwp%2Fv2%2Fcomments&post=11165"}],"version-history":[{"count":3,"href":"https:\/\/ypjrojava.net\/index.php?rest_route=\/wp\/v2\/posts\/11165\/revisions"}],"predecessor-version":[{"id":11173,"href":"https:\/\/ypjrojava.net\/index.php?rest_route=\/wp\/v2\/posts\/11165\/revisions\/11173"}],"wp:featuredmedia":[{"embeddable":true,"href":"https:\/\/ypjrojava.net\/index.php?rest_route=\/wp\/v2\/media\/11166"}],"wp:attachment":[{"href":"https:\/\/ypjrojava.net\/index.php?rest_route=%2Fwp%2Fv2%2Fmedia&parent=11165"}],"wp:term":[{"taxonomy":"category","embeddable":true,"href":"https:\/\/ypjrojava.net\/index.php?rest_route=%2Fwp%2Fv2%2Fcategories&post=11165"},{"taxonomy":"post_tag","embeddable":true,"href":"https:\/\/ypjrojava.net\/index.php?rest_route=%2Fwp%2Fv2%2Ftags&post=11165"}],"curies":[{"name":"wp","href":"https:\/\/api.w.org\/{rel}","templated":true}]}}