{"id":11174,"date":"2022-04-04T09:00:36","date_gmt":"2022-04-04T09:00:36","guid":{"rendered":"https:\/\/ypjrojava.net\/?p=11174"},"modified":"2022-06-28T06:53:57","modified_gmt":"2022-06-28T06:53:57","slug":"ji-bo-gele-me-u-raya-gisti-2","status":"publish","type":"post","link":"https:\/\/ypjrojava.net\/?p=11174","title":{"rendered":"Ji Bo Gel\u00ea me \u00fb Raya Gi\u015ft\u00ee"},"content":{"rendered":"<p><strong>Ji Bo Gel\u00ea me \u00fb Raya Gi\u015ft\u00ee<\/strong><\/p>\n<p>Em 4\u2019\u00ea N\u00eesan\u00ea roja art\u00ea\u015fb\u00fbna YPJ\u2019\u00ea li R\u00eaber APO, hem\u00fb \u015feh\u00eed\u00ean ji bo azadiy\u00ea can\u00ea xwe feda kirine, hem\u00fb jin\u00ean t\u00eako\u015fer \u00fb hem\u00fb azad\u00eexwazan p\u00eeroz dikin. Weke h\u00eaz\u00ean YPJ\u2019\u00ea em \u015feh\u00eed\u00ean ku bi can\u00ea xwe \u015fore\u015f avakirin \u00fb b\u00fbne remza art\u00ea\u015fa YPJ\u2019\u00ea weke hevr\u00ea Silava, B\u00ear\u00eevan, Jinda, War\u015f\u00een, R\u00eavan, Ar\u00een, Avesta \u00fb Sosin bib\u00eert\u00eenin. Heman dem\u00ea de hevr\u00eay\u00ean me y\u00ean Enternasyonal ku bi dil \u00fb can felsefeya R\u00eaber APO a azadiy\u00ea hemb\u00eaz kirin \u00fb ji bo jina azad, \u015fore\u015fa Rojava can\u00ea xwe feda kirin hevr\u00ea, Anna Campbell, \u0130vana Hoffman, Ceren G\u00fcne\u015f, Zilan Ereb, Sarya \u00d6zg\u00fcr \u00fb d\u00eesa heval\u00ean me y\u00ean jin ku di \u00e7eper\u00ean berxwedan\u00ea de d\u00eel ketin deste \u00e7etey\u00ean dewleta Tirk a dagirker bib\u00eert\u00eenin em v\u00ea roja ku t\u00eako\u015f\u00eena YPJ\u2019\u00ea giha\u015fte sala xwe ya 9\u2019em\u00een li wan j\u00ee p\u00eeroz dikin. \u00db dib\u00eajin ku t\u00eako\u015f\u00eena me bi keda wan hate roja \u00eero. <strong>Art\u00ea\u015fb\u00fbna YPJ\u2019\u00ea ji bo azadiya hem\u00fb jin\u00ean c\u00eehan\u00ea pela jiyana n\u00fb a azad e.<\/strong><\/p>\n<p>YPJ\u2019\u00ea ji gav\u00ean xwe r\u00eaxistinkirin, p\u00ea\u015feng\u00ee kirin \u00fb heya art\u00ea\u015fb\u00fbn\u00ea perspekt\u00eefa azadiy\u00ea ji R\u00eaber APO girt \u00fb ji bo art\u00ea\u015fb\u00fbna jin a her\u00eam\u00ea j\u00ee xwed\u00ee gir\u00eengiyeke mezin e ku axa xwe \u00fb nasnameya jina azad bi h\u00eaza xwe ya cewher\u00ee dipar\u00eaze. <strong>Derketin \u00fb art\u00ea\u015fb\u00fbna YPJ\u2019\u00ea ji bo hem\u00fb jin \u00fb gel\u00ea her\u00eam\u00ea b\u00fb h\u00eaviya pa\u015feroja azad.<\/strong> H\u00eaz\u00ean YPJ\u2019\u00ea di hem\u00fb qad\u00ean t\u00eako\u015f\u00een\u00ea de ji bo azadiy\u00ea \u015fer kirin, t\u00eako\u015fiyan \u00fb b\u00eahempa li berxwedan. Keda ku bi salan YPJ\u2019\u00ea di Rojava, Bak\u00fbr \u00fb Rojhilat\u00ea S\u00fbr\u00ee de raber kir ji bo hem\u00fb jin \u00fb gel\u00ea her\u00eam\u00ea, Rojhilata Nav\u00een \u00fb c\u00eehan\u00ea b\u00fb h\u00eaviya serkeftin\u00ea. YPJ\u2019\u00ea li ser v\u00ea bingeh\u00ea \u00a09 sale bi paradigmaya demokratik, ekolojik \u00fb azad\u00eexwaziya jin \u00fb bi birdoziya rizgariya jin \u00fb netewa demokratik \u015fore\u015fa xwe mezin dike. H\u00eaza xwe ya parastin\u00ea xurt dike \u00fb di \u00e7ar\u00e7oveya parastina rewa de \u015fore\u015fa xwe dipar\u00eaze.<\/p>\n<p>B\u00eaguman roja art\u00ea\u015fb\u00fbna YPJ\u2019\u00ea a 4\u2019\u00ea N\u00eesan\u00ea j\u00ee xwed\u00ee wate \u00fb gir\u00eengiyeke mezin e ku di roja ji day\u00eekb\u00fbna R\u00eaber APO de hatiye ragihandin. Rojb\u00fbna R\u00eaber APO ji bo l\u00eager\u00eenvan\u00ean azadiy\u00ea roja nasname, \u00e7and, heb\u00fbn \u00fb heq\u00eeqet\u00ea ye ku \u00eero fikr \u00fb raman\u00ean R\u00eaber APO dibe pusulaya azadiy\u00ea \u00fb di ser\u00ee de weke YPJ ji bo me \u00fb ji bo hem\u00fb kes\u00ean azad\u00eexwaz felsefeya azadiy\u00ea weke navn\u00ee\u015fana me\u015fa xwe dib\u00eenin.<\/p>\n<p><strong>\u015eore\u015fa me ya ku bi t\u00eako\u015f\u00een \u00fb berxwedan\u00ean destan\u00ee xwe gihande \u00eero w\u00ea bi heman rih\u00ea bidome, em\u00ea axa xwe ji dagirkeran rizgar bikin, \u015fore\u015fa xwe mezin bikin.<\/strong> Li ser v\u00ea bingeh\u00ea banga me ew e ku ji bo xurtkirina \u015fore\u015fa Rojava ku hem\u00fb jin\u00ean c\u00eehan\u00ea t\u00ea de heb\u00fbna xwe dib\u00eenin were mezinkirin,\u00a0 ji Rojava re statu were day\u00een \u00fb xeleka azadiy\u00ea berfireh bibe di ser\u00ee de hem\u00fb jin\u00ean t\u00eako\u015f\u00eena azadiy\u00ea didin \u00fb hem\u00fb kes\u00ean azad\u00eexwaz bibine hevr\u00eay\u00ea \u015fore\u015fa mirovahiy\u00ea.<\/p>\n<p style=\"text-align: right;\"><strong>Fermandariya Biryargeha Gi\u015ft\u00ee a YPJ\u2019\u00ea<\/strong><\/p>\n<p style=\"text-align: right;\"><strong>04.04.2022<\/strong><\/p>\n","protected":false},"excerpt":{"rendered":"<p>H\u00eaz\u00ean YPJ\u2019\u00ea di hem\u00fb qad\u00ean t\u00eako\u015f\u00een\u00ea de ji bo azadiy\u00ea \u015fer kirin, t\u00eako\u015fiyan \u00fb b\u00eahempa li berxwedan. Keda ku bi salan YPJ\u2019\u00ea di Rojava, Bak\u00fbr \u00fb Rojhilat\u00ea S\u00fbr\u00ee de raber kir ji bo hem\u00fb jin \u00fb gel\u00ea her\u00eam\u00ea, Rojhilata Nav\u00een \u00fb c\u00eehan\u00ea b\u00fb h\u00eaviya serkeftin\u00ea.<\/p>\n","protected":false},"author":1,"featured_media":13728,"comment_status":"closed","ping_status":"closed","sticky":false,"template":"","format":"standard","meta":{"footnotes":""},"categories":[39],"tags":[],"class_list":{"0":"post-11174","1":"post","2":"type-post","3":"status-publish","4":"format-standard","5":"has-post-thumbnail","7":"category-daxuyani"},"_links":{"self":[{"href":"https:\/\/ypjrojava.net\/index.php?rest_route=\/wp\/v2\/posts\/11174","targetHints":{"allow":["GET"]}}],"collection":[{"href":"https:\/\/ypjrojava.net\/index.php?rest_route=\/wp\/v2\/posts"}],"about":[{"href":"https:\/\/ypjrojava.net\/index.php?rest_route=\/wp\/v2\/types\/post"}],"author":[{"embeddable":true,"href":"https:\/\/ypjrojava.net\/index.php?rest_route=\/wp\/v2\/users\/1"}],"replies":[{"embeddable":true,"href":"https:\/\/ypjrojava.net\/index.php?rest_route=%2Fwp%2Fv2%2Fcomments&post=11174"}],"version-history":[{"count":1,"href":"https:\/\/ypjrojava.net\/index.php?rest_route=\/wp\/v2\/posts\/11174\/revisions"}],"predecessor-version":[{"id":11175,"href":"https:\/\/ypjrojava.net\/index.php?rest_route=\/wp\/v2\/posts\/11174\/revisions\/11175"}],"wp:featuredmedia":[{"embeddable":true,"href":"https:\/\/ypjrojava.net\/index.php?rest_route=\/wp\/v2\/media\/13728"}],"wp:attachment":[{"href":"https:\/\/ypjrojava.net\/index.php?rest_route=%2Fwp%2Fv2%2Fmedia&parent=11174"}],"wp:term":[{"taxonomy":"category","embeddable":true,"href":"https:\/\/ypjrojava.net\/index.php?rest_route=%2Fwp%2Fv2%2Fcategories&post=11174"},{"taxonomy":"post_tag","embeddable":true,"href":"https:\/\/ypjrojava.net\/index.php?rest_route=%2Fwp%2Fv2%2Ftags&post=11174"}],"curies":[{"name":"wp","href":"https:\/\/api.w.org\/{rel}","templated":true}]}}