{"id":11187,"date":"2022-04-21T07:36:22","date_gmt":"2022-04-21T07:36:22","guid":{"rendered":"https:\/\/ypjrojava.net\/?p=11187"},"modified":"2022-06-28T06:53:14","modified_gmt":"2022-06-28T06:53:14","slug":"ji-bo-gele-me-u-raya-gisti-3","status":"publish","type":"post","link":"https:\/\/ypjrojava.net\/?p=11187","title":{"rendered":"Ji Bo Gel\u00ea me \u00fb Raya Gi\u015ft\u00ee!"},"content":{"rendered":"<p><strong>Ji Bo Gel\u00ea me \u00fb Raya Gi\u015ft\u00ee!<\/strong><\/p>\n<p>P\u00eavajoya ku roja \u00eero li Kurdistan\u00ea t\u00ea jiyan kirin bi konsepteke berfireh armanca imha \u00fb tunekirina gel\u00ea Kurd \u00fb netewa demokratik dike hedef e. Dewleta Tirk a dagirker bi hevkariya h\u00eaz\u00ean her\u00eam\u00ee \u00fb y\u00ean navnetew\u00ee bi her away\u00ee \u00ear\u00ee\u015f\u00ea \u00c7ar par\u00e7ey\u00ean Kurdistan\u00ea dike. Ev j\u00ee dide xuya kirin ku h\u00eaz\u00ean qirker ji bo berjewendiy\u00ean xwe li ser tunekirina gel\u00ea\u00a0 Kurd bi dijminahiyeke mezin hevkar\u00ee \u00fb hevkirin p\u00eak an\u00een e. Dewleta Tirk a dagirker bi h\u00eaz \u00fb w\u00earekiya v\u00ea hevkariy\u00ea li ser her\u00eam\u00ea \u00ear\u00ee\u015f\u00ean xwe berfirehtir \u00fb mezintir dike.<\/p>\n<p>Di p\u00ea\u015fengtiya YPJ\u2019\u00ea de sore\u015fa Rojava ku bi berd\u00eal\u00ean giranbiha p\u00eak hat \u00fb ji bo hem\u00fb mirovahiy\u00ea li hember DA\u0130\u015e sekin\u00ee, berxweda di ser\u00ee de ji bo jin \u00fb gel\u00ea her\u00eam\u00ea b\u00fb h\u00eaviya azadiy\u00ea. L\u00ea ji destp\u00eaka \u015fore\u015fa rojava heta roja me ya \u00eero dewleta Tirk a dagirker li ber \u00e7av\u00ean c\u00eehan\u00ea \u00ear\u00ee\u015f\u00ea \u015fore\u015fa Rojava kir. Dewleta Tirk a dagirker dijminahiya h\u00eaz \u00fb v\u00eena jin dike, di roja 20\u2019\u00ea N\u00eesana 2022\u2019yan hevr\u00eay\u00ean me Dilar, Ronahi \u00fb Koban\u00ee di dema ku li ser erk\u00ea xwe b\u00fbn, b\u00fbne hedefa \u00ear\u00ee\u015fa balafir\u00ean b\u00eamirov dewleta Tirk a dagirker \u00fb di encama v\u00ea \u00ear\u00ee\u015f\u00ea de \u015feh\u00eed b\u00fbn.<\/p>\n<p>Heval Dilar Heleb a ku Endama Fermandariya YPJ\u2019\u00ea a Koban\u00ea b\u00fb di sala 2012\u2019an li Heleb\u00ea bi co\u015f \u00fb kelecaneke mezin \u00fb bi b\u00eer \u00fb baweriya welat\u00ea azad ve cih\u00ea xwe di nava \u015fore\u015fa Rojava de girt. Di demeke kin de bi felsefeya azadiy\u00ea xwe di birdoziya rizgariya jin de k\u00fbr kir b\u00fb fermandareke jin a ku p\u00ea\u015fengiya \u015fore\u015fa mirovahiy\u00ea dike. Hevala me Dilar a ku di hem\u00fb \u015fertan de li hember gel\u00ea xwe \u00fb erk \u00fb berpirsyartiy\u00ean xwe y\u00ean \u015fore\u015f\u00ea b\u00eateredut bi hem\u00fb h\u00eaza xwe ve tevl\u00ee b\u00fb weke fermandareke me h\u00eaz da \u015fore\u015fa jin. Ji bo hem\u00fb hevr\u00eay\u00ean me b\u00fb remza hevr\u00eatiya germ, m\u00eenaka jina teko\u015fer, jina ku bi h\u00eaz \u00fb v\u00eena xwe heb\u00fbna xwe diyar dike \u00fb dibe p\u00ea\u015fenga pa\u015feroj\u00ean azad. Hevr\u00ea Dilar a ku bi tevl\u00eeb\u00fbna xwe xwed\u00ee rolek\u00ea diyarker b\u00fb di \u015fore\u015fa Rojava de bi \u015fer \u00fb p\u00eangav\u00ean ku t\u00ea de cih girt j\u00ee, p\u00ea\u015fengtiya p\u00eavajoyan kir \u00fb her \u00e7epereke berxwedan\u00ea de b\u00fb xwed\u00ee ked \u00fb teko\u015f\u00een. Taybet li Heleb\u00ea di berxwedana \u015e\u00eax Meqs\u00fbd heya p\u00eangav\u00ean weke Minbic\u00ea bi berxwedana hevr\u00ea Dilaran ve azad\u00ee misoger b\u00fb.<\/p>\n<p>Heval Ronahi Koban\u00ee di sala 2014\u2019an de ji berxwedana Koban\u00ea ya destan\u00ee bandor dibe \u00fb ji bo azad\u00ee, r\u00fbmeta jin \u00fb gel\u00ea xwe li hember hov\u00eetiya \u00e7etey\u00ean DA\u0130\u015e tevl\u00ee ref\u00ean YPJ\u2019\u00ea dibe \u00fb li Koban\u00ea weke bi hezaran heval\u00ean xwe berxwe dide \u00fb di v\u00ea berxwedan\u00ea de bir\u00eendar dibe. Ruxm\u00ea hem\u00fb zehmetiy\u00ean bir\u00eendariy\u00ea j\u00ee bi kelecaneke mezin teko\u015f\u00eena azadiy\u00ea hemb\u00eaz dike bi v\u00eeneke mezin cih\u00ea xwe di p\u00eangava Reqa de girt. Pi\u015ft\u00ee sal\u00ean dir\u00eaj ku cih\u00ea xwe di nava YPJ\u2019\u00ea de girt derbas\u00ee erka Hevserokatiya Desteya Parastin\u00ea a Koban\u00ea b\u00fb dema ku \u015feh\u00eed b\u00fb j\u00ee xebat\u00ean Desteya Parastin\u00ea p\u00eak dian\u00ee.<\/p>\n<p>Heval Koban\u00ee ya ku di sala 2020\u2019an de, bi temen\u00ea xwe y\u00ea ciwan, ji malbateke welatpar\u00eaz tevl\u00ee ref\u00ean YPJ\u2019\u00ea b\u00fb bi ciwaniya rih\u00ea xwe kelecana \u015fore\u015f\u00ea jiyan kir \u00fb cih\u00ea xwe di nava ref\u00ean azadiy\u00ea de girt. Her dem bi l\u00eager\u00eeneke xurt a azadiy\u00ea, bi hez kirin \u00fb meraqeke mezin \u015fore\u015fa me hemb\u00eaz kir.<\/p>\n<p>Weke h\u00eaz\u00ean YPJ\u2019\u00ea em ji malbata Hevr\u00ea Dilar, Ronah\u00ee \u00fb Koban\u00ee re sersaxiy\u00ea dixwazin em dib\u00eajin \u00e7awa ku me tu caran tola \u015feh\u00eed\u00ean xwe li erd\u00ea neh\u00eali\u015ftiye em\u00ea niha j\u00ee tola hevr\u00eay\u00ean xwe ji neyaran re neh\u00ealin. \u015eore\u015fa me ya ku bi v\u00een \u00fb fedakariya \u015feh\u00eed\u00ean me giha\u015ftiye roja \u00eero w\u00ea ji \u00eero \u015f\u00fbnde bi heman away\u00ee berfireh bibe \u00fb bidome. \u00c7awa ku hevr\u00eay\u00ean me Dilar, Ronah\u00ee \u00fb Koban\u00ee bi rihek\u00ea b\u00eateredut xwed\u00ee li erk\u00ea xwe derketin \u00fb \u015fore\u015fa Rojava parastin em\u00ea j\u00ee bi heman rih\u00ea ala ku wan emanet\u00ea me kiriye ber bi serkeftina Kurdistana azad ve bibin. \u00a0Li ser v\u00ee bingeh\u00ee bangawaziya me ji gel\u00ea me ew e ku bi erk \u00fb berpirsyariya\u00a0 xwe ya welatpar\u00eaz\u00ee rabin \u00fb xwed\u00ee li \u015feh\u00eed\u00ean xwe \u00fb hem\u00fb nirx\u00ean \u015fore\u015f\u00ea derbikevin. Em bawerin weke \u015fervan \u00fb gel em dikarin bi feraseta \u015fer\u00ea gel\u00ea \u015fore\u015fger\u00ee li hember her cure \u00ear\u00ee\u015f\u00ean tunekirin\u00ea bisekinin \u00fb Kurdistna azad misoger bikin.<\/p>\n<p>&nbsp;<\/p>\n<p><img loading=\"lazy\" decoding=\"async\" class=\"size-medium wp-image-11180 alignleft\" src=\"https:\/\/ypjrojava.net\/wp-content\/uploads\/2022\/04\/\u0634\u0647\u064a\u062f-\u062f\u0644\u0627\u0631--215x300.png\" alt=\"\" width=\"215\" height=\"300\" srcset=\"https:\/\/ypjrojava.net\/wp-content\/uploads\/2022\/04\/\u0634\u0647\u064a\u062f-\u062f\u0644\u0627\u0631--215x300.png 215w, https:\/\/ypjrojava.net\/wp-content\/uploads\/2022\/04\/\u0634\u0647\u064a\u062f-\u062f\u0644\u0627\u0631--733x1024.png 733w, https:\/\/ypjrojava.net\/wp-content\/uploads\/2022\/04\/\u0634\u0647\u064a\u062f-\u062f\u0644\u0627\u0631-.png 751w\" sizes=\"auto, (max-width: 215px) 100vw, 215px\" \/><\/p>\n<p>Nasnav: Dilar Heleb<\/p>\n<p>Nav \u00fb Pa\u015fnav: Ranya Henan<\/p>\n<p>Nav\u00ea day\u00eek: Necah<\/p>\n<p>Nav\u00ea bav: Remzi<\/p>\n<p>Cih\u00ea ji Day\u00eekb\u00fbn\u00ea: Efr\u00een-1988<\/p>\n<p>Cih \u00fb D\u00eeroka \u015fehadete: Koban\u00ea-20.04.2022<\/p>\n<p>&nbsp;<\/p>\n<p>&nbsp;<\/p>\n<p>&nbsp;<\/p>\n<p>&nbsp;<\/p>\n<p><img loading=\"lazy\" decoding=\"async\" class=\"size-medium wp-image-11181 alignleft\" src=\"https:\/\/ypjrojava.net\/wp-content\/uploads\/2022\/04\/sehit-ronahi--215x300.png\" alt=\"\" width=\"215\" height=\"300\" srcset=\"https:\/\/ypjrojava.net\/wp-content\/uploads\/2022\/04\/sehit-ronahi--215x300.png 215w, https:\/\/ypjrojava.net\/wp-content\/uploads\/2022\/04\/sehit-ronahi--733x1024.png 733w, https:\/\/ypjrojava.net\/wp-content\/uploads\/2022\/04\/sehit-ronahi-.png 751w\" sizes=\"auto, (max-width: 215px) 100vw, 215px\" \/><\/p>\n<p>Nasnav: Ronah\u00ee Koban\u00ea<\/p>\n<p>Nav \u00fb Pa\u015fnav: Rod\u00een Ebdilqadir Mihemed<\/p>\n<p>Nav\u00ea day\u00eek: Em\u00eene<\/p>\n<p>Nav\u00ea bav: Ebdilqadir<\/p>\n<p>Cih\u00ea ji Day\u00eekb\u00fbn\u00ea: Koban\u00ea-1996<\/p>\n<p>Cih \u00fb D\u00eeroka \u015fehadete: Koban\u00ea- 20.04.2022<\/p>\n<p>&nbsp;<\/p>\n<p>&nbsp;<\/p>\n<p>&nbsp;<\/p>\n<p>&nbsp;<\/p>\n<p><img loading=\"lazy\" decoding=\"async\" class=\"size-medium wp-image-11182 alignleft\" src=\"https:\/\/ypjrojava.net\/wp-content\/uploads\/2022\/04\/\u0634\u0647\u064a\u062f-\u0643\u0648\u0628\u0627\u0646\u064a--215x300.png\" alt=\"\" width=\"215\" height=\"300\" srcset=\"https:\/\/ypjrojava.net\/wp-content\/uploads\/2022\/04\/\u0634\u0647\u064a\u062f-\u0643\u0648\u0628\u0627\u0646\u064a--215x300.png 215w, https:\/\/ypjrojava.net\/wp-content\/uploads\/2022\/04\/\u0634\u0647\u064a\u062f-\u0643\u0648\u0628\u0627\u0646\u064a--733x1024.png 733w, https:\/\/ypjrojava.net\/wp-content\/uploads\/2022\/04\/\u0634\u0647\u064a\u062f-\u0643\u0648\u0628\u0627\u0646\u064a-.png 751w\" sizes=\"auto, (max-width: 215px) 100vw, 215px\" \/><\/p>\n<p>Nasnav: Koban\u00ee<\/p>\n<p>Nav \u00fb Pa\u015fnav: Cihan Nidal El\u00ee<\/p>\n<p>Nav\u00ea day\u00eek: Celila<\/p>\n<p>Nav\u00ea bav: N\u00eedal<\/p>\n<p>Cih\u00ea ji Day\u00eekb\u00fbn\u00ea: Koban\u00ea-2003<\/p>\n<p>Cih \u00fb D\u00eeroka \u015fehadete: Koban\u00ea-20.04.2022<\/p>\n<p>&nbsp;<\/p>\n<p>&nbsp;<\/p>\n<p>&nbsp;<\/p>\n<p style=\"text-align: right;\"><strong>Fermandariya Gi\u015ft\u00ee a YPJ\u2019\u00ea<\/strong><\/p>\n<p style=\"text-align: right;\"><strong>21.04.2022<\/strong><\/p>\n","protected":false},"excerpt":{"rendered":"<p>Ji Bo Gel\u00ea me \u00fb Raya Gi\u015ft\u00ee! P\u00eavajoya ku roja \u00eero li Kurdistan\u00ea t\u00ea jiyan kirin bi konsepteke berfireh armanca imha \u00fb tunekirina gel\u00ea Kurd \u00fb netewa demokratik dike hedef e. Dewleta Tirk a dagirker bi hevkariya h\u00eaz\u00ean her\u00eam\u00ee \u00fb y\u00ean navnetew\u00ee bi her away\u00ee \u00ear\u00ee\u015f\u00ea \u00c7ar par\u00e7ey\u00ean Kurdistan\u00ea dike. Ev j\u00ee dide xuya kirin [&hellip;]<\/p>\n","protected":false},"author":1,"featured_media":13342,"comment_status":"closed","ping_status":"closed","sticky":false,"template":"","format":"standard","meta":{"footnotes":""},"categories":[39],"tags":[],"class_list":{"0":"post-11187","1":"post","2":"type-post","3":"status-publish","4":"format-standard","5":"has-post-thumbnail","7":"category-daxuyani"},"_links":{"self":[{"href":"https:\/\/ypjrojava.net\/index.php?rest_route=\/wp\/v2\/posts\/11187","targetHints":{"allow":["GET"]}}],"collection":[{"href":"https:\/\/ypjrojava.net\/index.php?rest_route=\/wp\/v2\/posts"}],"about":[{"href":"https:\/\/ypjrojava.net\/index.php?rest_route=\/wp\/v2\/types\/post"}],"author":[{"embeddable":true,"href":"https:\/\/ypjrojava.net\/index.php?rest_route=\/wp\/v2\/users\/1"}],"replies":[{"embeddable":true,"href":"https:\/\/ypjrojava.net\/index.php?rest_route=%2Fwp%2Fv2%2Fcomments&post=11187"}],"version-history":[{"count":2,"href":"https:\/\/ypjrojava.net\/index.php?rest_route=\/wp\/v2\/posts\/11187\/revisions"}],"predecessor-version":[{"id":11189,"href":"https:\/\/ypjrojava.net\/index.php?rest_route=\/wp\/v2\/posts\/11187\/revisions\/11189"}],"wp:featuredmedia":[{"embeddable":true,"href":"https:\/\/ypjrojava.net\/index.php?rest_route=\/wp\/v2\/media\/13342"}],"wp:attachment":[{"href":"https:\/\/ypjrojava.net\/index.php?rest_route=%2Fwp%2Fv2%2Fmedia&parent=11187"}],"wp:term":[{"taxonomy":"category","embeddable":true,"href":"https:\/\/ypjrojava.net\/index.php?rest_route=%2Fwp%2Fv2%2Fcategories&post=11187"},{"taxonomy":"post_tag","embeddable":true,"href":"https:\/\/ypjrojava.net\/index.php?rest_route=%2Fwp%2Fv2%2Ftags&post=11187"}],"curies":[{"name":"wp","href":"https:\/\/api.w.org\/{rel}","templated":true}]}}