{"id":11200,"date":"2022-05-28T06:13:46","date_gmt":"2022-05-28T06:13:46","guid":{"rendered":"https:\/\/ypjrojava.net\/?p=11200"},"modified":"2022-05-28T09:00:04","modified_gmt":"2022-05-28T09:00:04","slug":"ji-gele-me-u-raya-gisti-re-7","status":"publish","type":"post","link":"https:\/\/ypjrojava.net\/?p=11200","title":{"rendered":"Ji Gel\u00ea Me \u00fb Raya Gi\u015ft\u00ee Re!"},"content":{"rendered":"<p><strong>\u00a0<\/strong><\/p>\n<p>&nbsp;<\/p>\n<p>\u015eore\u015fa Rojava a ku bi ked \u00fb teko\u015f\u00eena hezaran jinan p\u00eak hat bi berd\u00eal\u00ean giran ve xwe saz kir, mezin b\u00fb, nav \u00fb deng b\u00fb \u00fb giha\u015fte hem\u00fb jin\u00ean c\u00eehan\u00ea. Ev \u015fore\u015f bi xw\u00eena hezaran \u015feh\u00eedan p\u00eak hat ku em her dem deyndar\u00ea \u015feh\u00eedan e. Em di salvegera \u015fehadeta 9\u2019em\u00een de hevr\u00ea Silava \u00fb B\u00ear\u00eevan ku \u015feh\u00eed\u00ean me y\u00ean destp\u00eak\u00ea ne bib\u00eert\u00eenin. Meha Gulan\u00ea ku ji bo teko\u015f\u00eena gel\u00ea Kurd meha \u015feh\u00eedan e, em hem\u00fb \u015feh\u00eed\u00ean meha Gulan\u00ea, di \u015fexs\u00ea jin\u00ean \u015fore\u015fger \u00ean p\u00ea\u015feng Leyla Qasim, \u015eirin Elemhuli \u00fb Gurbet Ayd\u0131n de hem\u00fb \u015feh\u00eed\u00ean t\u00eako\u015f\u00eena azadiy\u00ea, \u015fore\u015fa Rojava bib\u00eert\u00eenin li hember b\u00eeran\u00eena wan soza parastin \u00fb mezinkirina \u015fore\u015f\u00ea didin. \u00db em dib\u00eajin h\u00eaz\u00ean YPJ\u2019\u00ea bi ked \u00fb teko\u015f\u00eena \u015feh\u00eedan giha\u015fte roja \u00eero.<\/p>\n<p>Li ser axa Rojhilata Nav\u00een ku nasnameya jin\u00ea ji hol\u00ea hatib\u00fb rakirin de bi \u015fore\u015fa Rojava \u00fb bi p\u00ea\u015fengiya hevr\u00ea Silava \u00fb B\u00ear\u00eevanan bi w\u00earek\u00ee, bawer\u00ee \u00fb v\u00eeneke mezin ve ji n\u00fb de jin\u00ea nasnameya xwe bidestxist, teko\u015f\u00eena azadiy\u00ea de h\u00eaz \u00fb v\u00eena xwe d\u00eet \u00fb ev cewher di axa Rojava de di nava hem\u00fb jin\u00ean Kurd, Ermen, As\u00fbr \u00fb Suryanan de ber bi Bak\u00fbr \u00fb Rojhilat\u00ea S\u00fbr\u00ee ve di nava jin\u00ean Ereb de kelecana azadiy\u00ea ava kir. \u00db art\u00ea\u015fa YPJ\u2019\u00ea bi v\u00ea h\u00eem\u00ea paradigmaya netewa demokratik ava kir giha\u015fte jin\u00ean c\u00eehan\u00ea \u00fb bi dehan \u015fervan\u00ean Enternasyonalist j\u00ee heb\u00fbna xwe di nava YPJ\u2019\u00ea de d\u00eet \u00fb wisa tevl\u00ee b\u00fbn.<\/p>\n<p>Hevr\u00ea Silava Efr\u00een \u00fb B\u00ear\u00eevan Qelender ku ji bajar\u00ea Efr\u00een\u00ea ne di destp\u00eaka \u015fore\u015fa Rojava de b\u00eateredut, bi idda \u00fb biryardariya serkeftin\u00ea tevl\u00ee \u015fore\u015fa Rojava b\u00fbn.\u00a0 Bi ked \u00fb fedekariya b\u00eas\u00eenor \u00fb bi baweriya \u015fore\u015f \u00fb azadiy\u00ea b\u00fbne p\u00ea\u015feng\u00ean \u015fore\u015fa Rojava. Di sala 2013\u2019an de li hember \u00ear\u00ee\u015fa \u00e7etey\u00ean dixwastin Efr\u00een\u00ea dagirbikin, li berxwedan, \u00e7eper bi \u00e7eper axa welat\u00ea xwe parastin, t\u00eako\u015fiyan. Hevr\u00ea B\u00ear\u00eevan 28\u2019\u00ea Gulan\u00ea de, Hevr\u00ea Silava di 29\u2019\u00ea Gulana 2013\u2019an de \u015feh\u00eed b\u00fb. \u015eehadeta wan ji bo me b\u00fb h\u00earsa mezin kirin \u00fb xurtkirina teko\u015f\u00eena azadiy\u00ea \u00fb bi v\u00ee away\u00ee di sala 10\u2019em\u00een a \u015fore\u015fa Rojava de h\u00eaz\u00ean YPJ\u2019\u00ea di ronahiya felsefeya azadiy\u00ea de art\u00ea\u015feke ji hem\u00fb deman z\u00eadetir bi h\u00eaz \u00fb xurt e.<\/p>\n<p>Roja \u00eero ku ji bo gel\u00ea me \u00fb gel\u00ea her\u00eam\u00ea xwed\u00ee serdemeke d\u00eerok\u00ee ye weke YPJ\u2019\u00ea erk \u00fb berpirsyariya me j\u00ee gir\u00eeng in \u00fb em bi v\u00ea b\u00eer \u00fb zaneb\u00fbn\u00ea hewl didin ku di r\u00eaya \u015feh\u00eed\u00ean me diyar kiriye de b\u00eateredut bime\u015fin. Em\u00ea li hember gef\u00ean li ser \u015fore\u015fa xwe \u00fb her cure \u00ear\u00ee\u015fan tu caran pa\u015fde gav neav\u00eajin \u00fb z\u00eadetir t\u00eako\u015f\u00eena xwe ya azadiy\u00ea bilindtir bikin. Em careke din di \u015fexs\u00ea hevr\u00ea B\u00ear\u00eevan \u00fb Silava de soz didin hem\u00fb \u015feh\u00eed\u00ean xwe em dib\u00eajin em\u00ea \u015fore\u015fa xwe mezin bikin, bipar\u00eazin.<\/p>\n<p><strong>Fermandariya Gi\u015ft\u00ee a YPJ\u2019\u00ea<\/strong><\/p>\n<p><strong>28.05.2022<\/strong><\/p>\n<p>&nbsp;<\/p>\n<p>&nbsp;<\/p>\n","protected":false},"excerpt":{"rendered":"<p>\u00a0 &nbsp; \u015eore\u015fa Rojava a ku bi ked \u00fb teko\u015f\u00eena hezaran jinan p\u00eak hat bi berd\u00eal\u00ean giran ve xwe saz kir, mezin b\u00fb, nav \u00fb deng b\u00fb \u00fb giha\u015fte hem\u00fb jin\u00ean c\u00eehan\u00ea. Ev \u015fore\u015f bi xw\u00eena hezaran \u015feh\u00eedan p\u00eak hat ku em her dem deyndar\u00ea \u015feh\u00eedan e. Em di salvegera \u015fehadeta 9\u2019em\u00een de hevr\u00ea Silava [&hellip;]<\/p>\n","protected":false},"author":1,"featured_media":11201,"comment_status":"closed","ping_status":"closed","sticky":false,"template":"","format":"standard","meta":{"footnotes":""},"categories":[39],"tags":[],"class_list":{"0":"post-11200","1":"post","2":"type-post","3":"status-publish","4":"format-standard","5":"has-post-thumbnail","7":"category-daxuyani"},"_links":{"self":[{"href":"https:\/\/ypjrojava.net\/index.php?rest_route=\/wp\/v2\/posts\/11200","targetHints":{"allow":["GET"]}}],"collection":[{"href":"https:\/\/ypjrojava.net\/index.php?rest_route=\/wp\/v2\/posts"}],"about":[{"href":"https:\/\/ypjrojava.net\/index.php?rest_route=\/wp\/v2\/types\/post"}],"author":[{"embeddable":true,"href":"https:\/\/ypjrojava.net\/index.php?rest_route=\/wp\/v2\/users\/1"}],"replies":[{"embeddable":true,"href":"https:\/\/ypjrojava.net\/index.php?rest_route=%2Fwp%2Fv2%2Fcomments&post=11200"}],"version-history":[{"count":3,"href":"https:\/\/ypjrojava.net\/index.php?rest_route=\/wp\/v2\/posts\/11200\/revisions"}],"predecessor-version":[{"id":11206,"href":"https:\/\/ypjrojava.net\/index.php?rest_route=\/wp\/v2\/posts\/11200\/revisions\/11206"}],"wp:featuredmedia":[{"embeddable":true,"href":"https:\/\/ypjrojava.net\/index.php?rest_route=\/wp\/v2\/media\/11201"}],"wp:attachment":[{"href":"https:\/\/ypjrojava.net\/index.php?rest_route=%2Fwp%2Fv2%2Fmedia&parent=11200"}],"wp:term":[{"taxonomy":"category","embeddable":true,"href":"https:\/\/ypjrojava.net\/index.php?rest_route=%2Fwp%2Fv2%2Fcategories&post=11200"},{"taxonomy":"post_tag","embeddable":true,"href":"https:\/\/ypjrojava.net\/index.php?rest_route=%2Fwp%2Fv2%2Ftags&post=11200"}],"curies":[{"name":"wp","href":"https:\/\/api.w.org\/{rel}","templated":true}]}}