{"id":11219,"date":"2022-06-05T05:26:03","date_gmt":"2022-06-05T05:26:03","guid":{"rendered":"https:\/\/ypjrojava.net\/?p=11219"},"modified":"2022-06-28T06:52:20","modified_gmt":"2022-06-28T06:52:20","slug":"ji-gele-me-u-raya-gisti-re-8","status":"publish","type":"post","link":"https:\/\/ypjrojava.net\/?p=11219","title":{"rendered":"Ji Gel\u00ea Me \u00fb Raya Gi\u015ft\u00ee Re!"},"content":{"rendered":"<p>&nbsp;<\/p>\n<p>Dewleta Tirk a \u00e7ete \u00fb dagirker bi awayek\u00ea b\u00eanevaber \u00fb hovane \u00ear\u00ee\u015f\u00ea Kurdistan \u00fb war\u00ea \u015fore\u015f\u00ea Rojava dike. Dewleta Tirk a \u00e7ete \u00fb dagirker ji bo p\u00ea\u015fiya t\u00eak\u00e7\u00fbna dasthilatiya xwe bigre van \u00ear\u00ee\u015fan li ber \u00e7av\u00ean hem\u00fb h\u00eaz\u00ean navnetew\u00ee b\u00eaperwa didom\u00eene. \u015eore\u015fa Rojava ya ku di p\u00ea\u015fengtiya h\u00eaz \u00fb v\u00eena jinan de p\u00eak hat \u00fb hem\u00fb mirovah\u00ee ji \u00e7etey\u00ean DA\u0130\u015e rizgarkir her dem b\u00fbye hedefa \u00ear\u00ee\u015f\u00ean dewleta Tirk a dagirker l\u00ea weke h\u00eaz\u00ean YPJ\u2019\u00ea em\u00ea li hember van gef \u00fb \u00ear\u00ee\u015fan b\u00eadeng neminin \u00fb ji \u00eedda \u00fb biryardariya xwe ya parastin \u00fb mezinkirina \u015fore\u015f\u00ea pa\u015f de gav neav\u00eajin.<img loading=\"lazy\" decoding=\"async\" class=\"size-medium wp-image-11220 alignleft\" src=\"https:\/\/ypjrojava.net\/wp-content\/uploads\/2022\/06\/IMG_2123-2-200x300.jpg\" alt=\"\" width=\"200\" height=\"300\" srcset=\"https:\/\/ypjrojava.net\/wp-content\/uploads\/2022\/06\/IMG_2123-2-200x300.jpg 200w, https:\/\/ypjrojava.net\/wp-content\/uploads\/2022\/06\/IMG_2123-2-683x1024.jpg 683w, https:\/\/ypjrojava.net\/wp-content\/uploads\/2022\/06\/IMG_2123-2-768x1152.jpg 768w, https:\/\/ypjrojava.net\/wp-content\/uploads\/2022\/06\/IMG_2123-2-1024x1536.jpg 1024w, https:\/\/ypjrojava.net\/wp-content\/uploads\/2022\/06\/IMG_2123-2-1365x2048.jpg 1365w, https:\/\/ypjrojava.net\/wp-content\/uploads\/2022\/06\/IMG_2123-2-scaled.jpg 1707w\" sizes=\"auto, (max-width: 200px) 100vw, 200px\" \/><\/p>\n<p>Di 30\u2019y\u00ea Gulan\u00ea de dewleta Tirk a \u00e7ete \u00fb dagirker li Qami\u015flo bi balafira b\u00eamirov \u00ear\u00ee\u015f\u00ea seyareyek\u00ea kir di v\u00ea buyer\u00ea de Hevala me Mizg\u00een Botan \u00fb welatpar\u00eaz\u00ea me y\u00ea h\u00eaja Kesra Melek \u015feh\u00eed b\u00fbn. Hevala me Dicle C\u00fbd\u00ee \u00fb H\u00eav\u00eedar Dirbesiy\u00ea bir\u00eendar b\u00fbn. Em ji malbata hevr\u00ea Mizg\u00een Botan \u00fb Kesra Melek re sersaxiy\u00ea dixwazin \u00fb em careke din ji hem\u00fb heval\u00ean xwe y\u00ea \u015feh\u00eed re soz didin ku em\u00ea armanc\u00ean ku wan di oxira w\u00ea de can\u00ea xwe feda kirin p\u00eak b\u00eenin \u00fb em hevr\u00eay\u00ean xwe Dicle C\u00fbd\u00ee \u00fb H\u00eav\u00eedar Dirbesiy\u00ea re \u015fifa dixwazin.<\/p>\n<p>Hevr\u00ea Mizg\u00een Botan bi nasnav Rahime Xezal\u00ee di p\u00eavajoya \u015fer\u00ea giran \u00ea li Rojava de li ser bangawaziya seferberiy\u00ea tevl\u00ee ref\u00ean YPJ\u2019\u00ea dibe. Hevr\u00ea Mizg\u00een Botan a bi esl\u00ea xwe ji bajar\u00ea Salmas a Rojhilat\u00ea Kurdistan\u00ea ye di nava malbateke welatpar\u00eaz de mezin dibe. Bi v\u00ea hezkirina welat her dem bi l\u00eager\u00eena welat\u00ea azad \u00fb jiyana azad mezin dibe. Dema ku \u015fore\u015fa Rojava p\u00eak t\u00ea hevr\u00ea Mizg\u00een k\u00eafxwe\u015f\u00ee \u00fb kelecaneke mezin dij\u00ee \u00fb p\u00eavajoya ku \u00e7etey\u00ean DA\u0130\u015e bi dijwar\u00ee\u00a0 \u00ear\u00ee\u015f\u00ea Rojava dike hevr\u00ea Mizg\u00een weke seferber\u00ee ber\u00ea xwe dide Rojava y\u00ea welat\u00ea xwe \u00fb wisa cih\u00ea xwe di nava \u015fore\u015f\u00ea de digre. Hevr\u00ea Mizg\u00een her dem di her \u00e7epera ku t\u00ea de berxwedan heb\u00fbye daxwaziya cih\u00ea xwe t\u00ea te girtin\u00ea diyar kiriye. Hevr\u00ea Mizg\u00een di nava \u015fore\u015fa Rojava de bi biryardariya azadiy\u00ea \u00fb daneheva ku di \u015fer\u00ea Rojava de derketiye p\u00ea\u015f bi raman\u00ean jin \u00ea afir\u00eener \u00fb bi idda xwe p\u00ea\u015f dixe. Dibe parazvan \u00fb p\u00ea\u015fengeke birdoziya rizgariya jin a ku xeta azadiy\u00ea xurt dike, dibe xwed\u00ee jiyaneke bi rih\u00ea hevr\u00eatiya mezin \u00fb watedar.<\/p>\n<p>Weke h\u00eaz\u00ean YPJ\u2019\u00ea em ji malbata Hevr\u00ea Mizg\u00een re sersaxiy\u00ea dixwazin em dib\u00eajin tolgirtina \u015feh\u00eedan erk\u00ea me y\u00ea hevr\u00eatiy\u00ea ye li ser v\u00ea bingeh\u00ea w\u00ea tola hevr\u00ea Mizg\u00een \u00fb hem\u00fb \u015feh\u00eedan were girtin. Hevr\u00ea Mizg\u00een \u00e7awa ku ji bo parastin \u00fb mezin kirina \u015fore\u015fa Rojava bi rihek\u00ea fedakar \u015fer kir, berxweda weke hevr\u00eay\u00ean w\u00ea em\u00ea j\u00ee, tu gef\u00ean li ser axa xwe, \u015fore\u015fa xwe \u00fb heb\u00fbna xwe nepejir\u00eenin \u00fb em\u00ea li hember her cure gef \u00fb \u00ear\u00ee\u015fan li berxwe bidin, welat\u00ea xwe bipar\u00eazin. Di v\u00ea p\u00eavajoya ku gef \u00fb \u00ear\u00ee\u015f\u00ean giran li ser ax \u00fb gel\u00ea me t\u00ea jiyan kirin de div\u00ea gel\u00ea me ji her dem\u00ea z\u00eadetir bi erka xwe ya welatperwer\u00ee rabin. T\u00eakbirina dagirker\u00ee \u00fb \u00ear\u00ee\u015fan bi \u015fer\u00ea gel\u00ea \u015fore\u015fger\u00ee xwed\u00ee derketina \u015fore\u015fa ve w\u00ea p\u00eak were.<\/p>\n<p><img loading=\"lazy\" decoding=\"async\" class=\"size-medium wp-image-11210 alignleft\" src=\"https:\/\/ypjrojava.net\/wp-content\/uploads\/2022\/06\/sehid-mizgin-botan-224x300.png\" alt=\"\" width=\"224\" height=\"300\" srcset=\"https:\/\/ypjrojava.net\/wp-content\/uploads\/2022\/06\/sehid-mizgin-botan-224x300.png 224w, https:\/\/ypjrojava.net\/wp-content\/uploads\/2022\/06\/sehid-mizgin-botan-766x1024.png 766w, https:\/\/ypjrojava.net\/wp-content\/uploads\/2022\/06\/sehid-mizgin-botan-768x1027.png 768w, https:\/\/ypjrojava.net\/wp-content\/uploads\/2022\/06\/sehid-mizgin-botan.png 849w\" sizes=\"auto, (max-width: 224px) 100vw, 224px\" \/><\/p>\n<p>Nasnav: Mizg\u00een Botan<\/p>\n<p>Nav \u00fb Pa\u015fnav: Rahime Xezali<\/p>\n<p>Nav\u00ea Day\u00eek: \u00a0Sureya<\/p>\n<p>Nav\u00ea Bav: \u0130smail<\/p>\n<p>Cih\u00ea ji Day\u00eekb\u00fbn\u00ea: 1989-Selmas<\/p>\n<p>Cih \u00fb D\u00eeroka \u015fehadete: Qami\u015flo-30.05.2022<\/p>\n<p>&nbsp;<\/p>\n<p>&nbsp;<\/p>\n<p style=\"text-align: right;\"><strong>Fermandariya Gi\u015ft\u00ee a YPJ\u2019\u00ea<\/strong><\/p>\n<p style=\"text-align: right;\"><strong>02.06.2022<\/strong><\/p>\n<p><strong>\u00a0<\/strong><\/p>\n<p>&nbsp;<\/p>\n<p>&nbsp;<\/p>\n<p>&nbsp;<\/p>\n","protected":false},"excerpt":{"rendered":"<p>&nbsp; Dewleta Tirk a \u00e7ete \u00fb dagirker bi awayek\u00ea b\u00eanevaber \u00fb hovane \u00ear\u00ee\u015f\u00ea Kurdistan \u00fb war\u00ea \u015fore\u015f\u00ea Rojava dike. Dewleta Tirk a \u00e7ete \u00fb dagirker ji bo p\u00ea\u015fiya t\u00eak\u00e7\u00fbna dasthilatiya xwe bigre van \u00ear\u00ee\u015fan li ber \u00e7av\u00ean hem\u00fb h\u00eaz\u00ean navnetew\u00ee b\u00eaperwa didom\u00eene. \u015eore\u015fa Rojava ya ku di p\u00ea\u015fengtiya h\u00eaz \u00fb v\u00eena jinan de p\u00eak hat [&hellip;]<\/p>\n","protected":false},"author":1,"featured_media":11221,"comment_status":"closed","ping_status":"closed","sticky":false,"template":"","format":"standard","meta":{"footnotes":""},"categories":[39],"tags":[],"class_list":{"0":"post-11219","1":"post","2":"type-post","3":"status-publish","4":"format-standard","5":"has-post-thumbnail","7":"category-daxuyani"},"_links":{"self":[{"href":"https:\/\/ypjrojava.net\/index.php?rest_route=\/wp\/v2\/posts\/11219","targetHints":{"allow":["GET"]}}],"collection":[{"href":"https:\/\/ypjrojava.net\/index.php?rest_route=\/wp\/v2\/posts"}],"about":[{"href":"https:\/\/ypjrojava.net\/index.php?rest_route=\/wp\/v2\/types\/post"}],"author":[{"embeddable":true,"href":"https:\/\/ypjrojava.net\/index.php?rest_route=\/wp\/v2\/users\/1"}],"replies":[{"embeddable":true,"href":"https:\/\/ypjrojava.net\/index.php?rest_route=%2Fwp%2Fv2%2Fcomments&post=11219"}],"version-history":[{"count":1,"href":"https:\/\/ypjrojava.net\/index.php?rest_route=\/wp\/v2\/posts\/11219\/revisions"}],"predecessor-version":[{"id":11222,"href":"https:\/\/ypjrojava.net\/index.php?rest_route=\/wp\/v2\/posts\/11219\/revisions\/11222"}],"wp:featuredmedia":[{"embeddable":true,"href":"https:\/\/ypjrojava.net\/index.php?rest_route=\/wp\/v2\/media\/11221"}],"wp:attachment":[{"href":"https:\/\/ypjrojava.net\/index.php?rest_route=%2Fwp%2Fv2%2Fmedia&parent=11219"}],"wp:term":[{"taxonomy":"category","embeddable":true,"href":"https:\/\/ypjrojava.net\/index.php?rest_route=%2Fwp%2Fv2%2Fcategories&post=11219"},{"taxonomy":"post_tag","embeddable":true,"href":"https:\/\/ypjrojava.net\/index.php?rest_route=%2Fwp%2Fv2%2Ftags&post=11219"}],"curies":[{"name":"wp","href":"https:\/\/api.w.org\/{rel}","templated":true}]}}