{"id":1381,"date":"2019-04-02T07:20:40","date_gmt":"2019-04-02T07:20:40","guid":{"rendered":"http:\/\/ypjrojava.org\/blog43\/?p=1381"},"modified":"2022-06-19T14:06:18","modified_gmt":"2022-06-19T14:06:18","slug":"ekin-medya-mamo","status":"publish","type":"post","link":"https:\/\/ypjrojava.net\/?p=1381","title":{"rendered":"EK\u00ceN EFR\u00ceN &#8211; MEDYA MAMO"},"content":{"rendered":"<p style=\"text-align: left;\"><strong><img loading=\"lazy\" decoding=\"async\" class=\"size-medium wp-image-13706 alignleft\" src=\"https:\/\/ypjrojava.net\/wp-content\/uploads\/2019\/04\/Ekin-Efrin-Medya-Mamo.-jpg-1-215x300.jpg\" alt=\"\" width=\"215\" height=\"300\" srcset=\"https:\/\/ypjrojava.net\/wp-content\/uploads\/2019\/04\/Ekin-Efrin-Medya-Mamo.-jpg-1-215x300.jpg 215w, https:\/\/ypjrojava.net\/wp-content\/uploads\/2019\/04\/Ekin-Efrin-Medya-Mamo.-jpg-1.jpg 261w\" sizes=\"auto, (max-width: 215px) 100vw, 215px\" \/>Nav \u00fb Pa\u015fnav:<\/strong> EK\u00ceN EFR\u00ceN<br \/>\n<strong>Nav\u00ea Rast \u00fb Pa\u015fnav:<\/strong> MEDYA MAMO<br \/>\n<strong>Nav\u00ea Dayik:<\/strong> SED\u00ceQE<br \/>\n<strong>Nav\u00ea Bav:<\/strong> MIHEMED<br \/>\n<strong>Cih \u00fb Diroka \u015eehadet\u00ea: <\/strong>12.09.2015\/ EFR\u00ceN<\/p>\n<p>&nbsp;<\/p>\n<p>&nbsp;<\/p>\n<p>&nbsp;<\/p>\n<p>&nbsp;<\/p>\n<p>&nbsp;<\/p>\n<p>&nbsp;<\/p>\n<p>&nbsp;<\/p>\n<p><img loading=\"lazy\" decoding=\"async\" class=\"alignnone size-medium wp-image-13707\" src=\"https:\/\/ypjrojava.net\/wp-content\/uploads\/2019\/04\/Ekin-Efrin-Medya-Mamo.-jpg-2-180x300.jpg\" alt=\"\" width=\"180\" height=\"300\" srcset=\"https:\/\/ypjrojava.net\/wp-content\/uploads\/2019\/04\/Ekin-Efrin-Medya-Mamo.-jpg-2-180x300.jpg 180w, https:\/\/ypjrojava.net\/wp-content\/uploads\/2019\/04\/Ekin-Efrin-Medya-Mamo.-jpg-2-616x1024.jpg 616w, https:\/\/ypjrojava.net\/wp-content\/uploads\/2019\/04\/Ekin-Efrin-Medya-Mamo.-jpg-2-768x1277.jpg 768w, https:\/\/ypjrojava.net\/wp-content\/uploads\/2019\/04\/Ekin-Efrin-Medya-Mamo.-jpg-2-924x1536.jpg 924w, https:\/\/ypjrojava.net\/wp-content\/uploads\/2019\/04\/Ekin-Efrin-Medya-Mamo.-jpg-2.jpg 1232w\" sizes=\"auto, (max-width: 180px) 100vw, 180px\" \/><\/p>\n","protected":false},"excerpt":{"rendered":"<p>Nav \u00fb Pa\u015fnav: EK\u00ceN EFR\u00ceN Nav\u00ea Rast \u00fb Pa\u015fnav: MEDYA MAMO Nav\u00ea Dayik: SED\u00ceQE Nav\u00ea Bav: MIHEMED Cih \u00fb Diroka \u015eehadet\u00ea: 12.09.2015\/ EFR\u00ceN &nbsp; &nbsp; &nbsp; &nbsp; &nbsp; &nbsp; &nbsp;<\/p>\n","protected":false},"author":1,"featured_media":13706,"comment_status":"closed","ping_status":"closed","sticky":false,"template":"","format":"standard","meta":{"footnotes":""},"categories":[53,50],"tags":[],"class_list":{"0":"post-1381","1":"post","2":"type-post","3":"status-publish","4":"format-standard","5":"has-post-thumbnail","7":"category-53","8":"category-sahid"},"_links":{"self":[{"href":"https:\/\/ypjrojava.net\/index.php?rest_route=\/wp\/v2\/posts\/1381","targetHints":{"allow":["GET"]}}],"collection":[{"href":"https:\/\/ypjrojava.net\/index.php?rest_route=\/wp\/v2\/posts"}],"about":[{"href":"https:\/\/ypjrojava.net\/index.php?rest_route=\/wp\/v2\/types\/post"}],"author":[{"embeddable":true,"href":"https:\/\/ypjrojava.net\/index.php?rest_route=\/wp\/v2\/users\/1"}],"replies":[{"embeddable":true,"href":"https:\/\/ypjrojava.net\/index.php?rest_route=%2Fwp%2Fv2%2Fcomments&post=1381"}],"version-history":[{"count":6,"href":"https:\/\/ypjrojava.net\/index.php?rest_route=\/wp\/v2\/posts\/1381\/revisions"}],"predecessor-version":[{"id":13708,"href":"https:\/\/ypjrojava.net\/index.php?rest_route=\/wp\/v2\/posts\/1381\/revisions\/13708"}],"wp:featuredmedia":[{"embeddable":true,"href":"https:\/\/ypjrojava.net\/index.php?rest_route=\/wp\/v2\/media\/13706"}],"wp:attachment":[{"href":"https:\/\/ypjrojava.net\/index.php?rest_route=%2Fwp%2Fv2%2Fmedia&parent=1381"}],"wp:term":[{"taxonomy":"category","embeddable":true,"href":"https:\/\/ypjrojava.net\/index.php?rest_route=%2Fwp%2Fv2%2Fcategories&post=1381"},{"taxonomy":"post_tag","embeddable":true,"href":"https:\/\/ypjrojava.net\/index.php?rest_route=%2Fwp%2Fv2%2Ftags&post=1381"}],"curies":[{"name":"wp","href":"https:\/\/api.w.org\/{rel}","templated":true}]}}