{"id":14895,"date":"2022-07-19T07:07:03","date_gmt":"2022-07-19T07:07:03","guid":{"rendered":"https:\/\/ypjrojava.net\/?p=14895"},"modified":"2022-07-22T12:08:57","modified_gmt":"2022-07-22T12:08:57","slug":"soresa-me-di-sala-xwe-ya-10emin-de-zedetir-bi-biryar-u-bi-hez-e","status":"publish","type":"post","link":"https:\/\/ypjrojava.net\/?p=14895","title":{"rendered":"\u015eore\u015fa Me Di Sala Xwe Ya 10\u2019em\u00een De Z\u00eadetir Bi Biryar \u00db Bi H\u00eaz E"},"content":{"rendered":"<p><strong>\u00a0 \u00a0 \u00a0 \u00a0 \u00a0 \u00a0 \u00a0 \u00a0 \u00a0 \u00a0<\/strong><\/p>\n<p><strong>Ji Gel\u00ea Me \u00fb Raya Gi\u015ft\u00ee Re!<\/strong><\/p>\n<p>Em salvegera 10\u2019em\u00een a \u015eore\u015fa Rojava ser\u00ee de li R\u00eaber APO, \u015feh\u00eed\u00ean xwe, gaziy\u00ean \u015fore\u015f\u00ea, berxwed\u00ear\u00ean zindana, malbat\u00ean \u015feh\u00eedan, li gel\u00ea Rojava \u00fb Bak\u00fbr \u00fb Rojhilat\u00ea S\u00fbr\u00ee \u00fb li hem\u00fb gel\u00ean azad\u00eexwaz p\u00eeroz dikin. 19\u2019\u00ea T\u00eermeh\u00ea di sedsala 21\u2019em\u00een de li hember\u00ee dagirker\u00ee, met\u00eenger\u00ee, b\u00eaedalet\u00ee \u00fb newekheviy\u00ea q\u00ear\u00eena jin, ciwan \u00fb tevahiya civak\u00ea ye. \u015eore\u015fa 19\u2019\u00ea T\u00eermeh\u00ea a ku xwe disp\u00eare d\u00eeroka berxwed\u00ear a gel\u00ea Kurd \u00eefadeya \u00eedd\u00eea \u00fb biryardariya\u00a0 azadiya gelan e. Ev \u015fore\u015fa\u00a0 ku jinan p\u00ea\u015fengtiya w\u00ea kirin li ser erdn\u00eegariya Bak\u00fbr \u00fb Rojhilat\u00ea S\u00fbr\u00ee jiyaneke n\u00fb afirand.<\/p>\n<p>Serhildan\u00ean gel\u00ea Kurd \u00ean ku bi sedsalan n\u00eev\u00e7o mab\u00fbn \u00ead\u00ee r\u00eaya serkeftin\u00ea di ronahiya fikir \u00fb raman\u00ean R\u00eaber APO de d\u00eetin \u00fb bi b\u00eer \u00fb baweriya fikr\u00ea netewa demokratik \u00fb ji Koban\u00ea heta Efr\u00een, D\u00earik \u00fb Qami\u015flo ala serxweb\u00fbn\u00ea hate bilind kirin \u00fb di nava 10 salan de ruxm\u00ea hem\u00fb \u00ear\u00ee\u015f\u00ean siyas\u00ee, le\u015fkeri \u00fb abor\u00ee li berxweda \u00fb xurt b\u00fb. \u015eore\u015fa d\u00eerok\u00ee a 19\u2019\u00ea T\u00eermeh\u00ea berhema R\u00eaber\u00ea Gelan Abdullah Ocelan e. R\u00eaber APO bi ked \u00fb teko\u015f\u00eeneke b\u00eahempa gel\u00ea Rojavay\u00ea Kurdistan\u00ea r\u00eaxistin kir \u00fb \u00eero j\u00ee ev keda ku hate day\u00een xwe bi pergala R\u00eaveberiya Xweser xwe bi ceste kiriye. Afir\u00eener\u00ea jiyana kom\u00eenal \u00fb demokratik R\u00eaber APO h\u00eaz \u00fb baweriya jiyaneke azad ji bo tevah\u00ee c\u00eehan\u00ea careke din \u015f\u00een kir.<\/p>\n<p>Teko\u015f\u00een \u00fb berxwedaniya jinan li hember\u00ee desthildariy\u00ean hey\u00ee di hem\u00fb \u015fore\u015fan de ciheke gir\u00eeng girtiye. Ji \u015feh\u00eed\u00ean me y\u00ean destp\u00eak\u00ea Silava, B\u00ear\u00eevan, Ruksen, J\u00eenda, \u00d6zg\u00fcr heya day\u00eek\u00ean me y\u00ean fedakar Yad\u00ea Gul\u00ea, Yad\u00ea Eq\u00eede jin\u00ean teko\u015fer Heb\u00fbn, Zehra, Am\u00eena, Hind \u00fb Saada d\u00eesa \u015feh\u00eed\u00ean Enternasyonal L\u00eager\u00een (Alina Sanchez), H\u00eal\u00een (Anna Campbell), Ava\u015f\u00een (\u0130vana Hoffman), Sarya Bulut, Ceren G\u00fcne\u015f jin\u00ean ku di v\u00ea \u015fore\u015f\u00ea de berd\u00eal dan \u00fb can\u00ea xwe fedakirin. B\u00eaguman ev \u015fore\u015f bi keda van jinan \u00fb bi keda gel\u00ea me p\u00eak hat. D\u00eesa kedeke mezin a heval Hevr\u00een \u00fb heval Ferhat div\u00ea \u015fore\u015f\u00ea de heye ku hem\u00fb temen\u00ea xwe de ji bo \u015fore\u015f\u00ea kar kirin, \u015fore\u015f mezin kirin \u00fb \u015fore\u015f giha\u015fte 10 saliya xwe.<\/p>\n<p>Di salvegera \u015eore\u015fa 19\u2019\u00ea T\u00eermeh\u00ea de em ji hem\u00fb gel\u00ea p\u00eakhatey\u00ean Rojava, Bak\u00fbr \u00fb Rojhilat\u00ea S\u00fbr\u00ee re dib\u00eajin \u00e7awa jin \u00fb gel\u00ea me destp\u00eaka \u015fore\u015f\u00ea de ked dan, div\u00ea \u00eero j\u00ee weke p\u00eangava me ya \u015fore\u015f\u00ea a duyem\u00een ku em dib\u00eajin p\u00eangava in\u015fa \u00fb parastina \u015fore\u015f\u00ea, hem\u00fb p\u00eakhate xwed\u00ee \u015fore\u015fa xwe derbikevin, dibe ku roja \u00eero gir\u00eaday\u00ee rew\u015fa abor\u00ee hinek \u015fert \u00fb merc\u00ean zehmet, herwiha pirsgir\u00eak\u00ean civak\u00ee hebin, l\u00ea her roj \u00ear\u00ee\u015f\u00ean qirkirin\u00ea li ser her\u00eam\u00ea t\u00ea me\u015fandin \u00fb dixwazin \u015fore\u015fa me ji hol\u00ea rabikin. Ji ber v\u00ea yek\u00ea di p\u00eavajoyeke wisa de em hem\u00fb pirsgir\u00eak\u00ean xwe bidin milek\u00ea \u00fb div\u00ea hem\u00fb gel\u00ea me y\u00ea Kurd, Ereb, Suryan, Ermen derdora \u015fore\u015fa xwe bibin yek, li hember \u00ear\u00ee\u015f\u00ean dagirkeriy\u00ea nan \u00fb ava xwe amade bikin \u00fb xwe di der\u00ean bin erd de bi cih bikin, al\u00eekariya \u015fervan\u00ean xwe bikin \u00fb xwe j\u00ee ji \u015fer re amade bikin. \u00c7awa ku dema ev \u00e7ir\u00fbska \u015fore\u015f\u00ea ji aliy\u00ea gel\u00ea her\u00eam\u00ea ve hate p\u00ea\u015fxistin hem\u00fb gel\u00ea azad\u00eexwaz l\u00ea xwed\u00ee derket, p\u00eaw\u00eeste \u00eero j\u00ee li hember\u00ee her c\u00fbre gef\u00ean dagirkeriy\u00ea xwed\u00ee l\u00ea v\u00ea \u015fore\u015f\u00ea derbikevin. Xwed\u00ee derkertina \u015fore\u015fa 19\u2019\u00ea T\u00eermeh\u00ea erkeke mirovb\u00fbn\u00ea ye. Ji bo v\u00ea yek\u00ea j\u00ee me \u00e7awa bi gel\u00ea xwe re mil bi mil ev \u015fore\u015f ava kir p\u00eaw\u00eeste ji vir \u00fb \u015f\u00fbnda j\u00ee em ji bo parastina destkeftiy\u00ean \u015fore\u015f\u00ea ji v\u00ea z\u00eadetir kar \u00fb xebat bidine me\u015fandin. Di van roj\u00ean ku careke din gef\u00ean dagirkeriy\u00ea ji aliy\u00ea fa\u015f\u00eezma Erdoxan ve li ser her\u00eam\u00ean me ten\u00ea kirin de, bila hem\u00fb raya gi\u015ft\u00ee \u00fb c\u00eehan bizanibe em\u00ea bi gel\u00ea xwe re berd\u00eala w\u00ea \u00e7i dibe bila bibe axa xwe bipar\u00eazin.<\/p>\n<p>&nbsp;<\/p>\n<p>Weke YPJ hem li hember\u00ee feraseta c\u00eensiyetperez a civak\u00ee hem j\u00ee li hember\u00ee \u00ear\u00ee\u015f\u00ean dagirkeriy\u00ea teko\u015f\u00eena ku hate day\u00een di asta \u00e7awan\u00ee de ji civak\u00ean azad\u00eexwaz re b\u00fb remzeke d\u00eerok\u00ee. Weke h\u00eaz\u00ean YPJ\u2019\u00ea me \u00e7awa ji p\u00eakan\u00eena \u015fore\u015f\u00ea heya tar\u00eetiya \u00e7etey\u00ean DA\u0130\u015e ku bib\u00fb xewna bi tirs a mirovahiy\u00ea \u015fer kir em\u00ea \u00eero j\u00ee li hember hem\u00fb \u00ear\u00ee\u015f\u00ean li ser \u015fore\u015fa xwe t\u00eabiko\u015fin li berxwe bidin. Ev \u015fore\u015f berhema kedeke ku li ser ruy\u00ea c\u00eehan\u00ea tu emsal\u00ea w\u00ea n\u00eene ve p\u00eak hat, em j\u00ee hevr\u00ea \u00fb \u015fopdar\u00ean ew\u00ean ku \u015fore\u015f ava kirin in, ku niha xwed\u00ee erka xwe ya parastin \u00fb mezinkirina \u015fore\u015f\u00ea dikin. Ji ber w\u00ea j\u00ee \u00e7awa ku me bihust bi bihust li Rojava \u00fb Bak\u00fbr \u00fb Rojhilat\u00ea S\u00fbr\u00ee \u00e7eper girt \u015fore\u015f ava kir em\u00ea ji bo parastina jin, gel \u00fb \u015fore\u015fa xwe bi heman rih\u00ea berxwebidin, \u015fore\u015fa xwe mezin bikin \u00fb serbix\u00eenin.<\/p>\n<p><strong>Fermandariya Gi\u015ft\u00ee a YPJ\u2019\u00ea<\/strong><\/p>\n<p><strong>19.07.2022\u00a0 <\/strong><\/p>\n<p>&nbsp;<\/p>\n","protected":false},"excerpt":{"rendered":"<p>\u00a0 \u00a0 \u00a0 \u00a0 \u00a0 \u00a0 \u00a0 \u00a0 \u00a0 \u00a0 Ji Gel\u00ea Me \u00fb Raya Gi\u015ft\u00ee Re! Em salvegera 10\u2019em\u00een a \u015eore\u015fa Rojava ser\u00ee de li R\u00eaber APO, \u015feh\u00eed\u00ean xwe, gaziy\u00ean \u015fore\u015f\u00ea, berxwed\u00ear\u00ean zindana, malbat\u00ean \u015feh\u00eedan, li gel\u00ea Rojava \u00fb Bak\u00fbr \u00fb Rojhilat\u00ea S\u00fbr\u00ee \u00fb li hem\u00fb gel\u00ean azad\u00eexwaz p\u00eeroz dikin. 19\u2019\u00ea T\u00eermeh\u00ea di sedsala [&hellip;]<\/p>\n","protected":false},"author":1,"featured_media":14896,"comment_status":"closed","ping_status":"closed","sticky":false,"template":"","format":"standard","meta":{"footnotes":""},"categories":[39],"tags":[],"class_list":{"0":"post-14895","1":"post","2":"type-post","3":"status-publish","4":"format-standard","5":"has-post-thumbnail","7":"category-daxuyani"},"_links":{"self":[{"href":"https:\/\/ypjrojava.net\/index.php?rest_route=\/wp\/v2\/posts\/14895","targetHints":{"allow":["GET"]}}],"collection":[{"href":"https:\/\/ypjrojava.net\/index.php?rest_route=\/wp\/v2\/posts"}],"about":[{"href":"https:\/\/ypjrojava.net\/index.php?rest_route=\/wp\/v2\/types\/post"}],"author":[{"embeddable":true,"href":"https:\/\/ypjrojava.net\/index.php?rest_route=\/wp\/v2\/users\/1"}],"replies":[{"embeddable":true,"href":"https:\/\/ypjrojava.net\/index.php?rest_route=%2Fwp%2Fv2%2Fcomments&post=14895"}],"version-history":[{"count":1,"href":"https:\/\/ypjrojava.net\/index.php?rest_route=\/wp\/v2\/posts\/14895\/revisions"}],"predecessor-version":[{"id":14897,"href":"https:\/\/ypjrojava.net\/index.php?rest_route=\/wp\/v2\/posts\/14895\/revisions\/14897"}],"wp:featuredmedia":[{"embeddable":true,"href":"https:\/\/ypjrojava.net\/index.php?rest_route=\/wp\/v2\/media\/14896"}],"wp:attachment":[{"href":"https:\/\/ypjrojava.net\/index.php?rest_route=%2Fwp%2Fv2%2Fmedia&parent=14895"}],"wp:term":[{"taxonomy":"category","embeddable":true,"href":"https:\/\/ypjrojava.net\/index.php?rest_route=%2Fwp%2Fv2%2Fcategories&post=14895"},{"taxonomy":"post_tag","embeddable":true,"href":"https:\/\/ypjrojava.net\/index.php?rest_route=%2Fwp%2Fv2%2Ftags&post=14895"}],"curies":[{"name":"wp","href":"https:\/\/api.w.org\/{rel}","templated":true}]}}