{"id":15117,"date":"2022-07-25T06:27:41","date_gmt":"2022-07-25T06:27:41","guid":{"rendered":"https:\/\/ypjrojava.net\/?p=15117"},"modified":"2022-07-25T06:27:41","modified_gmt":"2022-07-25T06:27:41","slug":"sehid-jiyan-tolhildan-roj-xabur-u-barin-botan-bi-merasimeke-girseyi-hatin-oxir-kirin","status":"publish","type":"post","link":"https:\/\/ypjrojava.net\/?p=15117","title":{"rendered":"\u015eeh\u00eed Jiyan Tolhildan, Roj Xab\u00fbr \u00fb Bar\u00een Botan bi Meras\u00eemeke Girsey\u00ee Hatin Oxir Kirin"},"content":{"rendered":"<div id=\"panels\" class=\"style-scope ytd-watch-flexy\">\n<div id=\"content\" class=\"style-scope ytd-engagement-panel-section-list-renderer\">\n<div id=\"items\" class=\"style-scope ytd-structured-description-content-renderer\">\n<div id=\"content\" class=\"style-scope ytd-expander\">\n<div id=\"description\" class=\"style-scope ytd-expandable-video-description-body-renderer\">Ji Fermandar\u00ean YPJ\u2019\u00ea Jiyan Tolhildan, Roj Xab\u00fbr \u00fb Bar\u00een Botan ji aliy\u00ea balafir\u00ean b\u00ea mirov \u00ean dewleta Tirk ve di 22\u2019\u00ea T\u00eermeha 2022\u2019an de hatin \u015feh\u00eed xistin. Gel\u00ea Hesek\u00ea bi merasimeke girsey\u00ee \u015feh\u00eed\u00ean doza azadiy\u00ea p\u00ea\u015fwaz\u00ee kirin. Pi\u015ft\u00ee meras\u00eema le\u015fker\u00ee \u00fb axaftin hatine kirin, cenaz\u00ea \u015eeh\u00eed Jiyan Tolhildan \u00fb Bar\u00een Botan ber bi \u015eehba ve hatin oxir kirin. \u015eeh\u00eed Roj Xab\u00fbr j\u00ee ber bi goristana \u015e.D\u00eecle a Dirbesiy\u00ea hate oxir kirin.<\/div>\n<\/div>\n<\/div>\n<\/div>\n<div id=\"footer\" class=\"style-scope ytd-engagement-panel-section-list-renderer\"><\/div>\n<\/div>\n<div id=\"related\" class=\"style-scope ytd-watch-flexy\">\n<div id=\"items\" class=\"style-scope ytd-watch-next-secondary-results-renderer\">\n<div id=\"spinner-container\" class=\"style-scope ytd-item-section-renderer\"><\/div>\n<div id=\"contents\" class=\"style-scope ytd-item-section-renderer\">\n<div id=\"dismissible\" class=\"style-scope ytd-compact-video-renderer\"><\/div>\n<\/div>\n<\/div>\n<\/div>\n<p><iframe loading=\"lazy\" title=\"\u015eeh\u00eed Jiyan Tolhildan, Roj Xab\u00fbr \u00fb Bar\u00een Botan bi Meras\u00eemeke  Girsey\u00ee  Hatin Oxir Kirin. #YPJ\" width=\"696\" height=\"392\" src=\"https:\/\/www.youtube.com\/embed\/FHBTrzZmTnw?feature=oembed\" frameborder=\"0\" allow=\"accelerometer; autoplay; clipboard-write; encrypted-media; gyroscope; picture-in-picture; web-share\" referrerpolicy=\"strict-origin-when-cross-origin\" allowfullscreen><\/iframe><\/p>\n","protected":false},"excerpt":{"rendered":"<p>Ji Fermandar\u00ean YPJ\u2019\u00ea Jiyan Tolhildan, Roj Xab\u00fbr \u00fb Bar\u00een Botan ji aliy\u00ea balafir\u00ean b\u00ea mirov \u00ean dewleta Tirk ve di 22\u2019\u00ea T\u00eermeha 2022\u2019an de hatin \u015feh\u00eed xistin. Gel\u00ea Hesek\u00ea bi merasimeke girsey\u00ee \u015feh\u00eed\u00ean doza azadiy\u00ea p\u00ea\u015fwaz\u00ee kirin. Pi\u015ft\u00ee meras\u00eema le\u015fker\u00ee \u00fb axaftin hatine kirin, cenaz\u00ea \u015eeh\u00eed Jiyan Tolhildan \u00fb Bar\u00een Botan ber bi \u015eehba ve [&hellip;]<\/p>\n","protected":false},"author":1,"featured_media":15118,"comment_status":"open","ping_status":"closed","sticky":false,"template":"","format":"standard","meta":{"footnotes":""},"categories":[41,38],"tags":[],"class_list":{"0":"post-15117","1":"post","2":"type-post","3":"status-publish","4":"format-standard","5":"has-post-thumbnail","7":"category-dimen","8":"category-nuce"},"_links":{"self":[{"href":"https:\/\/ypjrojava.net\/index.php?rest_route=\/wp\/v2\/posts\/15117","targetHints":{"allow":["GET"]}}],"collection":[{"href":"https:\/\/ypjrojava.net\/index.php?rest_route=\/wp\/v2\/posts"}],"about":[{"href":"https:\/\/ypjrojava.net\/index.php?rest_route=\/wp\/v2\/types\/post"}],"author":[{"embeddable":true,"href":"https:\/\/ypjrojava.net\/index.php?rest_route=\/wp\/v2\/users\/1"}],"replies":[{"embeddable":true,"href":"https:\/\/ypjrojava.net\/index.php?rest_route=%2Fwp%2Fv2%2Fcomments&post=15117"}],"version-history":[{"count":1,"href":"https:\/\/ypjrojava.net\/index.php?rest_route=\/wp\/v2\/posts\/15117\/revisions"}],"predecessor-version":[{"id":15119,"href":"https:\/\/ypjrojava.net\/index.php?rest_route=\/wp\/v2\/posts\/15117\/revisions\/15119"}],"wp:featuredmedia":[{"embeddable":true,"href":"https:\/\/ypjrojava.net\/index.php?rest_route=\/wp\/v2\/media\/15118"}],"wp:attachment":[{"href":"https:\/\/ypjrojava.net\/index.php?rest_route=%2Fwp%2Fv2%2Fmedia&parent=15117"}],"wp:term":[{"taxonomy":"category","embeddable":true,"href":"https:\/\/ypjrojava.net\/index.php?rest_route=%2Fwp%2Fv2%2Fcategories&post=15117"},{"taxonomy":"post_tag","embeddable":true,"href":"https:\/\/ypjrojava.net\/index.php?rest_route=%2Fwp%2Fv2%2Ftags&post=15117"}],"curies":[{"name":"wp","href":"https:\/\/api.w.org\/{rel}","templated":true}]}}