{"id":15130,"date":"2022-07-23T16:16:49","date_gmt":"2022-07-23T16:16:49","guid":{"rendered":"https:\/\/ypjrojava.net\/?p=15130"},"modified":"2022-07-29T13:04:40","modified_gmt":"2022-07-29T13:04:40","slug":"15130-2","status":"publish","type":"post","link":"https:\/\/ypjrojava.net\/?p=15130","title":{"rendered":"Em\u00ea Li Hember Her Cure \u00car\u00ee\u015f\u00ea Bisekinin \u00fb Em\u00ea Tola \u015eeh\u00eed\u00ean Xwe Bigrin"},"content":{"rendered":"<p><strong><span style=\"vertical-align: inherit;\"><span style=\"vertical-align: inherit;\">Ji Gel\u00ea me \u00fb Raya Gi\u015ft\u00ee Re!<\/span><\/span><\/strong><\/p>\n<p><span style=\"vertical-align: inherit;\"><span style=\"vertical-align: inherit;\">Rejima Fa\u015fist ve Erdo\u011fan, hevkar\u00ea w\u00ea \u00e7etey\u00ean DA\u0130\u015e \u00fb s\u00eex\u00fbr\u00ea w\u00ee ku her dem dijminahiya \u015fore\u015fa Rojava \u00fb afir\u00eener\u00ean w\u00ea jinn p\u00ea\u015feng dike her roj \u00ear\u00ee\u015f\u00ean xwe y\u00ean hovane ve dixwazek\u00eak\u00eakirea bixwazenina bixweser. <\/span><span style=\"vertical-align: inherit;\">Bi hedefkirina \u015fore\u015f\u00ea ve dixwaze h\u00eaza jin a ku p\u00ea\u015fengiya teko\u015f\u00eena azadiy\u00ea dike t\u00eak bibe ji hol\u00ea rabike. <\/span><span style=\"vertical-align: inherit;\">Ruxm\u00ea ku ev \u00ear\u00ee\u015f li ber \u00e7av\u00ean h\u00eaz\u00ean h\u00ea\u015f\u00fb Rusya \u00ean\u00eam\u00ea de p\u00ean t\u00ean ev\u00eaz ji van er\u00ee\u015fan re \u00e7av\u00ean xwe digrin \u00fb bertek diyar nakin ji ber v\u00ea sedem\u00ea j\u00ee em dib\u00eajin qas\u00ee n\u00eav\u00ean dib\u00eajin qas\u00ee n\u00eav\u00ean h\u00eez di van \u00ear\u00ee\u015fan de hevkar \u00fb berpirsyarin.<\/span><\/span><\/p>\n<p><span style=\"vertical-align: inherit;\"><span style=\"vertical-align: inherit;\">Dewleta Tirk a dagirker di 22&#8217;y\u00ea T\u00eermeh\u00ea de li ser r\u00eaya Qami\u015flo bi balafira b\u00eamirov \u00ear\u00ee\u015f\u00ea seyareyek\u00ea kir \u00fb di encama v\u00ea \u00ear\u00ee\u015f\u00ea de ji fermandar\u00ean YPJ&#8217;\u00ea \u00fb QSD&#8217;\u00eat\u00e9 Jiyan Tolhildan heman\u00ear\u00ear\u00eat\u00eaz de Roj Xab\u00fbr \u00fb hevr\u00eaya me Bar\u00een Botan ku tevl\u00ee Foruma 10 saliya \u015fore\u015f\u00ea a ku li Qami\u015flo dihate li darxistin b\u00fbn \u00fb dema ku pi\u015ft\u00ee derketin di encama \u00ear\u00ee\u015fa balafira b\u00eamirov de \u015feh\u00eed b\u00fbn. <\/span><span style=\"vertical-align: inherit;\">Em ji bo \u015fehadeta fermandar \u00fb hevr\u00eay\u00ean xwe ji hem\u00fb gel\u00ea K\u00fcrt, p\u00eakhatey\u00ean Bak\u00fbr \u00fb Rojhilat\u00ea S\u00fbr\u00ee \u00fb h\u00eaz\u00ean QSD&#8217;\u00ea re sersaxiy\u00ea dixwazin. <\/span><span style=\"vertical-align: inherit;\">Soza me ya tolgirtina \u015feh\u00eedan w\u00ea bi parastin \u00fb mezinkirina \u015fore\u015fa Rojava, t\u00eakbirina dewleta Tirk a dagirker \u00fb \u00e7etey\u00ean DA\u0130\u015e \u00fb misogeriya rizgariya Rojava \u00fb Bak\u00fbr \u00fb Rojhilat\u00ea S\u00fbr\u00ee ya azad ve bibe.<\/span><\/span><\/p>\n<p><span style=\"vertical-align: inherit;\"><span style=\"vertical-align: inherit;\">Fermandara YAT&#8217;\u00ea Jiyan Tolhildan bi nasnav Selwa Yusuf ji hem\u00fb zehmet\u00ee \u00fb k\u00ealiy\u00ean \u015fore\u015f\u00ea re \u015fahid\u00ee kir, di destp\u00eakirina \u015fore\u015f\u00ea ji kar\u00ea r\u00eaxistinkirina gel, avab\u00fbna YXG&#8217;\u00ea heya art\u00ea\u015fb\u00fbna YXG&#8217;\u00ea heya art\u00ea\u015fb\u00fbna YPJ&#8217;e k\u00ealiy\u00ean \u015fore\u015f\u00ea re \u015fahid\u00ee kir. <\/span><span style=\"vertical-align: inherit;\">\u015eore\u015fa Rojava a bi ked \u00fb teko\u015f\u00eena Hevr\u00ea \u00fb Fermandar Jiyanan b\u00fb \u015fore\u015fa jin\u00ea, nav \u00fb deng b\u00fb \u00fb b\u00fb h\u00eaviya azadiya hem\u00fb jin \u00fb mirovahiy\u00ea . <\/span><span style=\"vertical-align: inherit;\">Ev \u015fore\u015f roja \u00eero bi keda van hevr\u00ea \u00fb fermandaran ve giha\u015fte 10 saliya xwe. <\/span><span style=\"vertical-align: inherit;\">H\u00eaz \u00fb v\u00eena Fermandar Jiyanan baweriya jiyana azad di hem\u00fb jinan \u00fb civak\u00ea de ava kir \u00fb ji hem\u00fb p\u00eakhatey\u00ean Rojava \u00fb Bak\u00fbr \u00fb Rojhilat\u00ea S\u00fbr\u00ee heya hem\u00fb c\u00eehan\u00ea jin \u00fb ciwanan dil dane v\u00ea \u015fore\u015f\u00ea \u00fb her ber <\/span><span style=\"vertical-align: inherit;\">Fermandar Jiyan ew fermandar b\u00fb ku bi germahiya jiyana azad \u00fb \u015fore\u015fa Rojava b\u00fb xwed\u00ee danehev \u00fb tecrubeyeke mezin \u00fb bi v\u00ea ezm\u00fbn \u00fb danehev\u00ea bi sedan \u015fervan perwerde kirin ku \u00eero ev \u015fervan\u00ea m\u00eerateya ku \u00eero ev \u015fervan\u00ea m\u00eerateya ku \u00eero ev \u015fervan\u00ea m\u00eerateya ku \u00eero ev \u015fervan\u00ea m\u00eerateya ku \u00eaman \u00eat\u00een \u00eat\u00een a we tecrubeyeke mezin \u00fb bi v\u00ea ezm\u00fbn \u00fb danehev\u00ea azad misoger bisikleti. <\/span><span style=\"vertical-align: inherit;\">Hevr\u00ea \u00fb Fermadara me ya p\u00ea\u015feng Jiyan, di hem\u00fb p\u00eangav\u00ean azad kirina Rojava \u00fb Bak\u00fbr \u00fb Rojhilat\u00ea S\u00fbr\u00ee de bi rih\u00ea berxwed\u00ear y\u00ea jina azad cih\u00ea xwe girt. <\/span><span style=\"vertical-align: inherit;\">Li hember \u00e7etey\u00ean DA\u0130\u015e bir ku ji bo mirovahiy\u00ea bib\u00fb xewneke bi tirs fermandar Jiyan di sala 2013&#8217;an li Ser\u00eakaniy\u00ea li hember \u00e7etey\u00ean El-Nusra, \u015e\u00eaxmeqs\u00fbd, \u015eedad\u00ea, Minbic\u00ea heya D\u00earaz\u00ear\u00ea p\u00eangava \u00eaz\u00ean\u00eat\u00eak re tevl\u00ee hem\u00fb p\u00eangav\u00ean rizgarkirin\u00ea b\u00fb. <\/span><span style=\"vertical-align: inherit;\">Teko\u015f\u00eena Fermandar Jiyan Tolhildan b\u00fb h\u00eaviya jiyana azad a tevah\u00ee mirovahiy\u00ea.<\/span><\/span><\/p>\n<p>Hevr\u00ea \u00fb Fermandar Roj bi nasnav Ciwana Heso di nava malbateke welatpar\u00eaz de li Dirb\u00easiy\u00ea mezin dibe. Di demeke kin de di nava \u015fore\u015f\u00ea de dibe xwed\u00ee ezm\u00fbn \u00fb bi felsefeya azadiya jin dibe jineke \u015fore\u015fger a xwed\u00ee v\u00een \u00fb h\u00eaz. Heta k\u00ealiya daw\u00ee bi v\u00ea feraseta felsefeya azadiy\u00ea jiyan kir \u00fb bi rihek\u00ea berpirsyar xwed\u00ee li erk\u00ean xwe y\u00ean \u015fore\u015fger\u00ee \u00fb welatpar\u00eaz\u00ee derket. Her k\u00ealiya jiyana xwe bi teko\u015f\u00eena welat\u00ea azad ve derbas kir. Li hember \u00e7etey\u00ean DA\u0130\u015e bi h\u00eaz\u00ean koalisyon\u00ea re tevl\u00ee p\u00eangav\u00ean rizgarkirin\u00ea b\u00fb \u00fb mirovah\u00ee bi p\u00ea\u015feng\u00ee \u00fb w\u00earekiya hevr\u00ea \u00fb fermandar Jiyan \u00fb Roj ve ji DA\u0130\u015e rizgar b\u00fb.<\/p>\n<p><span style=\"vertical-align: inherit;\"><span style=\"vertical-align: inherit;\">Hevr\u00ea Bar\u00een Botan bi nasnav Ruha Be\u015far a ku li Efr\u00een\u00ea di nava malbateke welatpar\u00eaz de mezin b\u00fb di temen\u00ea xwe y\u00ea ciwan de bi l\u00eager\u00eena azadiy\u00ea ji \u015fore\u015fa Rojava bandor dibe \u00fb tevl\u00ee ref\u00ean YPJ&#8217;\u00ea dibe. <\/span><span style=\"vertical-align: inherit;\">Hevr\u00eaya me Bar\u00een li hember dewleta Tirk a dagirker h\u00ears \u00fb k\u00eeneke mezin ve jiyan kir \u00fb ji bo t\u00eakbirina dagirkeriy\u00ea bi idda \u00fb biryardariyeke mezin teko\u015f\u00een kir.<\/span><\/span><\/p>\n<p><span style=\"vertical-align: inherit;\"><span style=\"vertical-align: inherit;\">\u015eore\u015fa gelan ya Bak\u00fbr \u00fb Rojhilat\u00ea S\u00fbr\u00ee bi ked \u00fb fedakariya mezin ya heval\u00ean \u015feh\u00eed \u00fb li ser h\u00eem\u00ea azadiya jin p\u00eak hat \u00fb b\u00fb h\u00eaviya azadiya hem\u00fb jin \u00fb civak\u00ean azad\u00eexwaz. <\/span><span style=\"vertical-align: inherit;\">Hafta h\u00eaz\u00ean YPJ&#8217;\u00ea mezinkirin \u00fb parastina \u015fore\u015f\u00ea \u00fb misogeriya azadiya Rojava \u00fb Bak\u00fbr \u00fb Rojhilat\u00ea S\u00fbr\u00ee erk \u00fb sonda me ye ku me ji hevr\u00ea \u00fb fermandar\u00ean xwe re daye. <\/span><span style=\"vertical-align: inherit;\">careke din em ji hem\u00fb gel\u00ea xwe \u00fb h\u00eaz\u00ean YPJ \u00fb QSD&#8217;\u00ea re sersaxiy\u00ea dixwazin, em\u00ea tola hevr\u00eay\u00ean xwe ji h\u00eaz\u00ean dagirker \u00fb six\u00fbran bigrin, ev \u00ear\u00ee\u015f w\u00ea bi tu away\u00ee nikaribe bi me pa\u015f de gav bide\u00eaz\u00ean me bisiklet. <\/span><span style=\"vertical-align: inherit;\">Di v\u00ea p\u00eavaoya ku \u015fore\u015fa me \u00fb p\u00ea\u015feng\u00ean w\u00ea dibene hedefa \u00ear\u00ee\u015f\u00ean tunekirin\u00ea em ji hem\u00fb hem\u00fb jin\u00ean Bak\u00fbr \u00fb Rojhilart\u00ea S\u00fbr\u00ee re dib\u00eajin cih\u00ea xwe di nava ref\u00ean teko\u015f\u00een\u00ea de bigrin.<\/span><\/span><\/p>\n<p><strong><span style=\"vertical-align: inherit;\"><span style=\"vertical-align: inherit;\">Nasnamey\u00ean Heval\u00ean Me Y\u00ean \u015eehid Wiha Ne:\u00a0\u00a0\u00a0\u00a0\u00a0 <\/span><\/span><\/strong><\/p>\n<p><img loading=\"lazy\" decoding=\"async\" class=\"alignnone size-medium wp-image-15131\" src=\"https:\/\/ypjrojava.net\/wp-content\/uploads\/2022\/07\/Sehit-Jiyan-Tolhildan-214x300.jpg\" alt=\"\" width=\"214\" height=\"300\" srcset=\"https:\/\/ypjrojava.net\/wp-content\/uploads\/2022\/07\/Sehit-Jiyan-Tolhildan-214x300.jpg 214w, https:\/\/ypjrojava.net\/wp-content\/uploads\/2022\/07\/Sehit-Jiyan-Tolhildan-731x1024.jpg 731w, https:\/\/ypjrojava.net\/wp-content\/uploads\/2022\/07\/Sehit-Jiyan-Tolhildan-768x1075.jpg 768w, https:\/\/ypjrojava.net\/wp-content\/uploads\/2022\/07\/Sehit-Jiyan-Tolhildan-1097x1536.jpg 1097w, https:\/\/ypjrojava.net\/wp-content\/uploads\/2022\/07\/Sehit-Jiyan-Tolhildan-1463x2048.jpg 1463w, https:\/\/ypjrojava.net\/wp-content\/uploads\/2022\/07\/Sehit-Jiyan-Tolhildan.jpg 1500w\" sizes=\"auto, (max-width: 214px) 100vw, 214px\" \/><\/p>\n<p><span style=\"vertical-align: inherit;\"><span style=\"vertical-align: inherit;\">Nasnav: Jiyan Tolhildan<\/span><\/span><\/p>\n<p><span style=\"vertical-align: inherit;\"><span style=\"vertical-align: inherit;\">Nav \u00fb Pa\u015fnav: Selwa Yusuf<\/span><\/span><\/p>\n<p><span style=\"vertical-align: inherit;\"><span style=\"vertical-align: inherit;\">Nav\u00ea Day\u00eek: Asya<\/span><\/span><\/p>\n<p><span style=\"vertical-align: inherit;\"><span style=\"vertical-align: inherit;\">Nav\u00ea Bav: His\u00ean<\/span><\/span><\/p>\n<p><span style=\"vertical-align: inherit;\"><span style=\"vertical-align: inherit;\">Cih\u00ea ji Day\u00eekb\u00fbn\u00ea: 1980-Efr\u00een<\/span><\/span><\/p>\n<p><span style=\"vertical-align: inherit;\"><span style=\"vertical-align: inherit;\">Cih \u00fb D\u00eeroka \u015eehadet\u00ea: Qami\u015flo-22.07.2022<\/span><\/span><\/p>\n<p>&nbsp;<\/p>\n<p><img loading=\"lazy\" decoding=\"async\" class=\"alignnone size-medium wp-image-15133\" src=\"https:\/\/ypjrojava.net\/wp-content\/uploads\/2022\/07\/Sehit-Roj-Xabur-214x300.jpg\" alt=\"\" width=\"214\" height=\"300\" srcset=\"https:\/\/ypjrojava.net\/wp-content\/uploads\/2022\/07\/Sehit-Roj-Xabur-214x300.jpg 214w, https:\/\/ypjrojava.net\/wp-content\/uploads\/2022\/07\/Sehit-Roj-Xabur-731x1024.jpg 731w, https:\/\/ypjrojava.net\/wp-content\/uploads\/2022\/07\/Sehit-Roj-Xabur-768x1075.jpg 768w, https:\/\/ypjrojava.net\/wp-content\/uploads\/2022\/07\/Sehit-Roj-Xabur-1097x1536.jpg 1097w, https:\/\/ypjrojava.net\/wp-content\/uploads\/2022\/07\/Sehit-Roj-Xabur-1463x2048.jpg 1463w, https:\/\/ypjrojava.net\/wp-content\/uploads\/2022\/07\/Sehit-Roj-Xabur.jpg 1500w\" sizes=\"auto, (max-width: 214px) 100vw, 214px\" \/><\/p>\n<p><span style=\"vertical-align: inherit;\"><span style=\"vertical-align: inherit;\">Nasnav: Roj Xab\u00fbr<\/span><\/span><\/p>\n<p><span style=\"vertical-align: inherit;\"><span style=\"vertical-align: inherit;\">Nav \u00fb Pa\u015fnav: Ciwana Heso<\/span><\/span><\/p>\n<p><span style=\"vertical-align: inherit;\"><span style=\"vertical-align: inherit;\">Nav\u00ea Day\u00eek: \u015eems<\/span><\/span><\/p>\n<p><span style=\"vertical-align: inherit;\"><span style=\"vertical-align: inherit;\">Nav\u00ea Bav: Hesen<\/span><\/span><\/p>\n<p><span style=\"vertical-align: inherit;\"><span style=\"vertical-align: inherit;\">Cih\u00ea ji Day\u00eekb\u00fbn\u00ea: 1992-Dirb\u00easiy\u00ea<\/span><\/span><\/p>\n<p><span style=\"vertical-align: inherit;\"><span style=\"vertical-align: inherit;\">Cih \u00fb D\u00eeroka \u015eehadet\u00ea: Qami\u015flo-22.07.2022<\/span><\/span><\/p>\n<p><img loading=\"lazy\" decoding=\"async\" class=\"alignnone size-medium wp-image-15132\" src=\"https:\/\/ypjrojava.net\/wp-content\/uploads\/2022\/07\/Sehid-Barin-Botan-214x300.jpg\" alt=\"\" width=\"214\" height=\"300\" srcset=\"https:\/\/ypjrojava.net\/wp-content\/uploads\/2022\/07\/Sehid-Barin-Botan-214x300.jpg 214w, https:\/\/ypjrojava.net\/wp-content\/uploads\/2022\/07\/Sehid-Barin-Botan-731x1024.jpg 731w, https:\/\/ypjrojava.net\/wp-content\/uploads\/2022\/07\/Sehid-Barin-Botan-768x1075.jpg 768w, https:\/\/ypjrojava.net\/wp-content\/uploads\/2022\/07\/Sehid-Barin-Botan-1097x1536.jpg 1097w, https:\/\/ypjrojava.net\/wp-content\/uploads\/2022\/07\/Sehid-Barin-Botan-1463x2048.jpg 1463w, https:\/\/ypjrojava.net\/wp-content\/uploads\/2022\/07\/Sehid-Barin-Botan.jpg 1500w\" sizes=\"auto, (max-width: 214px) 100vw, 214px\" \/><\/p>\n<p><span style=\"vertical-align: inherit;\"><span style=\"vertical-align: inherit;\">Nasnav: Bar\u00een Botan<\/span><\/span><\/p>\n<p><span style=\"vertical-align: inherit;\"><span style=\"vertical-align: inherit;\">Nav \u00fb Pa\u015fnav: Ruha Be\u015far<\/span><\/span><\/p>\n<p><span style=\"vertical-align: inherit;\"><span style=\"vertical-align: inherit;\">Nav\u00ea Day\u00eek: Qedriye<\/span><\/span><\/p>\n<p><span style=\"vertical-align: inherit;\"><span style=\"vertical-align: inherit;\">Nav\u00ea Bav: Merwan<\/span><\/span><\/p>\n<p><span style=\"vertical-align: inherit;\"><span style=\"vertical-align: inherit;\">Cih\u00ea ji Day\u00eekb\u00fbn\u00ea: 2003-\u015eehba<\/span><\/span><\/p>\n<p><span style=\"vertical-align: inherit;\"><span style=\"vertical-align: inherit;\">Cih \u00fb D\u00eeroka \u015eehadet\u00ea: Qami\u015flo-22.07.2022<\/span><\/span><\/p>\n<p><strong><span style=\"vertical-align: inherit;\"><span style=\"vertical-align: inherit;\">Fermandariya Gi\u015ft\u00ee ve YPJ&#8217;\u00ea<\/span><\/span><\/strong><\/p>\n<p><strong><span style=\"vertical-align: inherit;\"><span style=\"vertical-align: inherit;\">23.07.2022<\/span><\/span><\/strong><\/p>\n<p><img loading=\"lazy\" decoding=\"async\" class=\"alignnone size-medium wp-image-15142\" src=\"https:\/\/ypjrojava.net\/wp-content\/uploads\/2022\/07\/DSC00052-300x168.jpg\" alt=\"\" width=\"300\" height=\"168\" srcset=\"https:\/\/ypjrojava.net\/wp-content\/uploads\/2022\/07\/DSC00052-300x168.jpg 300w, https:\/\/ypjrojava.net\/wp-content\/uploads\/2022\/07\/DSC00052-1024x575.jpg 1024w, https:\/\/ypjrojava.net\/wp-content\/uploads\/2022\/07\/DSC00052-768x431.jpg 768w, https:\/\/ypjrojava.net\/wp-content\/uploads\/2022\/07\/DSC00052-1536x863.jpg 1536w, https:\/\/ypjrojava.net\/wp-content\/uploads\/2022\/07\/DSC00052-2048x1150.jpg 2048w, https:\/\/ypjrojava.net\/wp-content\/uploads\/2022\/07\/DSC00052-390x220.jpg 390w\" sizes=\"auto, (max-width: 300px) 100vw, 300px\" \/><img loading=\"lazy\" decoding=\"async\" class=\"alignnone size-medium wp-image-15141\" src=\"https:\/\/ypjrojava.net\/wp-content\/uploads\/2022\/07\/DSC_0283-300x200.jpg\" alt=\"\" width=\"300\" height=\"200\" srcset=\"https:\/\/ypjrojava.net\/wp-content\/uploads\/2022\/07\/DSC_0283-300x200.jpg 300w, https:\/\/ypjrojava.net\/wp-content\/uploads\/2022\/07\/DSC_0283-1024x683.jpg 1024w, https:\/\/ypjrojava.net\/wp-content\/uploads\/2022\/07\/DSC_0283-768x512.jpg 768w, https:\/\/ypjrojava.net\/wp-content\/uploads\/2022\/07\/DSC_0283-1536x1024.jpg 1536w, https:\/\/ypjrojava.net\/wp-content\/uploads\/2022\/07\/DSC_0283-2048x1365.jpg 2048w\" sizes=\"auto, (max-width: 300px) 100vw, 300px\" \/><img loading=\"lazy\" decoding=\"async\" class=\"alignnone size-medium wp-image-15143\" src=\"https:\/\/ypjrojava.net\/wp-content\/uploads\/2022\/07\/IMG_9949-300x200.jpg\" alt=\"\" width=\"300\" height=\"200\" srcset=\"https:\/\/ypjrojava.net\/wp-content\/uploads\/2022\/07\/IMG_9949-300x200.jpg 300w, https:\/\/ypjrojava.net\/wp-content\/uploads\/2022\/07\/IMG_9949-1024x683.jpg 1024w, https:\/\/ypjrojava.net\/wp-content\/uploads\/2022\/07\/IMG_9949-768x512.jpg 768w, https:\/\/ypjrojava.net\/wp-content\/uploads\/2022\/07\/IMG_9949-1536x1024.jpg 1536w, https:\/\/ypjrojava.net\/wp-content\/uploads\/2022\/07\/IMG_9949-2048x1365.jpg 2048w\" sizes=\"auto, (max-width: 300px) 100vw, 300px\" \/><img loading=\"lazy\" decoding=\"async\" class=\"alignnone size-medium wp-image-15144\" src=\"https:\/\/ypjrojava.net\/wp-content\/uploads\/2022\/07\/IMG-20170317-WA0078-300x169.jpg\" alt=\"\" width=\"300\" height=\"169\" srcset=\"https:\/\/ypjrojava.net\/wp-content\/uploads\/2022\/07\/IMG-20170317-WA0078-300x169.jpg 300w, https:\/\/ypjrojava.net\/wp-content\/uploads\/2022\/07\/IMG-20170317-WA0078-1024x576.jpg 1024w, https:\/\/ypjrojava.net\/wp-content\/uploads\/2022\/07\/IMG-20170317-WA0078-768x432.jpg 768w, https:\/\/ypjrojava.net\/wp-content\/uploads\/2022\/07\/IMG-20170317-WA0078-390x220.jpg 390w, https:\/\/ypjrojava.net\/wp-content\/uploads\/2022\/07\/IMG-20170317-WA0078.jpg 1032w\" sizes=\"auto, (max-width: 300px) 100vw, 300px\" \/><\/p>\n<p><img loading=\"lazy\" decoding=\"async\" class=\"alignnone size-medium wp-image-15145\" src=\"https:\/\/ypjrojava.net\/wp-content\/uploads\/2022\/07\/IMG_0382-300x200.jpg\" alt=\"\" width=\"300\" height=\"200\" srcset=\"https:\/\/ypjrojava.net\/wp-content\/uploads\/2022\/07\/IMG_0382-300x200.jpg 300w, https:\/\/ypjrojava.net\/wp-content\/uploads\/2022\/07\/IMG_0382-1024x683.jpg 1024w, https:\/\/ypjrojava.net\/wp-content\/uploads\/2022\/07\/IMG_0382-768x512.jpg 768w, https:\/\/ypjrojava.net\/wp-content\/uploads\/2022\/07\/IMG_0382-1536x1024.jpg 1536w, https:\/\/ypjrojava.net\/wp-content\/uploads\/2022\/07\/IMG_0382-2048x1365.jpg 2048w\" sizes=\"auto, (max-width: 300px) 100vw, 300px\" \/><img loading=\"lazy\" decoding=\"async\" class=\"alignnone size-medium wp-image-15146\" src=\"https:\/\/ypjrojava.net\/wp-content\/uploads\/2022\/07\/IMG_19941-300x200.jpg\" alt=\"\" width=\"300\" height=\"200\" srcset=\"https:\/\/ypjrojava.net\/wp-content\/uploads\/2022\/07\/IMG_19941-300x200.jpg 300w, https:\/\/ypjrojava.net\/wp-content\/uploads\/2022\/07\/IMG_19941-1024x683.jpg 1024w, https:\/\/ypjrojava.net\/wp-content\/uploads\/2022\/07\/IMG_19941-768x512.jpg 768w, https:\/\/ypjrojava.net\/wp-content\/uploads\/2022\/07\/IMG_19941-1536x1024.jpg 1536w, https:\/\/ypjrojava.net\/wp-content\/uploads\/2022\/07\/IMG_19941-2048x1365.jpg 2048w\" sizes=\"auto, (max-width: 300px) 100vw, 300px\" \/><\/p>\n<p><img loading=\"lazy\" decoding=\"async\" class=\"alignnone size-medium wp-image-15147\" src=\"https:\/\/ypjrojava.net\/wp-content\/uploads\/2022\/07\/IMG_4693-300x200.jpg\" alt=\"\" width=\"300\" height=\"200\" srcset=\"https:\/\/ypjrojava.net\/wp-content\/uploads\/2022\/07\/IMG_4693-300x200.jpg 300w, https:\/\/ypjrojava.net\/wp-content\/uploads\/2022\/07\/IMG_4693-1024x683.jpg 1024w, https:\/\/ypjrojava.net\/wp-content\/uploads\/2022\/07\/IMG_4693-768x512.jpg 768w, https:\/\/ypjrojava.net\/wp-content\/uploads\/2022\/07\/IMG_4693-1536x1024.jpg 1536w, https:\/\/ypjrojava.net\/wp-content\/uploads\/2022\/07\/IMG_4693-2048x1365.jpg 2048w\" sizes=\"auto, (max-width: 300px) 100vw, 300px\" \/><\/p>\n<p><img loading=\"lazy\" decoding=\"async\" class=\"alignnone size-medium wp-image-15148\" src=\"https:\/\/ypjrojava.net\/wp-content\/uploads\/2022\/07\/IMG_1759-300x200.jpg\" alt=\"\" width=\"300\" height=\"200\" srcset=\"https:\/\/ypjrojava.net\/wp-content\/uploads\/2022\/07\/IMG_1759-300x200.jpg 300w, https:\/\/ypjrojava.net\/wp-content\/uploads\/2022\/07\/IMG_1759-1024x683.jpg 1024w, https:\/\/ypjrojava.net\/wp-content\/uploads\/2022\/07\/IMG_1759-768x512.jpg 768w, https:\/\/ypjrojava.net\/wp-content\/uploads\/2022\/07\/IMG_1759-1536x1024.jpg 1536w, https:\/\/ypjrojava.net\/wp-content\/uploads\/2022\/07\/IMG_1759-2048x1365.jpg 2048w\" sizes=\"auto, (max-width: 300px) 100vw, 300px\" \/><img loading=\"lazy\" decoding=\"async\" class=\"alignnone size-medium wp-image-15149\" src=\"https:\/\/ypjrojava.net\/wp-content\/uploads\/2022\/07\/IMG_0008-300x200.jpg\" alt=\"\" width=\"300\" height=\"200\" srcset=\"https:\/\/ypjrojava.net\/wp-content\/uploads\/2022\/07\/IMG_0008-300x200.jpg 300w, https:\/\/ypjrojava.net\/wp-content\/uploads\/2022\/07\/IMG_0008-1024x683.jpg 1024w, https:\/\/ypjrojava.net\/wp-content\/uploads\/2022\/07\/IMG_0008-768x512.jpg 768w, https:\/\/ypjrojava.net\/wp-content\/uploads\/2022\/07\/IMG_0008-1536x1024.jpg 1536w, https:\/\/ypjrojava.net\/wp-content\/uploads\/2022\/07\/IMG_0008-2048x1365.jpg 2048w\" sizes=\"auto, (max-width: 300px) 100vw, 300px\" \/><\/p>\n<p><img loading=\"lazy\" decoding=\"async\" class=\"alignnone size-medium wp-image-15151\" src=\"https:\/\/ypjrojava.net\/wp-content\/uploads\/2022\/07\/IMG_9837-200x300.jpg\" alt=\"\" width=\"200\" height=\"300\" srcset=\"https:\/\/ypjrojava.net\/wp-content\/uploads\/2022\/07\/IMG_9837-200x300.jpg 200w, https:\/\/ypjrojava.net\/wp-content\/uploads\/2022\/07\/IMG_9837-683x1024.jpg 683w, https:\/\/ypjrojava.net\/wp-content\/uploads\/2022\/07\/IMG_9837-768x1152.jpg 768w, https:\/\/ypjrojava.net\/wp-content\/uploads\/2022\/07\/IMG_9837-1024x1536.jpg 1024w, https:\/\/ypjrojava.net\/wp-content\/uploads\/2022\/07\/IMG_9837-1365x2048.jpg 1365w, https:\/\/ypjrojava.net\/wp-content\/uploads\/2022\/07\/IMG_9837-scaled.jpg 1707w\" sizes=\"auto, (max-width: 200px) 100vw, 200px\" \/><\/p>\n","protected":false},"excerpt":{"rendered":"<p>Ji Gel\u00ea me \u00fb Raya Gi\u015ft\u00ee Re! Rejima Fa\u015fist ve Erdo\u011fan, hevkar\u00ea w\u00ea \u00e7etey\u00ean DA\u0130\u015e \u00fb s\u00eex\u00fbr\u00ea w\u00ee ku her dem dijminahiya \u015fore\u015fa Rojava \u00fb afir\u00eener\u00ean w\u00ea jinn p\u00ea\u015feng dike her roj \u00ear\u00ee\u015f\u00ean xwe y\u00ean hovane ve dixwazek\u00eak\u00eakirea bixwazenina bixweser. Bi hedefkirina \u015fore\u015f\u00ea ve dixwaze h\u00eaza jin a ku p\u00ea\u015fengiya teko\u015f\u00eena azadiy\u00ea dike t\u00eak bibe [&hellip;]<\/p>\n","protected":false},"author":1,"featured_media":15134,"comment_status":"open","ping_status":"closed","sticky":false,"template":"","format":"standard","meta":{"footnotes":""},"categories":[39],"tags":[],"class_list":{"0":"post-15130","1":"post","2":"type-post","3":"status-publish","4":"format-standard","5":"has-post-thumbnail","7":"category-daxuyani"},"_links":{"self":[{"href":"https:\/\/ypjrojava.net\/index.php?rest_route=\/wp\/v2\/posts\/15130","targetHints":{"allow":["GET"]}}],"collection":[{"href":"https:\/\/ypjrojava.net\/index.php?rest_route=\/wp\/v2\/posts"}],"about":[{"href":"https:\/\/ypjrojava.net\/index.php?rest_route=\/wp\/v2\/types\/post"}],"author":[{"embeddable":true,"href":"https:\/\/ypjrojava.net\/index.php?rest_route=\/wp\/v2\/users\/1"}],"replies":[{"embeddable":true,"href":"https:\/\/ypjrojava.net\/index.php?rest_route=%2Fwp%2Fv2%2Fcomments&post=15130"}],"version-history":[{"count":5,"href":"https:\/\/ypjrojava.net\/index.php?rest_route=\/wp\/v2\/posts\/15130\/revisions"}],"predecessor-version":[{"id":15153,"href":"https:\/\/ypjrojava.net\/index.php?rest_route=\/wp\/v2\/posts\/15130\/revisions\/15153"}],"wp:featuredmedia":[{"embeddable":true,"href":"https:\/\/ypjrojava.net\/index.php?rest_route=\/wp\/v2\/media\/15134"}],"wp:attachment":[{"href":"https:\/\/ypjrojava.net\/index.php?rest_route=%2Fwp%2Fv2%2Fmedia&parent=15130"}],"wp:term":[{"taxonomy":"category","embeddable":true,"href":"https:\/\/ypjrojava.net\/index.php?rest_route=%2Fwp%2Fv2%2Fcategories&post=15130"},{"taxonomy":"post_tag","embeddable":true,"href":"https:\/\/ypjrojava.net\/index.php?rest_route=%2Fwp%2Fv2%2Ftags&post=15130"}],"curies":[{"name":"wp","href":"https:\/\/api.w.org\/{rel}","templated":true}]}}