{"id":15439,"date":"2022-08-20T18:18:21","date_gmt":"2022-08-20T18:18:21","guid":{"rendered":"https:\/\/ypjrojava.net\/?p=15439"},"modified":"2022-08-20T18:18:21","modified_gmt":"2022-08-20T18:18:21","slug":"ji-raya-gisti-u-saziyen-pewendidar-re","status":"publish","type":"post","link":"https:\/\/ypjrojava.net\/?p=15439","title":{"rendered":"Ji Raya Gi\u015ft\u00ee \u00fb Saziy\u00ean P\u00eawend\u00eedar Re!"},"content":{"rendered":"<p>\u015eore\u015fa Rojava a ku bi p\u00ea\u015fengiya h\u00eaz\u00ean YPJ\u2019\u00ea, keda gel\u00ea her\u00eam\u00ea \u00fb bi xw\u00eena dehan \u015fervan\u00ean enternasyonal ve p\u00eak hat, her dem b\u00fbye hedefa \u00ear\u00ee\u015f\u00ean dewleta Tirk a dagirker \u00fb ew feraseta fa\u015fist bi al\u00eekar\u00ee \u00fb f\u00eenansekirina \u00e7etey\u00ean DA\u0130\u015e\u2019\u00ea, bi \u00ear\u00ee\u015f\u00ean dagirkeriy\u00ea heya hedef kirina p\u00ea\u015feng\u00ean \u015fore\u015fa Rojava, \u00ear\u00ee\u015fkariya xwe bi awayek\u00ea \u015f\u00eanber raxistiye ber \u00e7avan. Dewleta Tirk a fa\u015fist bi van \u00ear\u00ee\u015fan hewl dide tola DA\u0130\u015e ji h\u00eaz\u00ean YPJ\u2019\u00ea bigre \u00fb DA\u0130\u015e ji n\u00fb de zind\u00ee bike.<\/p>\n<p>Hem\u00fb c\u00eehan dizane ku di p\u00ea\u015fengtiya h\u00eaz\u00ean YPJ\u2019\u00ea de \u00e7etey\u00ean DA\u0130\u015e t\u00eak \u00e7\u00fbn \u00fb bi v\u00ea serkeftin\u00ea \u015fore\u015fa Rojava mezin b\u00fb \u00fb destkeftiy\u00ean YPJ\u2019\u00ea wisa avab\u00fbn. L\u00ea dewleta Tirk a dagirker \u00fb \u00e7ete di sala 2016\u2019an \u00fb vir de li Rojava \u00fb Bak\u00fbr \u00fb Rojhilat\u00ea S\u00fbr\u00ee d\u00eesa li her\u00eam\u00ean dagirkir\u00ee bi tac\u00eez, tecawiz, revandina mirovan, ziyan\u00ea mad\u00ee \u00fb manew\u00ee, guhertina demografya, kiryar\u00ean asimilasyon\u00ea, tehrib \u00fb tunekirina cih\u00ean d\u00eerok\u00ee, talankirina xwezay\u00ea heya \u00ear\u00ee\u015f\u00ean tang, top \u00fb balafir\u00ean ke\u015ff\u00ea ve her cure \u00ear\u00ee\u015f\u00ea p\u00eak t\u00eene \u00fb maf\u00ea mirovan binp\u00ea dike. Ev \u00ear\u00ee\u015f\u00ean dewleta Tirk a dagirker \u00fb \u00e7ete li ber \u00e7av\u00ea hem\u00fb c\u00eehan\u00ea t\u00eane jiyan kirin \u00fb heya roja \u00eero li hember van \u00ear\u00ee\u015f\u00ean hovane j\u00ee, di mil\u00ea tu saz\u00ee \u00fb dezgehan ve helwest nehatiye raber kirin.<\/p>\n<p>Li ser v\u00ee esas\u00ee bangawaziya me ji gel\u00ea me, saz\u00ee \u00fb dezgeh\u00ean demokras\u00eexwaz ew e ku herkes li hember van \u00ear\u00ee\u015fan li hember dewleta Tirk a kujer \u00fb \u00e7ete doz vebikin. Heman dem\u00ea de em ji Konseya Ewr\u00fbpa \u00fb Netew\u00ean Yekb\u00fby\u00ee re dib\u00eajin van s\u00fbc\u00ean dewleta Tirk a dagirker \u00fb \u00e7ete bixine rojev\u00ean xwe \u00fb li hember van s\u00fbcan helwest\u00ean \u015f\u00eanber \u00fb ku van \u00ear\u00ee\u015fan bide sekinandin raber bikin. D\u00eesa hem\u00fb kes\u00ean par\u00eazkar, par\u00eazer\u00ean dost re dib\u00eajin ku ew j\u00ee xwed\u00ee li v\u00ea doz\u00ea derbikevin \u00fb par\u00eazeriya v\u00ea doz\u00ea bikin.<\/p>\n<p>Di dema her\u00ee n\u00eaz de nav\u00ea welat\u00ee, zarok \u00fb p\u00ea\u015feng\u00ean \u015fore\u015fa Rojava \u00ean ku \u015feh\u00eed \u00fb bir\u00eendar b\u00fbne wiha ne:<\/p>\n<p>Sosin Birhat\u00a0 19.08.2021 \u015eeh\u00eed b\u00fb<\/p>\n<p>R\u00eanas Rojhilat (Selahettin \u015eehab\u00ee) \u2013 19.08.2021- \u015eeh\u00eed b\u00fb.<\/p>\n<p>Eg\u00eed Girk\u00ealeg\u00ea (B\u00eavan Remedan) \u2013 19.08.2021- \u015eeh\u00eed b\u00fb.<\/p>\n<p>R\u00fbbar Hesek\u00ea (Eli Elxirze) \u2013 19.08.2021- \u015eeh\u00eed b\u00fb.<\/p>\n<p>Seyfallah Ehmed (Seyfallah Newaf Ehmed) 19.08.2021- \u015eeh\u00eed b\u00fb.<\/p>\n<p>Yusuf Gulo-85 sal\u00ee &#8211; 09.11.2021 &#8211; \u015eeh\u00eed b\u00fb.<\/p>\n<p>Mazl\u00fbm Gulo \u2013 09.11.2021 \u015eeh\u00eed b\u00fb.<\/p>\n<p>Mihemed Gulo \u2013 09.11.2021 \u015eeh\u00eed b\u00fb.<\/p>\n<p>Dilar Heleb (Ranya Henan)-20.04.2022 \u015eeh\u00eed b\u00fb.<\/p>\n<p>Ronah\u00ee Koban\u00ee (Rod\u00een Ebdilqadir Mihemed)-20.04.2022 \u015eeh\u00eed b\u00fb.<\/p>\n<p>Koban\u00ee (Cihan Nidal El\u00ee)-20.04.2022 \u015eeh\u00eed b\u00fb.<\/p>\n<p>Mizg\u00een Botan (Rahime Xezali)-30.05.2022 \u015eeh\u00eed b\u00fb.<\/p>\n<p>Mizg\u00een Koban\u00ea (Siham Mislim)-02.07.2022 \u015eeh\u00eed b\u00fb.<\/p>\n<p>Jiyan Tolhildan (Selwa Yusif)-22.07.2022 \u015eeh\u00eed b\u00fb.<\/p>\n<p>Roj Xab\u00fbr (Ciwana Heso)-22.07.2022 \u015eeh\u00eed b\u00fb.<\/p>\n<p>Bar\u00een Botan (Ruha Be\u015far)-22.07.2022 \u015eeh\u00eed b\u00fb.<\/p>\n<p>D\u00eena Osman 6 sali-04.08.2022 Bir\u00eendar b\u00fb.<\/p>\n<p>Mehm\u00fbd Xer\u00eeb Mamo 6 sal\u00ee-04.08.2022 Bir\u00eendar b\u00fb.<\/p>\n<p>His\u00ean Cemal Qasim 7 sal\u00ee-04.08.2022 Bir\u00eendar b\u00fb.<\/p>\n<p>Avr\u00een Ebdurrehman Heyder 13 sal\u00ee-04.08.2022 Bir\u00eendar b\u00fb.<\/p>\n<p>Or\u00eevan Mihemed Ebdo 15 sal\u00ee-04.08.2022 Bir\u00eendar b\u00fb.<\/p>\n<p>His\u00ean Beyrem El\u00eeko 43 Sal\u00ee-04.08.2022 Bir\u00eendar b\u00fb.<\/p>\n<p>Sebah Henan Hemo 10 Sal\u00ee-04.08.2022 Bir\u00eendar b\u00fb.<\/p>\n<p>Azriya Ehmed Re\u015fo 23 Sal\u00ee-04.08.2022 Bir\u00eendar b\u00fb.<\/p>\n<p>Ronahi Silo 27 Sal\u00ee-04.08.2022 Bir\u00eendar b\u00fb.<\/p>\n<p><strong>Fermandariya Gi\u015ft\u00ee ya YPJ\u2019\u00ea<\/strong><\/p>\n<p><strong>20.08.2022<\/strong><\/p>\n","protected":false},"excerpt":{"rendered":"<p>\u015eore\u015fa Rojava a ku bi p\u00ea\u015fengiya h\u00eaz\u00ean YPJ\u2019\u00ea, keda gel\u00ea her\u00eam\u00ea \u00fb bi xw\u00eena dehan \u015fervan\u00ean enternasyonal ve p\u00eak hat, her dem b\u00fbye hedefa \u00ear\u00ee\u015f\u00ean dewleta Tirk a dagirker \u00fb ew feraseta fa\u015fist bi al\u00eekar\u00ee \u00fb f\u00eenansekirina \u00e7etey\u00ean DA\u0130\u015e\u2019\u00ea, bi \u00ear\u00ee\u015f\u00ean dagirkeriy\u00ea heya hedef kirina p\u00ea\u015feng\u00ean \u015fore\u015fa Rojava, \u00ear\u00ee\u015fkariya xwe bi awayek\u00ea \u015f\u00eanber raxistiye ber [&hellip;]<\/p>\n","protected":false},"author":1,"featured_media":15440,"comment_status":"open","ping_status":"closed","sticky":false,"template":"","format":"standard","meta":{"footnotes":""},"categories":[39],"tags":[],"class_list":{"0":"post-15439","1":"post","2":"type-post","3":"status-publish","4":"format-standard","5":"has-post-thumbnail","7":"category-daxuyani"},"_links":{"self":[{"href":"https:\/\/ypjrojava.net\/index.php?rest_route=\/wp\/v2\/posts\/15439","targetHints":{"allow":["GET"]}}],"collection":[{"href":"https:\/\/ypjrojava.net\/index.php?rest_route=\/wp\/v2\/posts"}],"about":[{"href":"https:\/\/ypjrojava.net\/index.php?rest_route=\/wp\/v2\/types\/post"}],"author":[{"embeddable":true,"href":"https:\/\/ypjrojava.net\/index.php?rest_route=\/wp\/v2\/users\/1"}],"replies":[{"embeddable":true,"href":"https:\/\/ypjrojava.net\/index.php?rest_route=%2Fwp%2Fv2%2Fcomments&post=15439"}],"version-history":[{"count":1,"href":"https:\/\/ypjrojava.net\/index.php?rest_route=\/wp\/v2\/posts\/15439\/revisions"}],"predecessor-version":[{"id":15441,"href":"https:\/\/ypjrojava.net\/index.php?rest_route=\/wp\/v2\/posts\/15439\/revisions\/15441"}],"wp:featuredmedia":[{"embeddable":true,"href":"https:\/\/ypjrojava.net\/index.php?rest_route=\/wp\/v2\/media\/15440"}],"wp:attachment":[{"href":"https:\/\/ypjrojava.net\/index.php?rest_route=%2Fwp%2Fv2%2Fmedia&parent=15439"}],"wp:term":[{"taxonomy":"category","embeddable":true,"href":"https:\/\/ypjrojava.net\/index.php?rest_route=%2Fwp%2Fv2%2Fcategories&post=15439"},{"taxonomy":"post_tag","embeddable":true,"href":"https:\/\/ypjrojava.net\/index.php?rest_route=%2Fwp%2Fv2%2Ftags&post=15439"}],"curies":[{"name":"wp","href":"https:\/\/api.w.org\/{rel}","templated":true}]}}