{"id":15471,"date":"2022-11-05T06:02:10","date_gmt":"2022-11-05T06:02:10","guid":{"rendered":"https:\/\/ypjrojava.net\/?p=15471"},"modified":"2022-11-11T07:45:46","modified_gmt":"2022-11-11T07:45:46","slug":"di-nava-refen-ypje-de-du-hevreyen-tirkmen","status":"publish","type":"post","link":"https:\/\/ypjrojava.net\/?p=15471","title":{"rendered":"Di Nava Ref\u00ean YPJ\u2019\u00ea de Du Hevr\u00eay\u00ean Tirkmen"},"content":{"rendered":"<p>Du \u015eervan\u00ean Tirkmen y\u00ean Minbic\u00ea ji ber dagirkeriya dewleta Tirk a li ser axa Bak\u00fbr-Rojhilat\u00ea S\u00fbr\u00ee be\u015fdar\u00ee nava ref\u00ean YPJ\u2019\u00ea b\u00fbn.<\/p>\n<p>YPJ\u2019\u00ea, ji hem\u00fb jin\u00ean ku dil\u00ean wan ji bo azadiy\u00ea l\u00ea dide re, b\u00fb stargehek. YPJ li ser esas\u00ean parad\u00eegmaya demokrat\u00eek,ekoloj\u00eek \u00fb azad\u00eexwaziya jin\u00ea, bi berxwedaniyeke b\u00eahempa xwe mezin dike. Li ser xaka Bak\u00fbr-Rojhilat\u00ea S\u00fbr\u00ee jin\u00ean ku heb\u00fbna xwe di nava ref\u00ean YPJ\u2019\u00ea de dib\u00eenin, bi b\u00eer \u00fb baweriyeke mezin li hember\u00ee her c\u00fbre pol\u00eet\u00eekay\u00ean dagirkeriy\u00ea \u015fer\u00ea azadiy\u00ea didin me\u015fandin. Du \u015fervan\u00ean Tirkmen y\u00ean ku ji bajar\u00ea Minbic\u00ea ne ji bo ku li hember\u00ee \u00ear\u00ee\u015f\u00ean dagirkeriya dewleta fa\u015f\u00eest a Tirk parastina xaka xwe bikin be\u015fdar\u00ee nava ref\u00ean YPJ\u2019\u00ea dibin. \u015eervan\u00ean Tirkmen y\u00ean YPJ\u2019\u00ea wiha qala sedema tevl\u00eeb\u00fbna nava ref\u00ean azadiy\u00ea dikin: \u201cDi \u00ear\u00ee\u015f\u00ean dagirkeriya dewleta Tirk a li ser her\u00eam\u00ea de ya ku her\u00ee z\u00eade zilm\u00ea re r\u00fb bir \u00fb dim\u00eene jine. Li hember\u00ee v\u00ea yek\u00ea j\u00ee me biryara tevl\u00eebuna nava ref\u00ean YPJ\u2019\u00ea da.\u201d<\/p>\n<p><strong>KESEK NIKARE LI HEMBER\u00ce H\u00caZA JIN BISEKINE<\/strong><\/p>\n<p>\u015eervana YPJ\u2019\u00ea a bi nav\u00ea Xed\u00eece Xel\u00eel wiha behsa serp\u00eahatiya xwe ye nava ref\u00ean YPJ\u2019\u00ea dike: \u201cBi YPJ\u2019\u00ea re h\u00eaza parastina jin \u00fb maf\u00ea jinan \u00eefadeya xwe ditiy\u00ea. Bi h\u00eaza xwe ya hey\u00ee em dikarin parastina welat\u00ea xwe bikin. Em niha di \u00e7eper\u00ean p\u00ea\u015f de cih\u00ea xwe digrin, em ji bo parastina welat\u00ea xwe bikin her dem\u00ea amade ne. Ji bo parastina welat, jin xwed\u00ee v\u00eeneke mezine dikare parastina gel\u00ea xwe bike. Tu car\u00ee dewleta Tirk nikare bi tehd\u00eedan \u00e7av\u00ea me bitirs\u00eene. Em\u00ea her ti\u015ft\u00ee ji bo parastina welat\u00ea xwe \u00fb Serok\u00ea xwe bikin.\u201d<\/p>\n<p><strong>\u2018J\u0130 BO HEB\u00dbNA XWE EM\u00ca \u015eER B\u0130K\u0130N\u2019<\/strong><\/p>\n<p>\u015eervana YPJ\u2019\u00ea Heyam Em\u00een diyar kir ku YPJ ji bo maf\u00ea jinan \u00fb g\u00fbhertina feraseta zayendperest teko\u015f\u00een dike \u00fb wiha axaftin\u00ean xwe berdewam kir: \u201cMin di nava ref\u00ean YPJ\u2019\u00ea de d\u00eet ku jin dervay\u00ee kar\u00ea mal\u00ea j\u00ee dikare hem\u00fb qad\u00ean jiyan\u00ea de heb\u00fbna xwe \u00eefade bike. Em di civak\u00ea de ji ber feraseta baviksalar\u00ee bindest b\u00fbn \u00fb ji bo v\u00ea yek\u00ea j\u00ee me biryar da ku em tevl\u00ee nava ref\u00ean YPJ\u2019\u00ea bibin. Me did\u00eet ku YPJ\u2019\u00ea maf\u00ea jinan dipar\u00eaze \u00fb ji bo w\u00ea \u015fer dike.\u201d<br \/>\nYek j\u00ee sedama tevl\u00eeb\u00fbna \u015eervana YPJ\u2019\u00ea Heyam Em\u00een j\u00ee, tecr\u00eeta girankir\u00ee a li ser R\u00eaber Apo ye. Heyam li ser fikir \u00fb birdoz\u00ee ya ku R\u00eaber Apo af\u00eer\u00eener\u00ea w\u00ea ye xwe perwerde dike \u00fb wiha dib\u00eaje: \u201cEz ji rew\u015fa R\u00eabert\u00ee pir bandor b\u00fbm, ez niha pirt\u00fbk\u00ean R\u00eabert\u00ee dixw\u00eenim. Weke jineke teko\u015fer li hember\u00ee dagirkeriy\u00ea hem di war\u00ea le\u015fker\u00ee hem j\u00ee di war\u00ea birdoz\u00ee de xwe perwerde dikim da ku ez bikaribin parastina maf\u00ea tevah\u00ee jinan bikim.\u201d<\/p>\n<p>\u2018<strong>W\u00ca \u015eER\u00ca ME BI SERBIKEVE\u2019<\/strong><\/p>\n<p>Dewleta Tirk rojane \u00ear\u00ee\u015f\u00ean xwe y\u00ean dagirkeriy\u00ea li ser her\u00eam\u00ean Bak\u00fbr- Rojhilat\u00ea S\u00fbr\u00ee didom\u00eene. \u015eervan\u00ean azadiy\u00ea li hember\u00ee dagirkeriy\u00ea di \u00e7eperan dane. \u015eervana YPJ\u2019\u00ea Heyam bi biryardariyeke mezin di derbar\u00ea dagirkeriya dewleta Tirk wiha got: \u201cEm li hember\u00ee \u00ear\u00ee\u015f\u00ean dewleta Tirk guhertin\u00ean stratej\u00eek p\u00eakt\u00eenin \u00fb xwe perwerde dikin. Em\u00ea wisa bikin ku dewleta Tirk a dagiker ji van \u00ear\u00ee\u015f\u00ean xwe po\u015fman bibe. Serkeftin ya zarok\u00ea v\u00ee welat\u00ee ye. Ger ku hem\u00fb c\u00eehan li hember\u00ee me be j\u00ee em\u00ea li ber xwe bidin \u00fb em\u00ea welat\u00ea xwe bipar\u00eazin.\u201d<br \/>\n\u015eervan\u00ean Tirkmen Xed\u00eece Xel\u00eel \u00fb Heyam Em\u00een ji bo tevah\u00ee ciwan\u00ean Bak\u00fbr \u00fb Rojhilat\u00ea S\u00fbr\u00ee banga tevl\u00eeb\u00fbna nava ref\u00ean azadiy\u00ea kirin \u00fb wiha axaftin\u00ean bi daw\u00ee kirin: \u201cP\u00eaw\u00eeste hem\u00fb ciwan li hember\u00ee parastina welat xwe berpirsiyar bib\u00eenin, bi yekgirtin \u00fb r\u00eaxistinb\u00fbn\u00ea em dikarin li hember\u00ee dijmin\u00ea hov serkeftin\u00ea bidestbixin.\u201d<\/p>\n<p><img loading=\"lazy\" decoding=\"async\" class=\"alignnone size-medium wp-image-15473\" src=\"https:\/\/ypjrojava.net\/wp-content\/uploads\/2022\/11\/BH8A7573-300x200.jpg\" alt=\"\" width=\"300\" height=\"200\" srcset=\"https:\/\/ypjrojava.net\/wp-content\/uploads\/2022\/11\/BH8A7573-300x200.jpg 300w, https:\/\/ypjrojava.net\/wp-content\/uploads\/2022\/11\/BH8A7573-1024x683.jpg 1024w, https:\/\/ypjrojava.net\/wp-content\/uploads\/2022\/11\/BH8A7573-768x512.jpg 768w, https:\/\/ypjrojava.net\/wp-content\/uploads\/2022\/11\/BH8A7573-1536x1024.jpg 1536w, https:\/\/ypjrojava.net\/wp-content\/uploads\/2022\/11\/BH8A7573-2048x1365.jpg 2048w\" sizes=\"auto, (max-width: 300px) 100vw, 300px\" \/><\/p>\n<p><img loading=\"lazy\" decoding=\"async\" class=\"alignnone size-medium wp-image-15472\" src=\"https:\/\/ypjrojava.net\/wp-content\/uploads\/2022\/11\/BH8A6220-300x200.jpg\" alt=\"\" width=\"300\" height=\"200\" srcset=\"https:\/\/ypjrojava.net\/wp-content\/uploads\/2022\/11\/BH8A6220-300x200.jpg 300w, https:\/\/ypjrojava.net\/wp-content\/uploads\/2022\/11\/BH8A6220-1024x683.jpg 1024w, https:\/\/ypjrojava.net\/wp-content\/uploads\/2022\/11\/BH8A6220-768x512.jpg 768w, https:\/\/ypjrojava.net\/wp-content\/uploads\/2022\/11\/BH8A6220-1536x1024.jpg 1536w, https:\/\/ypjrojava.net\/wp-content\/uploads\/2022\/11\/BH8A6220-2048x1365.jpg 2048w\" sizes=\"auto, (max-width: 300px) 100vw, 300px\" \/><\/p>\n","protected":false},"excerpt":{"rendered":"<p>Du \u015eervan\u00ean Tirkmen y\u00ean Minbic\u00ea ji ber dagirkeriya dewleta Tirk a li ser axa Bak\u00fbr-Rojhilat\u00ea S\u00fbr\u00ee be\u015fdar\u00ee nava ref\u00ean YPJ\u2019\u00ea b\u00fbn. YPJ\u2019\u00ea, ji hem\u00fb jin\u00ean ku dil\u00ean wan ji bo azadiy\u00ea l\u00ea dide re, b\u00fb stargehek. YPJ li ser esas\u00ean parad\u00eegmaya demokrat\u00eek,ekoloj\u00eek \u00fb azad\u00eexwaziya jin\u00ea, bi berxwedaniyeke b\u00eahempa xwe mezin dike. Li ser xaka Bak\u00fbr-Rojhilat\u00ea [&hellip;]<\/p>\n","protected":false},"author":1,"featured_media":15473,"comment_status":"open","ping_status":"closed","sticky":false,"template":"","format":"standard","meta":{"footnotes":""},"categories":[38],"tags":[],"class_list":{"0":"post-15471","1":"post","2":"type-post","3":"status-publish","4":"format-standard","5":"has-post-thumbnail","7":"category-nuce"},"_links":{"self":[{"href":"https:\/\/ypjrojava.net\/index.php?rest_route=\/wp\/v2\/posts\/15471","targetHints":{"allow":["GET"]}}],"collection":[{"href":"https:\/\/ypjrojava.net\/index.php?rest_route=\/wp\/v2\/posts"}],"about":[{"href":"https:\/\/ypjrojava.net\/index.php?rest_route=\/wp\/v2\/types\/post"}],"author":[{"embeddable":true,"href":"https:\/\/ypjrojava.net\/index.php?rest_route=\/wp\/v2\/users\/1"}],"replies":[{"embeddable":true,"href":"https:\/\/ypjrojava.net\/index.php?rest_route=%2Fwp%2Fv2%2Fcomments&post=15471"}],"version-history":[{"count":2,"href":"https:\/\/ypjrojava.net\/index.php?rest_route=\/wp\/v2\/posts\/15471\/revisions"}],"predecessor-version":[{"id":15515,"href":"https:\/\/ypjrojava.net\/index.php?rest_route=\/wp\/v2\/posts\/15471\/revisions\/15515"}],"wp:featuredmedia":[{"embeddable":true,"href":"https:\/\/ypjrojava.net\/index.php?rest_route=\/wp\/v2\/media\/15473"}],"wp:attachment":[{"href":"https:\/\/ypjrojava.net\/index.php?rest_route=%2Fwp%2Fv2%2Fmedia&parent=15471"}],"wp:term":[{"taxonomy":"category","embeddable":true,"href":"https:\/\/ypjrojava.net\/index.php?rest_route=%2Fwp%2Fv2%2Fcategories&post=15471"},{"taxonomy":"post_tag","embeddable":true,"href":"https:\/\/ypjrojava.net\/index.php?rest_route=%2Fwp%2Fv2%2Ftags&post=15471"}],"curies":[{"name":"wp","href":"https:\/\/api.w.org\/{rel}","templated":true}]}}