{"id":15520,"date":"2022-11-20T11:08:59","date_gmt":"2022-11-20T11:08:59","guid":{"rendered":"https:\/\/ypjrojava.net\/?p=15520"},"modified":"2022-11-20T11:08:59","modified_gmt":"2022-11-20T11:08:59","slug":"ji-gele-me-u-raya-gisti-re-9","status":"publish","type":"post","link":"https:\/\/ypjrojava.net\/?p=15520","title":{"rendered":"Ji Gel\u00ea me \u00fb Raya Gi\u015ft\u00ee Re!"},"content":{"rendered":"<p>Dewleta Tirk a dagirker ku her dem bi ruy\u00ea xwe y\u00ea qirker ve fa\u015fizma xwe raber kiriye, her cure r\u00eabaz\u00ean hovane li hember gela bi kar aniye. \u00cari\u015f\u00ean ku di 19\u2019\u00ea Mijdar\u00ea di saet 12:00\u2019\u00ea \u015fev\u00ea li D\u00earik, Koban\u00ea, Eyn \u0130sa, Dirb\u00easiy\u00ea, Zirgan, \u015eehba \u00fb Til Rifet ku hem\u00fb axa Rojava \u00fb Bak\u00fbr \u00fb Rojhilat\u00ea S\u00fbr\u00ee p\u00eak t\u00ean qirkeriya v\u00ea fa\u015fizm\u00ea ye.<\/p>\n<p>Erdoxan\u00ea fa\u015fist ku her \u00e7iqas\u00ee provokasyona li Stenbol\u00ea weke hinceta \u00eari\u015f\u00ea diyar kir j\u00ee l\u00ea her kes dizane ku amadekariya \u00ear\u00ee\u015f\u00ean seranser\u00ea Rojava \u00fb Bak\u00fbr \u00fb Rojhilat\u00ea ber\u00ea de hatib\u00fb plan kirin. Rejima Teror\u00ee a Erdoxan \u00e7awa ku bi dest\u00ea xwe gel\u00ea xwe qetil kir, \u00eero bi feraseta qirker \u00ear\u00ee\u015f dike. L\u00ea div\u00ea fa\u015fizma AKP \u00fb MHP\u2019\u00ea bizanibe ku w\u00ea bi sernekevin.<\/p>\n<p>Em dizanin ku gel\u00ea me y\u00ea axa xwe ku bi xw\u00eena deh hezar \u015feh\u00eedan ve hatiye avdan li hember dagirkeriy\u00ea bipar\u00eaze \u00fb welatpar\u00eaz\u00ee \u00fb gir\u00eadana nirx\u00ean xwe diyar bike. Div\u00ea jin \u00fb ciwan\u00ean Rojava \u00fb Bak\u00fbr \u00fb Rojhilat\u00ea S\u00fbr\u00ee li hember van \u00ear\u00ee\u015fan axa xwe bipar\u00eazin \u00fb cih\u00ea xwe di \u00e7eper\u00ean parastina ax \u00fb welat de bigrin.<\/p>\n<p>Em ji bo gel\u00ea me y\u00ea qehreman y\u00ea ku di v\u00ea komkujiy\u00ea de jiyana xwe ji dest dan, ji hem\u00fb gel\u00ea xwe re \u00a0sersaxiy\u00ea dixwazin \u00fb em ji hem\u00fb bir\u00eendaran re \u015fifa dixwazin. Bila gel\u00ea me bizanibe ku em\u00ea tola gel\u00ea xwe y\u00ea hatiye qirkirin rabikin. Ev \u00ear\u00ee\u015f a yekem\u00een n\u00eene ku ji aliy\u00ea dewleta Tirk a terorist ve p\u00eak t\u00ea \u00fb w\u00ea nebe ya daw\u00ee j\u00ee, l\u00ea weke ku me j\u00ee tu caran li hember \u00ear\u00ee\u015fan ser\u00ee netewandiye ji \u00eero \u015f\u00fbndetir j\u00ee em\u00ea bi tu away\u00ee pa\u015fde gav nedin. Em\u00ea bi \u00e7anda xwe ya berxwed\u00ear ku li her dever\u00ea serkeftin bi dest xistine ve t\u00eabiko\u015fin \u00fb v\u00ea feraseta qirker a rejima teror\u00ee t\u00eak bibin.<\/p>\n<p><strong>Fermandariya Gi\u015ft\u00ee a YPJ<\/strong><\/p>\n<p><strong>20.11.2022<\/strong><\/p>\n<p>&nbsp;<\/p>\n<p>&nbsp;<\/p>\n","protected":false},"excerpt":{"rendered":"<p>Dewleta Tirk a dagirker ku her dem bi ruy\u00ea xwe y\u00ea qirker ve fa\u015fizma xwe raber kiriye, her cure r\u00eabaz\u00ean hovane li hember gela bi kar aniye. \u00cari\u015f\u00ean ku di 19\u2019\u00ea Mijdar\u00ea di saet 12:00\u2019\u00ea \u015fev\u00ea li D\u00earik, Koban\u00ea, Eyn \u0130sa, Dirb\u00easiy\u00ea, Zirgan, \u015eehba \u00fb Til Rifet ku hem\u00fb axa Rojava \u00fb Bak\u00fbr \u00fb Rojhilat\u00ea [&hellip;]<\/p>\n","protected":false},"author":1,"featured_media":15480,"comment_status":"open","ping_status":"closed","sticky":false,"template":"","format":"standard","meta":{"footnotes":""},"categories":[39],"tags":[],"class_list":{"0":"post-15520","1":"post","2":"type-post","3":"status-publish","4":"format-standard","5":"has-post-thumbnail","7":"category-daxuyani"},"_links":{"self":[{"href":"https:\/\/ypjrojava.net\/index.php?rest_route=\/wp\/v2\/posts\/15520","targetHints":{"allow":["GET"]}}],"collection":[{"href":"https:\/\/ypjrojava.net\/index.php?rest_route=\/wp\/v2\/posts"}],"about":[{"href":"https:\/\/ypjrojava.net\/index.php?rest_route=\/wp\/v2\/types\/post"}],"author":[{"embeddable":true,"href":"https:\/\/ypjrojava.net\/index.php?rest_route=\/wp\/v2\/users\/1"}],"replies":[{"embeddable":true,"href":"https:\/\/ypjrojava.net\/index.php?rest_route=%2Fwp%2Fv2%2Fcomments&post=15520"}],"version-history":[{"count":1,"href":"https:\/\/ypjrojava.net\/index.php?rest_route=\/wp\/v2\/posts\/15520\/revisions"}],"predecessor-version":[{"id":15521,"href":"https:\/\/ypjrojava.net\/index.php?rest_route=\/wp\/v2\/posts\/15520\/revisions\/15521"}],"wp:featuredmedia":[{"embeddable":true,"href":"https:\/\/ypjrojava.net\/index.php?rest_route=\/wp\/v2\/media\/15480"}],"wp:attachment":[{"href":"https:\/\/ypjrojava.net\/index.php?rest_route=%2Fwp%2Fv2%2Fmedia&parent=15520"}],"wp:term":[{"taxonomy":"category","embeddable":true,"href":"https:\/\/ypjrojava.net\/index.php?rest_route=%2Fwp%2Fv2%2Fcategories&post=15520"},{"taxonomy":"post_tag","embeddable":true,"href":"https:\/\/ypjrojava.net\/index.php?rest_route=%2Fwp%2Fv2%2Ftags&post=15520"}],"curies":[{"name":"wp","href":"https:\/\/api.w.org\/{rel}","templated":true}]}}