{"id":15534,"date":"2022-12-07T09:53:07","date_gmt":"2022-12-07T09:53:07","guid":{"rendered":"https:\/\/ypjrojava.net\/?p=15534"},"modified":"2022-12-07T09:53:07","modified_gmt":"2022-12-07T09:53:07","slug":"dewleta-tirk-a-dagirker-her-care-bi-reka-nuceyen-xwe-yen-manipulasyone-dixwaze-li-ser-binkeftinen-xwe-bigre","status":"publish","type":"post","link":"https:\/\/ypjrojava.net\/?p=15534","title":{"rendered":"Dewleta Tirk a dagirker her car\u00ea bi r\u00eaka n\u00fb\u00e7ey\u00ean xwe y\u00ean manipulasyon\u00ea dixwaze li ser binkeftin\u00ean xwe bigre."},"content":{"rendered":"<p><strong>Ji Bo Gel\u00ea me \u00fb Raya Gi\u015ft\u00ee!<\/strong><\/p>\n<p>Dewleta Tirk a dagirker her car\u00ea bi r\u00eaka n\u00fb\u00e7ey\u00ean xwe y\u00ean manipulasyon\u00ea dixwaze li ser binkeftin\u00ean xwe bigre. Her roj agahiy\u00ean hevr\u00eay\u00ean me y\u00ean ku me \u015fehadet\u00ean wan di dem\u00ean derbasb\u00fby\u00ee de ji raya gi\u015ft\u00ee re e\u015fkere kiriye, \u00a0weke ku ew heval n\u00fb \u015feh\u00eed b\u00fbne p\u00ea\u015fk\u00ea\u015f\u00ee civak\u00ea dike. Ev r\u00eabaza ku dewleta Tirk a dagirker bi kar t\u00eene yek ji r\u00eabaz\u00ean feraseta dewlet\u00ean desthilatdar \u00fb fa\u015fist e. Ev kiryara dewlete Tirk a \u00e7ete careke din n\u00ee\u015faneya b\u00ea \u00e7aretiya h\u00fbk\u00fbmeta fa\u015f\u00eest a Tirk e.<\/p>\n<p>Hevr\u00eaya me Mizg\u00een Koban\u00ea, di 2\u2019y\u00ea T\u00eermeh\u00ea de di encama \u00ear\u00ee\u015fa balafir\u00ean b\u00eamirov a dewleta Tirk a \u00e7ete \u00fb dagirker de li Reqa \u015feh\u00eed bib\u00fb, me ev buyer bi gel\u00ea xwe \u00fb raya gi\u015ft\u00ee re di d\u00eeroka 03 T\u00eermeha 2022\u2019yan de parve kirib\u00fb.<\/p>\n<p>L\u00ea dewleta Tirk weke ku ev buyer n\u00fb qewimiye cardin b\u00eaexleqiyeka\u00a0 xweji hem\u00fb c\u00eehan\u00ea re e\u015fkere dike.<\/p>\n<p><img loading=\"lazy\" decoding=\"async\" class=\"size-medium wp-image-15535 alignleft\" src=\"https:\/\/ypjrojava.net\/wp-content\/uploads\/2022\/12\/YPJ-7-\u0646\u0633\u062e-225x300.jpg\" alt=\"\" width=\"225\" height=\"300\" srcset=\"https:\/\/ypjrojava.net\/wp-content\/uploads\/2022\/12\/YPJ-7-\u0646\u0633\u062e-225x300.jpg 225w, https:\/\/ypjrojava.net\/wp-content\/uploads\/2022\/12\/YPJ-7-\u0646\u0633\u062e.jpg 768w\" sizes=\"auto, (max-width: 225px) 100vw, 225px\" \/><\/p>\n<p><strong>Nasnameya Hevr\u00eaya me Mizg\u00een Koban\u00ea wiha ye; <\/strong><\/p>\n<p>Nasnav: Mizg\u00een Koban\u00ea<\/p>\n<p>Nav \u00fb Pa\u015fnav: Siham Mislim<\/p>\n<p>Nav\u00ea Day\u00eek:\u00a0 Em\u00eene<\/p>\n<p>Nav\u00ea Bav: Ehemed<\/p>\n<p>Cih\u00ea ji Day\u00eekb\u00fbn\u00ea: 1990-Koban\u00ea<\/p>\n<p>Cih \u00fb D\u00eeroka \u015fehadete: Reqa-02.07.2022<\/p>\n<p><strong>Fermandariya Gi\u015ft\u00ee a YPJ\u2019\u00ea<\/strong><\/p>\n<p><strong>06.12.2022 <\/strong><\/p>\n<p>&nbsp;<\/p>\n","protected":false},"excerpt":{"rendered":"<p>Ji Bo Gel\u00ea me \u00fb Raya Gi\u015ft\u00ee! Dewleta Tirk a dagirker her car\u00ea bi r\u00eaka n\u00fb\u00e7ey\u00ean xwe y\u00ean manipulasyon\u00ea dixwaze li ser binkeftin\u00ean xwe bigre. Her roj agahiy\u00ean hevr\u00eay\u00ean me y\u00ean ku me \u015fehadet\u00ean wan di dem\u00ean derbasb\u00fby\u00ee de ji raya gi\u015ft\u00ee re e\u015fkere kiriye, \u00a0weke ku ew heval n\u00fb \u015feh\u00eed b\u00fbne p\u00ea\u015fk\u00ea\u015f\u00ee civak\u00ea dike. [&hellip;]<\/p>\n","protected":false},"author":1,"featured_media":15480,"comment_status":"open","ping_status":"closed","sticky":false,"template":"","format":"standard","meta":{"footnotes":""},"categories":[39],"tags":[],"class_list":{"0":"post-15534","1":"post","2":"type-post","3":"status-publish","4":"format-standard","5":"has-post-thumbnail","7":"category-daxuyani"},"_links":{"self":[{"href":"https:\/\/ypjrojava.net\/index.php?rest_route=\/wp\/v2\/posts\/15534","targetHints":{"allow":["GET"]}}],"collection":[{"href":"https:\/\/ypjrojava.net\/index.php?rest_route=\/wp\/v2\/posts"}],"about":[{"href":"https:\/\/ypjrojava.net\/index.php?rest_route=\/wp\/v2\/types\/post"}],"author":[{"embeddable":true,"href":"https:\/\/ypjrojava.net\/index.php?rest_route=\/wp\/v2\/users\/1"}],"replies":[{"embeddable":true,"href":"https:\/\/ypjrojava.net\/index.php?rest_route=%2Fwp%2Fv2%2Fcomments&post=15534"}],"version-history":[{"count":1,"href":"https:\/\/ypjrojava.net\/index.php?rest_route=\/wp\/v2\/posts\/15534\/revisions"}],"predecessor-version":[{"id":15536,"href":"https:\/\/ypjrojava.net\/index.php?rest_route=\/wp\/v2\/posts\/15534\/revisions\/15536"}],"wp:featuredmedia":[{"embeddable":true,"href":"https:\/\/ypjrojava.net\/index.php?rest_route=\/wp\/v2\/media\/15480"}],"wp:attachment":[{"href":"https:\/\/ypjrojava.net\/index.php?rest_route=%2Fwp%2Fv2%2Fmedia&parent=15534"}],"wp:term":[{"taxonomy":"category","embeddable":true,"href":"https:\/\/ypjrojava.net\/index.php?rest_route=%2Fwp%2Fv2%2Fcategories&post=15534"},{"taxonomy":"post_tag","embeddable":true,"href":"https:\/\/ypjrojava.net\/index.php?rest_route=%2Fwp%2Fv2%2Ftags&post=15534"}],"curies":[{"name":"wp","href":"https:\/\/api.w.org\/{rel}","templated":true}]}}