{"id":15538,"date":"2022-12-07T09:55:13","date_gmt":"2022-12-07T09:55:13","guid":{"rendered":"https:\/\/ypjrojava.net\/?p=15538"},"modified":"2022-12-07T09:58:42","modified_gmt":"2022-12-07T09:58:42","slug":"becaretiya-dewleta-tirk-a-dagirker-di-nuceyen-derewin-de","status":"publish","type":"post","link":"https:\/\/ypjrojava.net\/?p=15538","title":{"rendered":"B\u00ea\u00e7aretiya Dewleta Tirk a dagirker di n\u00fb\u00e7ey\u00ean derew\u00een de ."},"content":{"rendered":"<p><strong>Ji Bo Gel\u00ea me \u00fb Raya Gi\u015ft\u00ee!<\/strong><\/p>\n<p>B\u00ea\u00e7aretiya Dewleta Tirk a dagirker di n\u00fb\u00e7ey\u00ean derew\u00een de xwe gihande l\u00fbtkey\u00ea. Dewleta Tirk a fa\u015fist ku bi \u00ear\u00ee\u015f, gef \u00fb derewan hewl dide civak\u00ea bitirs\u00eene, bixap\u00eene \u00fb lewaziy\u00ean xwe ve\u015f\u00eare, ten\u00ea bi v\u00ea r\u00eabaz\u00ea hewl dide itibara xwe bipar\u00eaze. Ruy\u00ea dewleta Tirk a \u00e7ete ku di bingeh\u00ea xwe de li ser derewan hatiye sazkirin careke din bi n\u00fb\u00e7ey\u00ean heval\u00ean me y\u00ean ku me \u015fehadet\u00ean wan di dem\u00ean derbasb\u00fby\u00ee de ji raya gi\u015ft\u00ee re e\u015fkere kiriye, \u00a0weke ku ew heval n\u00fb \u015feh\u00eed b\u00fbne parve dike.<\/p>\n<p>Dewleta Tirk a dagirker di 22\u2019y\u00ea T\u00eermeh\u00ea de li ser r\u00eaya Qami\u015flo bi balafira b\u00eamirov \u00ear\u00ee\u015f\u00ea seyareyek\u00ea kir \u00fb di encama v\u00ea \u00ear\u00ee\u015f\u00ea de fermandar Roj Xab\u00fbr bi fermandar Jiyan Tolhildan \u00fb hevr\u00eaya me Bar\u00een Botan \u015feh\u00eed b\u00fbn. \u00db me \u015fehadeta van hevalan di 23\u2019y\u00ea T\u00eermeh\u00ea de bi gel\u00ea xwe \u00fb Raya gi\u015ft\u00ee re parve kirib\u00fb. Dewleta Tirk a derewker n\u00fb\u00e7ey\u00ean weke ku niha \u00ear\u00ee\u015f kirin e \u00fb Fermandar Roj Xab\u00fbr \u015feh\u00eed buye parve dikin.<\/p>\n<p>Dewleta Tirk a fa\u015fist tengav\u00ee, b\u00ea\u00e7aret\u00ee \u00fb zeefiyeta xwe bi n\u00fb\u00e7ey\u00ean wisa parve kirine ve diyar dikin. Div\u00ea gel\u00ea me itibara van n\u00fb\u00e7ey\u00ean derew \u00ean dewleta Tirk a dagirker nekin \u00fb ruy\u00ea derew\u00een \u00ea dewleta Tirk a fa\u015fist nas bikin.<\/p>\n<p>&nbsp;<\/p>\n<p><strong><img loading=\"lazy\" decoding=\"async\" class=\"size-medium wp-image-15539 alignleft\" src=\"https:\/\/ypjrojava.net\/wp-content\/uploads\/2022\/12\/8e6ec177-3e3d-4d19-97a0-7c2814bd4a3d-217x300.jpg\" alt=\"\" width=\"217\" height=\"300\" \/>Nasnameya Hevr\u00eaya me Roj Xab\u00fbr wiha ye; <\/strong><\/p>\n<p>Nasnav: Roj Xab\u00fbr<\/p>\n<p>Nav \u00fb Pa\u015fnav: Ciwana Heso<\/p>\n<p>Nav\u00ea Day\u00eek:\u00a0 \u015eems<\/p>\n<p>Nav\u00ea Bav: Hesen<\/p>\n<p>Cih\u00ea ji Day\u00eekb\u00fbn\u00ea: 1992-Dirb\u00easiy\u00ea<\/p>\n<p>Cih \u00fb D\u00eeroka \u015eehadet\u00ea: Qami\u015flo-22.07.2022<\/p>\n<p><strong>\u00a0<\/strong><\/p>\n<p><strong>Fermandariya Gi\u015ft\u00ee a YPJ\u2019\u00ea<\/strong><\/p>\n<p><strong>07.12.2022 <\/strong><\/p>\n","protected":false},"excerpt":{"rendered":"<p>Ji Bo Gel\u00ea me \u00fb Raya Gi\u015ft\u00ee! B\u00ea\u00e7aretiya Dewleta Tirk a dagirker di n\u00fb\u00e7ey\u00ean derew\u00een de xwe gihande l\u00fbtkey\u00ea. Dewleta Tirk a fa\u015fist ku bi \u00ear\u00ee\u015f, gef \u00fb derewan hewl dide civak\u00ea bitirs\u00eene, bixap\u00eene \u00fb lewaziy\u00ean xwe ve\u015f\u00eare, ten\u00ea bi v\u00ea r\u00eabaz\u00ea hewl dide itibara xwe bipar\u00eaze. Ruy\u00ea dewleta Tirk a \u00e7ete ku di bingeh\u00ea [&hellip;]<\/p>\n","protected":false},"author":1,"featured_media":15440,"comment_status":"open","ping_status":"closed","sticky":false,"template":"","format":"standard","meta":{"footnotes":""},"categories":[39],"tags":[],"class_list":{"0":"post-15538","1":"post","2":"type-post","3":"status-publish","4":"format-standard","5":"has-post-thumbnail","7":"category-daxuyani"},"_links":{"self":[{"href":"https:\/\/ypjrojava.net\/index.php?rest_route=\/wp\/v2\/posts\/15538","targetHints":{"allow":["GET"]}}],"collection":[{"href":"https:\/\/ypjrojava.net\/index.php?rest_route=\/wp\/v2\/posts"}],"about":[{"href":"https:\/\/ypjrojava.net\/index.php?rest_route=\/wp\/v2\/types\/post"}],"author":[{"embeddable":true,"href":"https:\/\/ypjrojava.net\/index.php?rest_route=\/wp\/v2\/users\/1"}],"replies":[{"embeddable":true,"href":"https:\/\/ypjrojava.net\/index.php?rest_route=%2Fwp%2Fv2%2Fcomments&post=15538"}],"version-history":[{"count":1,"href":"https:\/\/ypjrojava.net\/index.php?rest_route=\/wp\/v2\/posts\/15538\/revisions"}],"predecessor-version":[{"id":15540,"href":"https:\/\/ypjrojava.net\/index.php?rest_route=\/wp\/v2\/posts\/15538\/revisions\/15540"}],"wp:featuredmedia":[{"embeddable":true,"href":"https:\/\/ypjrojava.net\/index.php?rest_route=\/wp\/v2\/media\/15440"}],"wp:attachment":[{"href":"https:\/\/ypjrojava.net\/index.php?rest_route=%2Fwp%2Fv2%2Fmedia&parent=15538"}],"wp:term":[{"taxonomy":"category","embeddable":true,"href":"https:\/\/ypjrojava.net\/index.php?rest_route=%2Fwp%2Fv2%2Fcategories&post=15538"},{"taxonomy":"post_tag","embeddable":true,"href":"https:\/\/ypjrojava.net\/index.php?rest_route=%2Fwp%2Fv2%2Ftags&post=15538"}],"curies":[{"name":"wp","href":"https:\/\/api.w.org\/{rel}","templated":true}]}}