{"id":15554,"date":"2022-12-07T10:08:01","date_gmt":"2022-12-07T10:08:01","guid":{"rendered":"https:\/\/ypjrojava.net\/?p=15554"},"modified":"2022-12-07T10:08:01","modified_gmt":"2022-12-07T10:08:01","slug":"dimen-u-weneyen-santrala-kerebe-e-tepe-cesan-ku-duh-sev-ji-aliye-dewleta-tirk-a-dagirker-ve-hatiye-ledan","status":"publish","type":"post","link":"https:\/\/ypjrojava.net\/?p=15554","title":{"rendered":"D\u00eemen \u00fb w\u00eaney\u00ean santrala Kereb\u00ea \u00ea tep\u00ea C\u00ea\u015fan ku duh \u015fev ji aliy\u00ea dewleta Tirk a dagirker ve hatiye l\u00eadan."},"content":{"rendered":"<p><img loading=\"lazy\" decoding=\"async\" class=\"alignnone size-medium wp-image-15555\" src=\"https:\/\/ypjrojava.net\/wp-content\/uploads\/2022\/12\/Dimen-u-weneyen-santrala-Kerebe-e-tepe-Cesan-ku-duh-sev-ji-aliye-dewleta-Tirk-a-dagirker-ve-hatiye-ledan.-YPJ-2-300x135.jpeg\" alt=\"\" width=\"300\" height=\"135\" srcset=\"https:\/\/ypjrojava.net\/wp-content\/uploads\/2022\/12\/Dimen-u-weneyen-santrala-Kerebe-e-tepe-Cesan-ku-duh-sev-ji-aliye-dewleta-Tirk-a-dagirker-ve-hatiye-ledan.-YPJ-2-300x135.jpeg 300w, https:\/\/ypjrojava.net\/wp-content\/uploads\/2022\/12\/Dimen-u-weneyen-santrala-Kerebe-e-tepe-Cesan-ku-duh-sev-ji-aliye-dewleta-Tirk-a-dagirker-ve-hatiye-ledan.-YPJ-2-1024x461.jpeg 1024w, https:\/\/ypjrojava.net\/wp-content\/uploads\/2022\/12\/Dimen-u-weneyen-santrala-Kerebe-e-tepe-Cesan-ku-duh-sev-ji-aliye-dewleta-Tirk-a-dagirker-ve-hatiye-ledan.-YPJ-2-768x346.jpeg 768w, https:\/\/ypjrojava.net\/wp-content\/uploads\/2022\/12\/Dimen-u-weneyen-santrala-Kerebe-e-tepe-Cesan-ku-duh-sev-ji-aliye-dewleta-Tirk-a-dagirker-ve-hatiye-ledan.-YPJ-2-1536x692.jpeg 1536w, https:\/\/ypjrojava.net\/wp-content\/uploads\/2022\/12\/Dimen-u-weneyen-santrala-Kerebe-e-tepe-Cesan-ku-duh-sev-ji-aliye-dewleta-Tirk-a-dagirker-ve-hatiye-ledan.-YPJ-2.jpeg 1600w\" sizes=\"auto, (max-width: 300px) 100vw, 300px\" \/> <img loading=\"lazy\" decoding=\"async\" class=\"alignnone size-medium wp-image-15556\" src=\"https:\/\/ypjrojava.net\/wp-content\/uploads\/2022\/12\/Dimen-u-weneyen-santrala-Kerebe-e-tepe-Cesan-ku-duh-sev-ji-aliye-dewleta-Tirk-a-dagirker-ve-hatiye-ledan.-YPJ-3-300x135.jpeg\" alt=\"\" width=\"300\" height=\"135\" srcset=\"https:\/\/ypjrojava.net\/wp-content\/uploads\/2022\/12\/Dimen-u-weneyen-santrala-Kerebe-e-tepe-Cesan-ku-duh-sev-ji-aliye-dewleta-Tirk-a-dagirker-ve-hatiye-ledan.-YPJ-3-300x135.jpeg 300w, https:\/\/ypjrojava.net\/wp-content\/uploads\/2022\/12\/Dimen-u-weneyen-santrala-Kerebe-e-tepe-Cesan-ku-duh-sev-ji-aliye-dewleta-Tirk-a-dagirker-ve-hatiye-ledan.-YPJ-3-1024x461.jpeg 1024w, https:\/\/ypjrojava.net\/wp-content\/uploads\/2022\/12\/Dimen-u-weneyen-santrala-Kerebe-e-tepe-Cesan-ku-duh-sev-ji-aliye-dewleta-Tirk-a-dagirker-ve-hatiye-ledan.-YPJ-3-768x346.jpeg 768w, https:\/\/ypjrojava.net\/wp-content\/uploads\/2022\/12\/Dimen-u-weneyen-santrala-Kerebe-e-tepe-Cesan-ku-duh-sev-ji-aliye-dewleta-Tirk-a-dagirker-ve-hatiye-ledan.-YPJ-3-1536x692.jpeg 1536w, https:\/\/ypjrojava.net\/wp-content\/uploads\/2022\/12\/Dimen-u-weneyen-santrala-Kerebe-e-tepe-Cesan-ku-duh-sev-ji-aliye-dewleta-Tirk-a-dagirker-ve-hatiye-ledan.-YPJ-3.jpeg 1600w\" sizes=\"auto, (max-width: 300px) 100vw, 300px\" \/><\/p>\n","protected":false},"excerpt":{"rendered":"","protected":false},"author":1,"featured_media":15556,"comment_status":"open","ping_status":"closed","sticky":false,"template":"","format":"standard","meta":{"footnotes":""},"categories":[40],"tags":[],"class_list":{"0":"post-15554","1":"post","2":"type-post","3":"status-publish","4":"format-standard","5":"has-post-thumbnail","7":"category-wene"},"_links":{"self":[{"href":"https:\/\/ypjrojava.net\/index.php?rest_route=\/wp\/v2\/posts\/15554","targetHints":{"allow":["GET"]}}],"collection":[{"href":"https:\/\/ypjrojava.net\/index.php?rest_route=\/wp\/v2\/posts"}],"about":[{"href":"https:\/\/ypjrojava.net\/index.php?rest_route=\/wp\/v2\/types\/post"}],"author":[{"embeddable":true,"href":"https:\/\/ypjrojava.net\/index.php?rest_route=\/wp\/v2\/users\/1"}],"replies":[{"embeddable":true,"href":"https:\/\/ypjrojava.net\/index.php?rest_route=%2Fwp%2Fv2%2Fcomments&post=15554"}],"version-history":[{"count":1,"href":"https:\/\/ypjrojava.net\/index.php?rest_route=\/wp\/v2\/posts\/15554\/revisions"}],"predecessor-version":[{"id":15557,"href":"https:\/\/ypjrojava.net\/index.php?rest_route=\/wp\/v2\/posts\/15554\/revisions\/15557"}],"wp:featuredmedia":[{"embeddable":true,"href":"https:\/\/ypjrojava.net\/index.php?rest_route=\/wp\/v2\/media\/15556"}],"wp:attachment":[{"href":"https:\/\/ypjrojava.net\/index.php?rest_route=%2Fwp%2Fv2%2Fmedia&parent=15554"}],"wp:term":[{"taxonomy":"category","embeddable":true,"href":"https:\/\/ypjrojava.net\/index.php?rest_route=%2Fwp%2Fv2%2Fcategories&post=15554"},{"taxonomy":"post_tag","embeddable":true,"href":"https:\/\/ypjrojava.net\/index.php?rest_route=%2Fwp%2Fv2%2Ftags&post=15554"}],"curies":[{"name":"wp","href":"https:\/\/api.w.org\/{rel}","templated":true}]}}