{"id":15586,"date":"2022-12-07T10:14:56","date_gmt":"2022-12-07T10:14:56","guid":{"rendered":"https:\/\/ypjrojava.net\/?p=15586"},"modified":"2022-12-07T10:14:56","modified_gmt":"2022-12-07T10:14:56","slug":"di-van-keliyan-de-gunde-siftek-asme-carixli-e-kobane-u-qada-48-a-kobane-bi-ceken-giran-te-topbaran-kirin","status":"publish","type":"post","link":"https:\/\/ypjrojava.net\/?p=15586","title":{"rendered":"Di van k\u00ealiyan de gund\u00ea Siftek, A\u015fm\u00ea, \u00c7arixl\u00ee \u00ea Koban\u00ea \u00fb qada 48 a Koban\u00ea bi \u00e7ek\u00ean giran t\u00ea topbaran kirin."},"content":{"rendered":"<p><img loading=\"lazy\" decoding=\"async\" class=\"alignnone size-medium wp-image-15587\" src=\"https:\/\/ypjrojava.net\/wp-content\/uploads\/2022\/12\/Di-van-keliyan-de-gunde-Siftek-Asme-Carixli-e-Kobane-u-qada-48-a-Kobane-bi-ceken-giran-te-topbaran-kirin.-YPJ-300x169.jpeg\" alt=\"\" width=\"300\" height=\"169\" srcset=\"https:\/\/ypjrojava.net\/wp-content\/uploads\/2022\/12\/Di-van-keliyan-de-gunde-Siftek-Asme-Carixli-e-Kobane-u-qada-48-a-Kobane-bi-ceken-giran-te-topbaran-kirin.-YPJ-300x169.jpeg 300w, https:\/\/ypjrojava.net\/wp-content\/uploads\/2022\/12\/Di-van-keliyan-de-gunde-Siftek-Asme-Carixli-e-Kobane-u-qada-48-a-Kobane-bi-ceken-giran-te-topbaran-kirin.-YPJ-768x432.jpeg 768w, https:\/\/ypjrojava.net\/wp-content\/uploads\/2022\/12\/Di-van-keliyan-de-gunde-Siftek-Asme-Carixli-e-Kobane-u-qada-48-a-Kobane-bi-ceken-giran-te-topbaran-kirin.-YPJ-390x220.jpeg 390w, https:\/\/ypjrojava.net\/wp-content\/uploads\/2022\/12\/Di-van-keliyan-de-gunde-Siftek-Asme-Carixli-e-Kobane-u-qada-48-a-Kobane-bi-ceken-giran-te-topbaran-kirin.-YPJ.jpeg 960w\" sizes=\"auto, (max-width: 300px) 100vw, 300px\" \/><\/p>\n","protected":false},"excerpt":{"rendered":"","protected":false},"author":1,"featured_media":15587,"comment_status":"open","ping_status":"closed","sticky":false,"template":"","format":"standard","meta":{"footnotes":""},"categories":[40],"tags":[],"class_list":{"0":"post-15586","1":"post","2":"type-post","3":"status-publish","4":"format-standard","5":"has-post-thumbnail","7":"category-wene"},"_links":{"self":[{"href":"https:\/\/ypjrojava.net\/index.php?rest_route=\/wp\/v2\/posts\/15586","targetHints":{"allow":["GET"]}}],"collection":[{"href":"https:\/\/ypjrojava.net\/index.php?rest_route=\/wp\/v2\/posts"}],"about":[{"href":"https:\/\/ypjrojava.net\/index.php?rest_route=\/wp\/v2\/types\/post"}],"author":[{"embeddable":true,"href":"https:\/\/ypjrojava.net\/index.php?rest_route=\/wp\/v2\/users\/1"}],"replies":[{"embeddable":true,"href":"https:\/\/ypjrojava.net\/index.php?rest_route=%2Fwp%2Fv2%2Fcomments&post=15586"}],"version-history":[{"count":1,"href":"https:\/\/ypjrojava.net\/index.php?rest_route=\/wp\/v2\/posts\/15586\/revisions"}],"predecessor-version":[{"id":15588,"href":"https:\/\/ypjrojava.net\/index.php?rest_route=\/wp\/v2\/posts\/15586\/revisions\/15588"}],"wp:featuredmedia":[{"embeddable":true,"href":"https:\/\/ypjrojava.net\/index.php?rest_route=\/wp\/v2\/media\/15587"}],"wp:attachment":[{"href":"https:\/\/ypjrojava.net\/index.php?rest_route=%2Fwp%2Fv2%2Fmedia&parent=15586"}],"wp:term":[{"taxonomy":"category","embeddable":true,"href":"https:\/\/ypjrojava.net\/index.php?rest_route=%2Fwp%2Fv2%2Fcategories&post=15586"},{"taxonomy":"post_tag","embeddable":true,"href":"https:\/\/ypjrojava.net\/index.php?rest_route=%2Fwp%2Fv2%2Ftags&post=15586"}],"curies":[{"name":"wp","href":"https:\/\/api.w.org\/{rel}","templated":true}]}}