{"id":15611,"date":"2022-12-07T14:46:26","date_gmt":"2022-12-07T14:46:26","guid":{"rendered":"https:\/\/ypjrojava.net\/?p=15611"},"modified":"2022-12-07T14:46:26","modified_gmt":"2022-12-07T14:46:26","slug":"di-van-keliyan-de-dewleta-tirk-a-dagirker-gunde-cesan-u-qeremox-ye-rojhilate-kobane-bi-ceken-giran-top-baran-dike","status":"publish","type":"post","link":"https:\/\/ypjrojava.net\/?p=15611","title":{"rendered":"Di van k\u00ealiyan de dewleta Tirk a dagirker g\u00fbnde C\u00ea\u015fan \u00fb Qeremox y\u00ea Rojhilat\u00ea Koban\u00ea bi \u00e7ek\u00ean giran top baran dike."},"content":{"rendered":"<blockquote class=\"twitter-tweet\" data-width=\"550\" data-dnt=\"true\">\n<p lang=\"tr\" dir=\"ltr\">Di van k\u00ealiyan de dewleta Tirk a dagirker g\u00fbnde C\u00ea\u015fan \u00fb Qeremox y\u00ea Rojhilat\u00ea Koban\u00ea bi \u00e7ek\u00ean giran top baran dike. <a href=\"https:\/\/twitter.com\/hashtag\/YPJ?src=hash&amp;ref_src=twsrc%5Etfw\">#YPJ<\/a> <a href=\"https:\/\/t.co\/KkaVY2bIBA\">pic.twitter.com\/KkaVY2bIBA<\/a><\/p>\n<p>&mdash; YPJ ROJAVA (@YPJDefense) <a href=\"https:\/\/twitter.com\/YPJDefense\/status\/1597589939797266433?ref_src=twsrc%5Etfw\">November 29, 2022<\/a><\/p><\/blockquote>\n<p><script async src=\"https:\/\/platform.twitter.com\/widgets.js\" charset=\"utf-8\"><\/script><\/p>\n","protected":false},"excerpt":{"rendered":"<p>Di van k\u00ealiyan de dewleta Tirk a dagirker g\u00fbnde C\u00ea\u015fan \u00fb Qeremox y\u00ea Rojhilat\u00ea Koban\u00ea bi \u00e7ek\u00ean giran top baran dike. #YPJ pic.twitter.com\/KkaVY2bIBA &mdash; YPJ ROJAVA (@YPJDefense) November 29, 2022<\/p>\n","protected":false},"author":1,"featured_media":15612,"comment_status":"open","ping_status":"closed","sticky":false,"template":"","format":"standard","meta":{"footnotes":""},"categories":[41],"tags":[],"class_list":{"0":"post-15611","1":"post","2":"type-post","3":"status-publish","4":"format-standard","5":"has-post-thumbnail","7":"category-dimen"},"_links":{"self":[{"href":"https:\/\/ypjrojava.net\/index.php?rest_route=\/wp\/v2\/posts\/15611","targetHints":{"allow":["GET"]}}],"collection":[{"href":"https:\/\/ypjrojava.net\/index.php?rest_route=\/wp\/v2\/posts"}],"about":[{"href":"https:\/\/ypjrojava.net\/index.php?rest_route=\/wp\/v2\/types\/post"}],"author":[{"embeddable":true,"href":"https:\/\/ypjrojava.net\/index.php?rest_route=\/wp\/v2\/users\/1"}],"replies":[{"embeddable":true,"href":"https:\/\/ypjrojava.net\/index.php?rest_route=%2Fwp%2Fv2%2Fcomments&post=15611"}],"version-history":[{"count":1,"href":"https:\/\/ypjrojava.net\/index.php?rest_route=\/wp\/v2\/posts\/15611\/revisions"}],"predecessor-version":[{"id":15613,"href":"https:\/\/ypjrojava.net\/index.php?rest_route=\/wp\/v2\/posts\/15611\/revisions\/15613"}],"wp:featuredmedia":[{"embeddable":true,"href":"https:\/\/ypjrojava.net\/index.php?rest_route=\/wp\/v2\/media\/15612"}],"wp:attachment":[{"href":"https:\/\/ypjrojava.net\/index.php?rest_route=%2Fwp%2Fv2%2Fmedia&parent=15611"}],"wp:term":[{"taxonomy":"category","embeddable":true,"href":"https:\/\/ypjrojava.net\/index.php?rest_route=%2Fwp%2Fv2%2Fcategories&post=15611"},{"taxonomy":"post_tag","embeddable":true,"href":"https:\/\/ypjrojava.net\/index.php?rest_route=%2Fwp%2Fv2%2Ftags&post=15611"}],"curies":[{"name":"wp","href":"https:\/\/api.w.org\/{rel}","templated":true}]}}