{"id":15656,"date":"2023-01-07T07:48:15","date_gmt":"2023-01-07T07:48:15","guid":{"rendered":"https:\/\/ypjrojava.net\/?p=15656"},"modified":"2023-01-07T07:48:15","modified_gmt":"2023-01-07T07:48:15","slug":"hevre-hela-serekaniye-sozdara-azadiya-gele-xwe-bu","status":"publish","type":"post","link":"https:\/\/ypjrojava.net\/?p=15656","title":{"rendered":"Hevr\u00ea Hela Ser\u00eakaniy\u00ea sozdara azadiya gel\u00ea xwe b\u00fb."},"content":{"rendered":"<p><strong>Ji \u00c7apemen\u00ee \u00fb Raya Gi\u015ft\u00ee Re<\/strong><\/p>\n<p>Em di ser\u00ee de ji malbata hevr\u00eaya xwe Eb\u00eer Fayiz bi nasnav Hela Ser\u00eakaniy\u00ea \u00fb ji tevah\u00ee gel\u00ea xwe y\u00ea welatpar\u00eaz re sersaxiy\u00ea dixwazin. Hevr\u00ea Hela weke jineke ciwan a Ereb ji nav\u00e7eya Ser\u00eakaniy\u00ea a ku her roj di bin topbarana dewleta Tirk daye, be\u015fdar\u00ee nava ref\u00ean azadiy\u00ea dibe. Hevr\u00ea Hela bi rih\u00ea yek\u00eetiya gelan ya ku azadiya civakan m\u00eesoger dike, bi peywir\u00ean xwe y\u00ea dem\u00ea radibe \u00fb dibe sozdara azadiya gel\u00ea xwe.<\/p>\n<p>Hevr\u00ea Hela di demeke k\u00fbrt de f\u00ear\u00ee \u00a0jiyana \u015foreger\u00ee dibe \u00fb bi sekna xwe ye m\u00eel\u00eetan ve di nava hevr\u00eay\u00ean xwe de dibe xwed\u00ee cihek\u00ee diyar. \u00a0\u015eore\u015fa ku li ser axa Rojava destp\u00eakir, di kesayet\u00ean weke hevr\u00ea Hela de berpirsiyartiy\u00ean jiyana netewe demokrat\u00eek\u00a0 careke din \u015f\u00eanber dike. Hem\u00fb taybetmendiy\u00ean mil\u00eetantiya jin di \u015fexs\u00ea Hevr\u00ea Hela t\u00ea\u015fe girtib\u00fb. Di demeke k\u00fbrt de hem di war\u00ea birdoz\u00ee \u00fb hem j\u00ee di war\u00ea le\u015fker\u00ee de p\u00ea\u015fketin\u00ean berbi\u00e7av \u00e7\u00eakir. Bi j\u00eer b\u00fbna xwe ye di war\u00ea le\u015fker\u00ee de hertim di eniy\u00ean p\u00ea\u015f de cih\u00ea xwe girt. Weke jineke ciwan a Ereb j\u00ee di birdoziya rizgariya azadiya jin\u00ea de xwed\u00ee sekneke x\u00fbrt b\u00fb. Germah\u00ee \u00fb kelacana ciwaniya xwe di her k\u00ealiya jiyan\u00ea de ditey\u00eesand. Di nava jiyan\u00ea de bi rih\u00ea berpirsyartiya jin a ku dibe jiyan \u00fb azadiy\u00ea t\u00eene, n\u00eaz\u00ee erk\u00ean \u015fore\u015f\u00ea dib\u00fb. Li hember\u00ee zor \u00fb zehmetiy\u00ean hey\u00ee xwed\u00ee \u00e7areseriy\u00ean afr\u00eener b\u00fb. \u00a0Di hem\u00fb erk\u00ean xwe de sozdariya xwe ye mezin \u00a0a ji bo parastina gel\u00ea xwe n\u00ee\u015fan dida . Bi v\u00ea rih\u00ea berz \u00fb p\u00eeroz li hember\u00ee \u00ear\u00ee\u015f\u00ean dagirkeriya dewleta Tirk sondxwariya parastina welat,ax \u00fb gel\u00ea xwe b\u00fb \u00fb bi v\u00ea armanc\u00ea j\u00ee di eniyan de cih\u00ea xwe digirt.<\/p>\n<p>Hevr\u00ea Hela dema ku li ser erka xwe b\u00fb, di d\u00eeroka 1\u2019\u00ea \u00c7illeya 2023\u2019an de g\u00eah\u00ee\u015ft asta \u015fahadet\u00ea. Hevr\u00ea Hela Ser\u00eakaniy\u00ea bi sekna xwe ye werek \u00fb bi kesayata xwe ye p\u00ea\u015feng \u00a0ve r\u00eaya me ron\u00ee kir. Em j\u00ee weke hevr\u00eay\u00ean \u015eeh\u00eed Hela, \u015fopdar\u00ea v\u00ea b\u00eer \u00fb baweriya \u015feh\u00eed\u00ean doza azadiy\u00ea ne ku em\u00ea tu caran tola \u015feh\u00eed\u00ean xwe li erd\u00ea neh\u00ealin.<\/p>\n<p>P\u00eakan\u00eena her xeyal\u00eak\u00ee heval\u00ean \u015feh\u00eed, \u00eedd\u00eea \u00fb biryardariya me ye jiyana azad x\u00fbrt dike. W\u00ea doza me bi sozdariya ji \u015feh\u00eedan re big\u00eah\u00eaje serkeftine.<\/p>\n<p>Nasnameya Hevr\u00ea ya me ye \u015feh\u00eed wiha ye:<\/p>\n<p><strong>Nasnav<\/strong>: Hela Ser\u00eakaniy\u00ea<\/p>\n<p><strong>Nav \u00fb Pa\u015fnav: <\/strong>Eb\u00eer Fayiz<\/p>\n<p><strong>Nav\u00ea day\u00eek:<\/strong> \u015eemsa<\/p>\n<p><strong>Nav\u00ea bav:<\/strong> Fayiz<\/p>\n<p><strong>Cih\u00ea ji Day\u00eekb\u00fbn\u00ea<\/strong>: Zirgan<\/p>\n<p><strong>Cih \u00fb D\u00eeroka \u015fehadete<\/strong>: 01.01.2023\/ Her\u00eama Firat\u00ea<\/p>\n<p>&nbsp;<\/p>\n<p><strong>Fermandariya Gi\u015ft\u00ee a YPJ\u2019\u00ea <\/strong><\/p>\n<p><strong>05.01.2023\u00a0\u00a0\u00a0\u00a0\u00a0\u00a0\u00a0\u00a0\u00a0\u00a0\u00a0\u00a0\u00a0\u00a0\u00a0\u00a0\u00a0\u00a0\u00a0\u00a0\u00a0\u00a0\u00a0\u00a0\u00a0\u00a0\u00a0\u00a0\u00a0\u00a0 <\/strong><\/p>\n","protected":false},"excerpt":{"rendered":"<p>Ji \u00c7apemen\u00ee \u00fb Raya Gi\u015ft\u00ee Re Em di ser\u00ee de ji malbata hevr\u00eaya xwe Eb\u00eer Fayiz bi nasnav Hela Ser\u00eakaniy\u00ea \u00fb ji tevah\u00ee gel\u00ea xwe y\u00ea welatpar\u00eaz re sersaxiy\u00ea dixwazin. Hevr\u00ea Hela weke jineke ciwan a Ereb ji nav\u00e7eya Ser\u00eakaniy\u00ea a ku her roj di bin topbarana dewleta Tirk daye, be\u015fdar\u00ee nava ref\u00ean azadiy\u00ea dibe. [&hellip;]<\/p>\n","protected":false},"author":1,"featured_media":15440,"comment_status":"open","ping_status":"closed","sticky":false,"template":"","format":"standard","meta":{"footnotes":""},"categories":[39],"tags":[],"class_list":{"0":"post-15656","1":"post","2":"type-post","3":"status-publish","4":"format-standard","5":"has-post-thumbnail","7":"category-daxuyani"},"_links":{"self":[{"href":"https:\/\/ypjrojava.net\/index.php?rest_route=\/wp\/v2\/posts\/15656","targetHints":{"allow":["GET"]}}],"collection":[{"href":"https:\/\/ypjrojava.net\/index.php?rest_route=\/wp\/v2\/posts"}],"about":[{"href":"https:\/\/ypjrojava.net\/index.php?rest_route=\/wp\/v2\/types\/post"}],"author":[{"embeddable":true,"href":"https:\/\/ypjrojava.net\/index.php?rest_route=\/wp\/v2\/users\/1"}],"replies":[{"embeddable":true,"href":"https:\/\/ypjrojava.net\/index.php?rest_route=%2Fwp%2Fv2%2Fcomments&post=15656"}],"version-history":[{"count":1,"href":"https:\/\/ypjrojava.net\/index.php?rest_route=\/wp\/v2\/posts\/15656\/revisions"}],"predecessor-version":[{"id":15658,"href":"https:\/\/ypjrojava.net\/index.php?rest_route=\/wp\/v2\/posts\/15656\/revisions\/15658"}],"wp:featuredmedia":[{"embeddable":true,"href":"https:\/\/ypjrojava.net\/index.php?rest_route=\/wp\/v2\/media\/15440"}],"wp:attachment":[{"href":"https:\/\/ypjrojava.net\/index.php?rest_route=%2Fwp%2Fv2%2Fmedia&parent=15656"}],"wp:term":[{"taxonomy":"category","embeddable":true,"href":"https:\/\/ypjrojava.net\/index.php?rest_route=%2Fwp%2Fv2%2Fcategories&post=15656"},{"taxonomy":"post_tag","embeddable":true,"href":"https:\/\/ypjrojava.net\/index.php?rest_route=%2Fwp%2Fv2%2Ftags&post=15656"}],"curies":[{"name":"wp","href":"https:\/\/api.w.org\/{rel}","templated":true}]}}