{"id":15864,"date":"2023-03-07T09:48:10","date_gmt":"2023-03-07T09:48:10","guid":{"rendered":"https:\/\/ypjrojava.net\/?p=15864"},"modified":"2023-03-07T09:48:10","modified_gmt":"2023-03-07T09:48:10","slug":"we-bi-pesengtiya-jinen-kurd-azadiya-jin-bi-gerduni-bibe","status":"publish","type":"post","link":"https:\/\/ypjrojava.net\/?p=15864","title":{"rendered":"W\u00ea Bi P\u00ea\u015fengtiya Jin\u00ean Kurd Azadiya Jin Bi Gerd\u00fbn\u00ee Bibe"},"content":{"rendered":"<p>Em weke Yek\u00eeney\u00ean Parastina Jin di 10 saliya xwe de careke din 8\u2019\u00ea Adar\u00ea Roja Jin\u00ean Kedkar \u00ean C\u00eehan\u00ea p\u00ea\u015fwaz\u00ee dikin. Em her tim xwed\u00ee \u00eed\u00eea b\u00fbn ku, em bibin h\u00eaza par\u00eazvan a maf\u00ea jin \u00fb azadiya jin. \u00a0Bi boneya 8\u2019\u00ea Adar\u00ea careke din em sozdariya xwe n\u00fb dikin, em \u00ea di erk\u00ean dem\u00ea de berpirsyartiya xwe weke par\u00eazvan\u00ean jin \u00fb avaker\u00ean jiyana azad bi cih b\u00eenin. \u00db em \u00ea bibin misogeriya ku hem\u00fb nirx\u00ean bi xw\u00eena \u015feh\u00eedan hat\u00eeye ava kirin. Di ser\u00ee de em hem\u00fb jin\u00ean ku jiyana xwe ji bo doza azadiy\u00ea, ji bo azadiya jin\u00ea can\u00ea xwe bex\u015fandin bi b\u00eer t\u00eenin. Em \u00ea \u015fopdar\u00ea r\u00eaya wan bin.<\/p>\n<p>Erdheja ku li Bakur\u00ea Kurdistan\u00ea, S\u00fbr\u00ee \u00fb Tirkiy\u00ea de \u00e7\u00eab\u00fb \u00ea\u015f\u00ean mezin dan jiyandin. \u00ca\u015fa her\u00ee mezin j\u00ee day\u00eek, jin \u00fb zarok ki\u015fandin. \u00cesal p\u00ea\u015fwaz\u00eekirina 8\u2019\u00ea Adar\u00ea bi \u00ea\u015f\u00ean mezin p\u00eak hatin. Li pi\u015ft xwe bi hezaran qurban\u00ee, bir\u00eendar \u00fb s\u00eaw\u00ee hi\u015ftin. Careke din a\u015fkere b\u00fb ku, pol\u00eet\u00eekay\u00ean s\u00eesteman \u00ean ku ten\u00ea berjewendiy\u00ean xwe esas digirin b\u00fbn sedema ewqas mirov \u00ea\u015f\u00ean mezin jiyan bikin. Roj\u00ean p\u00eeroz \u00ean gelan, roj\u00ean p\u00eeroz \u00ean jinan kirin roj\u00ean tar\u00ee, \u00ea\u015f \u00fb hesret. Ev j\u00ee \u00eefade dike ku s\u00eestem ti car\u00ee nikarin par\u00eazvaniya gelan bikin. Eger gel j\u00ee rexistinb\u00fby\u00eena \u00a0xwe ya parastin\u00ea ji hem\u00fb aliyan ve nede avakirin w\u00ea her tim di bin enqaza van s\u00eesteman de bim\u00eenin. Bi taybet em di sedsaleke wiha de ne ku ji hem\u00fb salan z\u00eadetir mudaxeleyek jin\u00ea dixwaze. Ji ber ku di sedsaleke di nav xwe de \u015fer\u00ean mezin, w\u00earan\u00ean mezin hildigire. Ev hem\u00fb bi s\u00eestema zilam-dewlet t\u00ea \u00e7\u00eakirin. \u00can ku bikaribin bibin h\u00eaz\u00ean mudaxeley\u00ea j\u00ee w\u00ea jin bi xwe be.<\/p>\n<p>Di roja me ya \u00eero de j\u00ee jin g\u00eeha\u015fte astek\u00ea bilind ku bi v\u00ea h\u00eaz\u00ea dikare erk \u00fb berpirsyartiy\u00ea bigire, rol \u00fb m\u00eesyona dikeve li ser mil\u00ea w\u00ea bi awayek\u00ee serkeft\u00ee p\u00eak b\u00eene. Bi taybet\u00ee j\u00ee \u015fore\u015fa jin a c\u00eehan\u00ee bi yek deng\u00ee, bi yek helwest\u00ee bi diru\u015fma \u201cJin Jiyan Azad\u00ee\u201d ev rast\u00ee diyar kir. Herikbariya ku t\u00eade \u00e7\u00eab\u00fb \u00fb berdewam dike baweriyek mezin da avakirin\u00ea ku, jin dikare bibe h\u00eaza mudaxeley\u00ea. Ji bo w\u00ea j\u00ee di roja 8\u2019\u00ea Adar\u00ea de w\u00ea roja bilindkirina deng\u00ea ku dib\u00eaje, \u2018ji bo afirandina jiyanake n\u00fb, ji bo afirandina aramiya gel, ji bo parastina r\u00fbmeta mirov, bi taybet j\u00ee weke jin em misogertiya w\u00ea bikin. Em weke Yek\u00eeney\u00ean Parastina Jin em \u00ea roja 8\u2019\u00ea Adar\u00ea bi \u00ea\u015f\u00ean qurbaniyan re jiyan bikin \u00fb helwest\u00ean me w\u00ea ji bo wan ev be ku, em par\u00eazvan\u00ean edaleta civak\u00ea, siyaseta demokrat\u00eek, doza azadiy\u00ea ne. Em \u00ea xwed\u00ee li nirx\u00ean civak\u00ea derkevin. Weke YPJ\u2019\u00ea bi bilindkirina diru\u015fmeya \u201cJin Jiyan Azad\u00ee\u201d\u00a0 t\u00eako\u015f\u00eena me li ser van r\u00eagezan bi jiyan\u00ee bibe. W\u00ea t\u00eako\u015f\u00eena me \u00eefadeya soza me be.<\/p>\n<p>D\u00eesa em hem\u00fb jin\u00ean ku \u00eero bi t\u00eako\u015f\u00eeneke ji \u00eeradeya pola \u00fb berxwedaniyeke b\u00ea hempa ku li \u00c7iyay\u00ea Kurdistan\u00ea bi awayek \u015f\u00eanber dime\u015f\u00eenin; sekna wan a li hember\u00ee hem\u00fb \u00ear\u00ee\u015f\u00ean hovane y\u00ean k\u00eemyev\u00ee ku ji aliy\u00ea h\u00eaz\u00ean fa\u015f\u00eest \u00fb dagirker a dewleta Tirk ve t\u00ea kirin, em sekna ger\u00eelay\u00ean YJA Star \u00fb ger\u00eelay\u00ean Azadiy\u00ea silav dikin \u00fb em ji bo xwe weke xeta berxwedan\u00ee \u00fb sekna bi r\u00fbmet m\u00eenak digirin. Em v\u00ea sekn\u00ea di dil \u00fb m\u00eajiy\u00ea xwe de jiyan dikin. Berxwedan\u00ee \u00fb t\u00eako\u015f\u00eena ger\u00eelay\u00ean YJA Star\u00ea ji bo hem\u00fb jin\u00ean t\u00eako\u015fer \u00fb li ber xwe didin b\u00fbye m\u00eenakeke b\u00ea hempa \u00fb \u00eelhameke mezin. Em bi rih\u00ea t\u00eako\u015f\u00eena ger\u00eelay\u00ean YJA Star \u00fb jin\u00ean Rojhilat\u00ea Kurdistan\u00ea roja 8\u2019\u00ea Adar\u00ea p\u00eeroz dikin. W\u00ea bi p\u00ea\u015fengtiya jin\u00ean Kurd azadiya jin bi gerd\u00fbn\u00ee bibe. Careke din em ji hem\u00fb jinan re soz didin ku, em \u00ea xwed\u00ee li erk\u00ean xwe y\u00ean d\u00eerok\u00ee derbikevin \u00fb bi v\u00ea b\u00eer \u00fb baweriy\u00ea asta t\u00eako\u015f\u00eena xwe bilind bikin. Bi diru\u015fmeya \u201cJin Jiyan Azad\u00ee Ber Bi \u015eore\u015fa Jin\u00ea Ve\u201d xwed\u00ee li m\u00eesyona xwe derbikevin \u00fb \u015fore\u015fa jin m\u00eesoger bikin. Em roja 8\u2019\u00ea Adar\u00ea li hem\u00fb jinan bi bilindkirina t\u00eako\u015f\u00een \u00fb berxwedan\u00ea p\u00eeroz dikin.<\/p>\n<p><strong>Fermandariya\u00a0 Gi\u015ft\u00ee a YPJ\u2019\u00ea <\/strong><\/p>\n<p><strong>07-03-2023<\/strong><\/p>\n","protected":false},"excerpt":{"rendered":"<p>Em weke Yek\u00eeney\u00ean Parastina Jin di 10 saliya xwe de careke din 8\u2019\u00ea Adar\u00ea Roja Jin\u00ean Kedkar \u00ean C\u00eehan\u00ea p\u00ea\u015fwaz\u00ee dikin. Em her tim xwed\u00ee \u00eed\u00eea b\u00fbn ku, em bibin h\u00eaza par\u00eazvan a maf\u00ea jin \u00fb azadiya jin. \u00a0Bi boneya 8\u2019\u00ea Adar\u00ea careke din em sozdariya xwe n\u00fb dikin, em \u00ea di erk\u00ean dem\u00ea de [&hellip;]<\/p>\n","protected":false},"author":1,"featured_media":15865,"comment_status":"open","ping_status":"closed","sticky":false,"template":"","format":"standard","meta":{"footnotes":""},"categories":[39],"tags":[],"class_list":{"0":"post-15864","1":"post","2":"type-post","3":"status-publish","4":"format-standard","5":"has-post-thumbnail","7":"category-daxuyani"},"_links":{"self":[{"href":"https:\/\/ypjrojava.net\/index.php?rest_route=\/wp\/v2\/posts\/15864","targetHints":{"allow":["GET"]}}],"collection":[{"href":"https:\/\/ypjrojava.net\/index.php?rest_route=\/wp\/v2\/posts"}],"about":[{"href":"https:\/\/ypjrojava.net\/index.php?rest_route=\/wp\/v2\/types\/post"}],"author":[{"embeddable":true,"href":"https:\/\/ypjrojava.net\/index.php?rest_route=\/wp\/v2\/users\/1"}],"replies":[{"embeddable":true,"href":"https:\/\/ypjrojava.net\/index.php?rest_route=%2Fwp%2Fv2%2Fcomments&post=15864"}],"version-history":[{"count":1,"href":"https:\/\/ypjrojava.net\/index.php?rest_route=\/wp\/v2\/posts\/15864\/revisions"}],"predecessor-version":[{"id":15866,"href":"https:\/\/ypjrojava.net\/index.php?rest_route=\/wp\/v2\/posts\/15864\/revisions\/15866"}],"wp:featuredmedia":[{"embeddable":true,"href":"https:\/\/ypjrojava.net\/index.php?rest_route=\/wp\/v2\/media\/15865"}],"wp:attachment":[{"href":"https:\/\/ypjrojava.net\/index.php?rest_route=%2Fwp%2Fv2%2Fmedia&parent=15864"}],"wp:term":[{"taxonomy":"category","embeddable":true,"href":"https:\/\/ypjrojava.net\/index.php?rest_route=%2Fwp%2Fv2%2Fcategories&post=15864"},{"taxonomy":"post_tag","embeddable":true,"href":"https:\/\/ypjrojava.net\/index.php?rest_route=%2Fwp%2Fv2%2Ftags&post=15864"}],"curies":[{"name":"wp","href":"https:\/\/api.w.org\/{rel}","templated":true}]}}