{"id":15871,"date":"2023-03-18T06:57:20","date_gmt":"2023-03-18T06:57:20","guid":{"rendered":"https:\/\/ypjrojava.net\/?p=15871"},"modified":"2023-03-18T06:57:20","modified_gmt":"2023-03-18T06:57:20","slug":"eme-her-keliya-jiyane-bi-sozdariya-ji-doza-sehidan-re-bijin","status":"publish","type":"post","link":"https:\/\/ypjrojava.net\/?p=15871","title":{"rendered":"Em\u00ea Her K\u00ealiya Jiyan\u00ea Bi Sozdariya Ji Doza \u015eeh\u00eedan Re Bij\u00een"},"content":{"rendered":"<p><strong>Em\u00ea Her K\u00ealiya Jiyan\u00ea Bi Sozdariya Ji Doza \u015eeh\u00eedan Re Bij\u00een<\/strong><\/p>\n<p>Ji bo parastina tevah\u00ee nirx\u00ean azadiya gelan me gelek berd\u00eal\u00ean giranbiha dan. Her yek ji heval\u00ean me y\u00ean \u015feh\u00eed di oxira\u00a0 azadiya gelan de can\u00ea kirine berd\u00eal \u00fb her k\u00ealiya jiyana xwe j\u00ee bi \u00eedeala jiyaneke wekhev \u00fb azad jiyan kirin \u00fb di r\u00eaka v\u00ea armanc\u00ea de j\u00ee teko\u015f\u00eeneke b\u00eaeman dane me\u015fandin.<\/p>\n<p>\u015eeva 15\u2019\u00ea Adar\u00ea dema ku heval\u00ean me\u00a0 ji bo erkek\u00ee taybet ber\u00ea xwe dan bajar\u00ea Sil\u00eamaniy\u00ea a Ba\u015f\u00fbr\u00ea Kurdistan\u00ea, ji ber \u015fert \u00fb merc\u00ean heway\u00ee di encama qezaya hel\u00eekopter\u00ea de 9 hevrey\u00ean\u00a0 me g\u00eahi\u015ftin asta \u015fehadet \u00ea. Hevr\u00eay\u00ean me \u015eervan Koban\u00ea,D\u00eedar D\u00earik,Rojeng Rifat,Fera\u015f\u00een Baran,Xebat Dirb\u00easiy\u00ea,Doxan Efr\u00een,Harun Rojava, Hogir D\u00earik \u00fb Ko\u00e7er D\u00earik li hember\u00ee hov\u00eetiya DAI\u015e\u2019\u00ea teko\u015f\u00eeneke b\u00ea eman dane me\u015fandin. Her h\u00eanaseya ku girtin bi fedakariyeke mezin kirin bin xizmeta serxweb\u00fbna gel\u00ea xwe. Her yek ji hevr\u00eay\u00ean me y\u00ean \u015feh\u00eed ji zarok\u00ean v\u00ea ax\u00ea b\u00fbn ku kesayet\u00ea xwe di nava \u015fore\u015f\u00ea de ava kirin \u00fb bi tecr\u00fbbey\u00ean ku di nava \u015fore\u015f\u00ea de bi destxistin b\u00fbn xwed\u00ee sekn\u00ean werek.<\/p>\n<p>Hevr\u00eaya me D\u00eedar bi rihek\u00ee feday\u00ee \u00fb bi sekna xwe ye dilnizim hem\u00fb erk\u00ean xwe y\u00ea \u015fore\u015fger\u00ee bi avayek\u00ee serkeft\u00ee p\u00eakan\u00ee. Hevr\u00ea D\u00eedar\u00a0 dema ku DAI\u015e\u2019\u00ea \u00ear\u00ee\u015f\u00ee Koban\u00ea kir ji bo gel\u00ea ji qirkirin\u00ea bipar\u00eaze be\u015fdar\u00ee nava ref\u00ean azadiy\u00ea b\u00fb. Ji berxwedaniya d\u00eerok\u00ee a Koban\u00ea heta Baxoz di hem\u00fb p\u00eangav\u00ean li hember\u00ee\u00a0 DAI\u015e\u2019\u00ea hate me\u015fandin de,\u00a0 bi rihek\u00ee fedakar \u00fb bi sekna jin ya p\u00ea\u015feng cih\u00ea xwe girt. Heval D\u00eedar ji bo her bih\u00fbsteke axa welat \u00a0ji dagirkeriy\u00ea xilas bike, xwed\u00ee \u00eeddayeke mezin b\u00fb. R\u00fbxm\u00ee hevalek\u00ee br\u00eendar j\u00ee b\u00fb l\u00ea tu car xwe ji eniy\u00ean \u015fer q\u00fbt ne kir. Bi \u00eed\u00eedayek\u00ee mezin di profesyoneltiya \u015fer\u00ea li hember\u00ee dagirkeriy\u00ea de l\u00eah\u00fbrb\u00fbneke k\u00fbr kir \u00fb bi v\u00ea biryardariy\u00ea j\u00ee cih\u00ea xwe di nava Yek\u00eeney\u00ean Ant\u00ee Teror de girt.<\/p>\n<p>Hevr\u00eaya me Rojeng \u00fb Fera\u015f\u00een j\u00ee di temenek\u00ee ciwan de ber\u00ea xwe dan nava ref\u00ean azadiy\u00ea. Hevr\u00ea Rojeng weke jineke ciwan li hember\u00ee dagirkeriya li ser Efr\u00een\u00ea, ber\u00ea xwe da nava ref\u00ean azadiy\u00ea. Di demeke pir k\u00fbrt de hem di war\u00ea le\u015fker\u00ee hem j\u00ee di war\u00ea birdoz\u00ee de xwe p\u00ea\u015fxist \u00fb cih\u00ea xwe di nava Yek\u00eeney\u00ean Ant\u00ee Teror\u00ea de girt. Bi kesayeta xwe ya p\u00ea\u015feng ve ji bo parastina nirx\u00ean azadiy\u00ea weke \u00a0sembola rih\u00ea jin\u00ean ciwan heta k\u00ealiya xwe ye daw\u00ee j\u00ee b\u00fb xwed\u00ee kedeke mezin. Hevre ya me Fera\u015f\u00een Baran j\u00ee di nava malbateke welatpar\u00eaz a D\u00earik\u00ea de mezin dibe \u00fb dil\u00ea w\u00ea herdem ji bo ev\u00eena l\u00ea dide \u00fb bi v\u00ea armanc\u00ea j\u00ee her k\u00ealiya jiyana xwe dixe bin xizmeta parastina destkeftiy\u00ean \u015fore\u015f \u00ea. Di nava Yek\u00eeney\u00ean Ant\u00ee Teror\u00ea de j\u00ee bi sekna xwe ye bi p\u00eevan di profesyoneltiya \u015fer\u00ea azadiy\u00ea de dibe xwed\u00ee l\u00eah\u00fbrb\u00fbneke k\u00fbr.<\/p>\n<p>Em weke Yek\u00eeney\u00ean Parastina Jin ji malbat\u00ean hevr\u00eay\u00ean xwe y\u00ean \u015feh\u00eed \u00fb ji tevah\u00ee gel\u00ea xwe ye welatpar\u00eaz re sersaxiy\u00ea dixwazin \u00fb em soza mezin kirina teko\u015f\u00eena xwe n\u00fb dikin. Em\u00ea her k\u00ealiya ku h\u00eanaseya dik\u015f\u00eenin da bibin \u015fopdar\u00ea doza hevrey\u00ean xwe y\u00ean \u015feh\u00eed.<\/p>\n<p><strong>Nasnameya Hevr\u00ea Me Wiha ne: <\/strong><\/p>\n<p><strong><img loading=\"lazy\" decoding=\"async\" class=\"size-medium wp-image-15872 alignleft\" src=\"https:\/\/ypjrojava.net\/wp-content\/uploads\/2023\/03\/didar-derik-224x300.png\" alt=\"\" width=\"224\" height=\"300\" srcset=\"https:\/\/ypjrojava.net\/wp-content\/uploads\/2023\/03\/didar-derik-224x300.png 224w, https:\/\/ypjrojava.net\/wp-content\/uploads\/2023\/03\/didar-derik-766x1024.png 766w, https:\/\/ypjrojava.net\/wp-content\/uploads\/2023\/03\/didar-derik-768x1027.png 768w, https:\/\/ypjrojava.net\/wp-content\/uploads\/2023\/03\/didar-derik-1149x1536.png 1149w, https:\/\/ypjrojava.net\/wp-content\/uploads\/2023\/03\/didar-derik-1532x2048.png 1532w, https:\/\/ypjrojava.net\/wp-content\/uploads\/2023\/03\/didar-derik.png 2048w\" sizes=\"auto, (max-width: 224px) 100vw, 224px\" \/>Nasnav:<\/strong> D\u00eedar D\u00earik<\/p>\n<p><strong>Cih \u00fb D\u00eeroka Tevl\u00eeb\u00fbn\u00ea: <\/strong>Efr\u00een &#8211; 2014<\/p>\n<p><strong>Cih \u00fb D\u00eeroka \u015eahadet\u00ea:<\/strong> Ba\u015f\u00fbr\u00ea Kurdistan\u00ea &#8211; 15.03.2023<\/p>\n<p>&nbsp;<\/p>\n<p>&nbsp;<\/p>\n<p>&nbsp;<\/p>\n<p>&nbsp;<\/p>\n<p><strong><img loading=\"lazy\" decoding=\"async\" class=\"size-medium wp-image-15873 alignleft\" src=\"https:\/\/ypjrojava.net\/wp-content\/uploads\/2023\/03\/rojeng-rifet-224x300.png\" alt=\"\" width=\"224\" height=\"300\" srcset=\"https:\/\/ypjrojava.net\/wp-content\/uploads\/2023\/03\/rojeng-rifet-224x300.png 224w, https:\/\/ypjrojava.net\/wp-content\/uploads\/2023\/03\/rojeng-rifet-766x1024.png 766w, https:\/\/ypjrojava.net\/wp-content\/uploads\/2023\/03\/rojeng-rifet-768x1027.png 768w, https:\/\/ypjrojava.net\/wp-content\/uploads\/2023\/03\/rojeng-rifet-1149x1536.png 1149w, https:\/\/ypjrojava.net\/wp-content\/uploads\/2023\/03\/rojeng-rifet-1532x2048.png 1532w, https:\/\/ypjrojava.net\/wp-content\/uploads\/2023\/03\/rojeng-rifet.png 2048w\" sizes=\"auto, (max-width: 224px) 100vw, 224px\" \/>Nasnav:<\/strong> Rojeng Rifat<\/p>\n<p><strong>Nav \u00fb Pa\u015fnav: <\/strong>Perv\u00een B\u00eelal Rifat<\/p>\n<p><strong>Cih \u00fb D\u00eeroka Tevl\u00eeb\u00fbn\u00ea: <\/strong>\u015eehba-2020<\/p>\n<p><strong>Cih \u00fb D\u00eeroka \u015eahadet\u00ea: <\/strong>Ba\u015f\u00fbr\u00ea Kurdistan\u00ea &#8211; 15.03.2023<\/p>\n<p><strong>\u00a0<\/strong><\/p>\n<p>&nbsp;<\/p>\n<p>&nbsp;<\/p>\n<p><strong><img loading=\"lazy\" decoding=\"async\" class=\"size-medium wp-image-15874 alignleft\" src=\"https:\/\/ypjrojava.net\/wp-content\/uploads\/2023\/03\/ferasin-baran-224x300.png\" alt=\"\" width=\"224\" height=\"300\" srcset=\"https:\/\/ypjrojava.net\/wp-content\/uploads\/2023\/03\/ferasin-baran-224x300.png 224w, https:\/\/ypjrojava.net\/wp-content\/uploads\/2023\/03\/ferasin-baran-766x1024.png 766w, https:\/\/ypjrojava.net\/wp-content\/uploads\/2023\/03\/ferasin-baran-768x1027.png 768w, https:\/\/ypjrojava.net\/wp-content\/uploads\/2023\/03\/ferasin-baran-1149x1536.png 1149w, https:\/\/ypjrojava.net\/wp-content\/uploads\/2023\/03\/ferasin-baran-1532x2048.png 1532w, https:\/\/ypjrojava.net\/wp-content\/uploads\/2023\/03\/ferasin-baran.png 2048w\" sizes=\"auto, (max-width: 224px) 100vw, 224px\" \/>Nasnav:<\/strong> Fera\u015f\u00een Baran<\/p>\n<p><strong>Nav \u00fb Pa\u015fnav: <\/strong>Nejb\u00eer Mehmud Hemdo<\/p>\n<p><strong>Cih \u00fb D\u00eeroka Tevl\u00eeb\u00fbn\u00ea: <\/strong>D\u00earik &#8211; 2015<\/p>\n<p><strong>Cih \u00fb D\u00eeroka \u015eahadet\u00ea: <\/strong>Ba\u015f\u00fbr\u00ea Kurdistan\u00ea &#8211; 15.03.2023<\/p>\n<p>&nbsp;<\/p>\n<p>&nbsp;<\/p>\n<p>&nbsp;<\/p>\n<p><strong>Fermandariya Gi\u015ft\u00ee a YPJ\u2019\u00ea<\/strong><\/p>\n<p><strong>18.03.2023 <\/strong><\/p>\n","protected":false},"excerpt":{"rendered":"<p>Em\u00ea Her K\u00ealiya Jiyan\u00ea Bi Sozdariya Ji Doza \u015eeh\u00eedan Re Bij\u00een Ji bo parastina tevah\u00ee nirx\u00ean azadiya gelan me gelek berd\u00eal\u00ean giranbiha dan. Her yek ji heval\u00ean me y\u00ean \u015feh\u00eed di oxira\u00a0 azadiya gelan de can\u00ea kirine berd\u00eal \u00fb her k\u00ealiya jiyana xwe j\u00ee bi \u00eedeala jiyaneke wekhev \u00fb azad jiyan kirin \u00fb di r\u00eaka [&hellip;]<\/p>\n","protected":false},"author":1,"featured_media":15440,"comment_status":"open","ping_status":"closed","sticky":false,"template":"","format":"standard","meta":{"footnotes":""},"categories":[39],"tags":[],"class_list":{"0":"post-15871","1":"post","2":"type-post","3":"status-publish","4":"format-standard","5":"has-post-thumbnail","7":"category-daxuyani"},"_links":{"self":[{"href":"https:\/\/ypjrojava.net\/index.php?rest_route=\/wp\/v2\/posts\/15871","targetHints":{"allow":["GET"]}}],"collection":[{"href":"https:\/\/ypjrojava.net\/index.php?rest_route=\/wp\/v2\/posts"}],"about":[{"href":"https:\/\/ypjrojava.net\/index.php?rest_route=\/wp\/v2\/types\/post"}],"author":[{"embeddable":true,"href":"https:\/\/ypjrojava.net\/index.php?rest_route=\/wp\/v2\/users\/1"}],"replies":[{"embeddable":true,"href":"https:\/\/ypjrojava.net\/index.php?rest_route=%2Fwp%2Fv2%2Fcomments&post=15871"}],"version-history":[{"count":1,"href":"https:\/\/ypjrojava.net\/index.php?rest_route=\/wp\/v2\/posts\/15871\/revisions"}],"predecessor-version":[{"id":15875,"href":"https:\/\/ypjrojava.net\/index.php?rest_route=\/wp\/v2\/posts\/15871\/revisions\/15875"}],"wp:featuredmedia":[{"embeddable":true,"href":"https:\/\/ypjrojava.net\/index.php?rest_route=\/wp\/v2\/media\/15440"}],"wp:attachment":[{"href":"https:\/\/ypjrojava.net\/index.php?rest_route=%2Fwp%2Fv2%2Fmedia&parent=15871"}],"wp:term":[{"taxonomy":"category","embeddable":true,"href":"https:\/\/ypjrojava.net\/index.php?rest_route=%2Fwp%2Fv2%2Fcategories&post=15871"},{"taxonomy":"post_tag","embeddable":true,"href":"https:\/\/ypjrojava.net\/index.php?rest_route=%2Fwp%2Fv2%2Ftags&post=15871"}],"curies":[{"name":"wp","href":"https:\/\/api.w.org\/{rel}","templated":true}]}}